{"id":10287,"date":"2014-11-25T20:23:15","date_gmt":"2014-11-25T18:23:15","guid":{"rendered":"http:\/\/neantvert.eu\/minorin\/?p=10287"},"modified":"2014-11-26T00:32:14","modified_gmt":"2014-11-25T22:32:14","slug":"unlimited-blade-works-04-prisma-illya","status":"publish","type":"post","link":"https:\/\/neantvert.eu\/minorin\/?p=10287","title":{"rendered":"Unlimited Blade Works 04 &#8211; PRISMA ILLYA"},"content":{"rendered":"<div id=\"attachment_10341\" style=\"width: 610px\" class=\"wp-caption aligncenter\"><a href=\"http:\/\/neantvert.eu\/minorin\/wp-content\/uploads\/2014\/11\/032.jpg\"><img loading=\"lazy\" decoding=\"async\" aria-describedby=\"caption-attachment-10341\" src=\"http:\/\/neantvert.eu\/minorin\/wp-content\/uploads\/2014\/11\/032-600x450.jpg\" title=\"Ce CG n&#039;a rien \u00e0 voir avec l&#039;\u00e9pisode mais les \u00e9pisodes sont combats sont pas faciles \u00e0 illustrer. Y&#039;a presque que des CG d&#039;actions dans le VN\" width=\"600\" height=\"450\" class=\"size-medium wp-image-10341\" srcset=\"https:\/\/neantvert.eu\/minorin\/wp-content\/uploads\/2014\/11\/032-600x450.jpg 600w, https:\/\/neantvert.eu\/minorin\/wp-content\/uploads\/2014\/11\/032.jpg 640w\" sizes=\"(max-width: 600px) 100vw, 600px\" \/><\/a><p id=\"caption-attachment-10341\" class=\"wp-caption-text\">Gao~<\/p><\/div>\n[avatar user=\u00a0\u00bbYoka\u00a0\u00bb size=\u00a0\u00bboriginal\u00a0\u00bb align=\u00a0\u00bbleft\u00a0\u00bb]Illya nue dans son bain, je suis scandalis\u00e9, pourquoi il y a des gens nus dans mon anime ! Pardon, c&rsquo;\u00e9tait un Eroge \u00e0 la base ? D\u00e9tail.<\/p>\n<p><em><strong>Fate\/stay night [Unlimited Blade Works]<\/strong><\/em> \/\/ Studio : ufotable \/\/ D\u00e9but\u00e9 en automne 2014 \/\/ Pr\u00e9vu en 24 \u00e9pisodes (2*12 \u00e9pisodes) \/\/ R\u00e9alisateur : Takahiro MIURA \/\/ Simulcast fran\u00e7ais : <a href=\"http:\/\/www.wakanim.tv\/library\/animes-TI4J\/2M\/fatestay-night-unlimited-blade-works\/ShowEpisodes\">Wakanim<\/a> \/\/ Cr\u00e9dits complets \u00e0 la fin<br \/>\n\u00c9pisodes pr\u00e9c\u00e9dents : <a href=\"http:\/\/neantvert.eu\/minorin\/?p=9950\">00<\/a> \/\/ <a href=\"http:\/\/neantvert.eu\/minorin\/?p=10168\">01<\/a> \/\/ <a href=\"http:\/\/neantvert.eu\/minorin\/?p=10218\">02<\/a> \/\/ <a href=\"http:\/\/neantvert.eu\/minorin\/?p=10249\">03<\/a><\/p>\n<p><!--more--><\/p>\n<div id=\"attachment_10344\" style=\"width: 610px\" class=\"wp-caption aligncenter\"><a href=\"http:\/\/neantvert.eu\/minorin\/wp-content\/uploads\/2014\/11\/UBW04011.jpg\"><img loading=\"lazy\" decoding=\"async\" aria-describedby=\"caption-attachment-10344\" src=\"http:\/\/neantvert.eu\/minorin\/wp-content\/uploads\/2014\/11\/UBW04011-600x335.jpg\" title=\"Avec deux tailles de Boobs, hum\" width=\"600\" height=\"335\" class=\"size-medium wp-image-10344\" srcset=\"https:\/\/neantvert.eu\/minorin\/wp-content\/uploads\/2014\/11\/UBW04011-600x335.jpg 600w, https:\/\/neantvert.eu\/minorin\/wp-content\/uploads\/2014\/11\/UBW04011-1024x573.jpg 1024w, https:\/\/neantvert.eu\/minorin\/wp-content\/uploads\/2014\/11\/UBW04011.jpg 1918w\" sizes=\"(max-width: 600px) 100vw, 600px\" \/><\/a><p id=\"caption-attachment-10344\" class=\"wp-caption-text\">Les deux Maids<\/p><\/div>\nHey Sella et Liz, \u00e7a va ?<br \/>\nJ\u2019esp\u00e8re que vous avez mat\u00e9 PRISMA ILLYA parce que sinon, vous n\u2019avez aucune id\u00e9e de qui ces deux personnages sont cens\u00e9s \u00eatre. Fin, pour l\u2019importance qu\u2019elles ont dans Fate\/stay night\u2026<br \/>\nPour les gens curieux, ce sont toutes les deux des homoncules cr\u00e9\u00e9s par Acht, l\u2019actuel chef de la famille EINZBERN pour aider Illya. Elles sont tr\u00e8s jeunes puisqu\u2019elles ont \u00e9t\u00e9 cr\u00e9\u00e9s il y a deux ans et ont une dur\u00e9e de vie tr\u00e8s courte puisqu\u2019elles sont cens\u00e9es mourir apr\u00e8s la Guerre. Liz, celle avec les Boobs, a deux r\u00f4les, celui de garde du corps en utilisant une hache gigantesque gr\u00e2ce \u00e0 sa force physique hors du commun et celui de se transformer en Robe C\u00e9leste lorsqu\u2019il sera temps pour Illya de remplir son r\u00f4le. Sella, celle qui est plate, a \u00e9t\u00e9 con\u00e7u pour permettre \u00e0 Illya de porter la Robe C\u00e9leste.<\/p>\n<div id=\"attachment_10290\" style=\"width: 610px\" class=\"wp-caption aligncenter\"><a href=\"http:\/\/neantvert.eu\/minorin\/wp-content\/uploads\/2014\/11\/UBW0402.jpg\"><img loading=\"lazy\" decoding=\"async\" aria-describedby=\"caption-attachment-10290\" src=\"http:\/\/neantvert.eu\/minorin\/wp-content\/uploads\/2014\/11\/UBW0402-600x338.jpg\" title=\"L&#039;illu est magnifique, j&#039;aimerais savoir qui a \u00e9t\u00e9 en charge de ce cut\" width=\"600\" height=\"338\" class=\"size-medium wp-image-10290\" srcset=\"https:\/\/neantvert.eu\/minorin\/wp-content\/uploads\/2014\/11\/UBW0402-600x338.jpg 600w, https:\/\/neantvert.eu\/minorin\/wp-content\/uploads\/2014\/11\/UBW0402-1024x577.jpg 1024w, https:\/\/neantvert.eu\/minorin\/wp-content\/uploads\/2014\/11\/UBW0402.jpg 1093w\" sizes=\"(max-width: 600px) 100vw, 600px\" \/><\/a><p id=\"caption-attachment-10290\" class=\"wp-caption-text\">Naked Illya<\/p><\/div>\nMoi qui basait sur la quantit\u00e9 de v\u00eatements d\u2019Illya pour faire la diff\u00e9rence entre <em>Fate\/stay night<\/em> et <em>PRISMA ILLYA<\/em>, je suis cens\u00e9 faire comment maintenant ?<\/p>\n<div id=\"attachment_10291\" style=\"width: 610px\" class=\"wp-caption aligncenter\"><a href=\"http:\/\/neantvert.eu\/minorin\/wp-content\/uploads\/2014\/11\/UBW0403.jpg\"><img loading=\"lazy\" decoding=\"async\" aria-describedby=\"caption-attachment-10291\" src=\"http:\/\/neantvert.eu\/minorin\/wp-content\/uploads\/2014\/11\/UBW0403-600x336.jpg\" title=\"PLEEEEIIIIN DE LAMES\" width=\"600\" height=\"336\" class=\"size-medium wp-image-10291\" srcset=\"https:\/\/neantvert.eu\/minorin\/wp-content\/uploads\/2014\/11\/UBW0403-600x336.jpg 600w, https:\/\/neantvert.eu\/minorin\/wp-content\/uploads\/2014\/11\/UBW0403-1024x574.jpg 1024w, https:\/\/neantvert.eu\/minorin\/wp-content\/uploads\/2014\/11\/UBW0403.jpg 1092w\" sizes=\"(max-width: 600px) 100vw, 600px\" \/><\/a><p id=\"caption-attachment-10291\" class=\"wp-caption-text\">Plein de lames<\/p><\/div>\nAh, la colline aux \u00e9p\u00e9es<br \/>\n[spoil UBW] <span style=\"color: #ffffff\">C\u2019est bien fait dans le VN parce que durant une bonne partie de Fate (la premi\u00e8re route), Shirou a r\u00eav\u00e9 de la colline de Camlann, l\u00e0 o\u00f9 Saber a du combattre son fils Mordred. Pendant une bonne partie d\u2019UBW, on va avoir un r\u00eave d\u2019une colline, elle aussi remplie d\u2019arme, mais NASU va prendre son temps pour montrer que c\u2019est en fait Rin qui voit la vie d\u2019Archer et c\u2019est une mani\u00e8re intelligente d\u2019exploiter le syst\u00e8me des routes.<\/span><\/p>\n<div id=\"attachment_10292\" style=\"width: 610px\" class=\"wp-caption aligncenter\"><a href=\"http:\/\/neantvert.eu\/minorin\/wp-content\/uploads\/2014\/11\/UBW0404.jpg\"><img loading=\"lazy\" decoding=\"async\" aria-describedby=\"caption-attachment-10292\" src=\"http:\/\/neantvert.eu\/minorin\/wp-content\/uploads\/2014\/11\/UBW0404-600x336.jpg\" title=\"Au contraire de Rin qui dort dans un lit parce qu&#039;elle vit dans un manoir occidentale\" width=\"600\" height=\"336\" class=\"size-medium wp-image-10292\" srcset=\"https:\/\/neantvert.eu\/minorin\/wp-content\/uploads\/2014\/11\/UBW0404-600x336.jpg 600w, https:\/\/neantvert.eu\/minorin\/wp-content\/uploads\/2014\/11\/UBW0404-1024x574.jpg 1024w, https:\/\/neantvert.eu\/minorin\/wp-content\/uploads\/2014\/11\/UBW0404.jpg 1090w\" sizes=\"(max-width: 600px) 100vw, 600px\" \/><\/a><p id=\"caption-attachment-10292\" class=\"wp-caption-text\">Les futons au Japon<\/p><\/div>\nRin qui a pass\u00e9 la nuit aux c\u00f4t\u00e9s de Shirou, huhuhu<br \/>\n[spoil UBW] <span style=\"color: #ffffff\">C\u2019est \u00e0 cause d\u2019elle qui Shirou a vu le premier r\u00eave de la colline aux \u00e9p\u00e9es d\u2019Archer et bien \u00e9videmment, NASU s\u2019est gard\u00e9 de montrer qui r\u00eavait par la suite.<\/span><\/p>\n<div id=\"attachment_10293\" style=\"width: 610px\" class=\"wp-caption aligncenter\"><a href=\"http:\/\/neantvert.eu\/minorin\/wp-content\/uploads\/2014\/11\/UBW0405.jpg\"><img loading=\"lazy\" decoding=\"async\" aria-describedby=\"caption-attachment-10293\" src=\"http:\/\/neantvert.eu\/minorin\/wp-content\/uploads\/2014\/11\/UBW0405-600x333.jpg\" title=\"J&#039;ai de bonnes id\u00e9es pour les l\u00e9gendes moi parfois\" width=\"600\" height=\"333\" class=\"size-medium wp-image-10293\" srcset=\"https:\/\/neantvert.eu\/minorin\/wp-content\/uploads\/2014\/11\/UBW0405-600x333.jpg 600w, https:\/\/neantvert.eu\/minorin\/wp-content\/uploads\/2014\/11\/UBW0405-1024x569.jpg 1024w, https:\/\/neantvert.eu\/minorin\/wp-content\/uploads\/2014\/11\/UBW0405.jpg 1091w\" sizes=\"(max-width: 600px) 100vw, 600px\" \/><\/a><p id=\"caption-attachment-10293\" class=\"wp-caption-text\">Tsun Rin~<\/p><\/div>\nS\u00e9rieusement, parmi tous les trucs improbables, Rin qui tue Shirou, c\u2019est le truc le plus improbable de l\u2019improbabilit\u00e9<br \/>\n[spoil Fate\/stay night de manii\u00e8re globale] <span style=\"color: #ffffff\">Dans le VN, chaque h\u00e9ro\u00efne \u00e0 une jauge d\u2019appr\u00e9ciation envers le h\u00e9ros. C\u2019est invisible pour le lecteur mais elle existe dans la mani\u00e8re dont est con\u00e7u le VN et chaque action peut faire monter ou descendre la jauge. Dans Fate ou Heaven\u2019s Feel, si Shirou fait trop de merde et que la jauge est trop basse, il peut se faire tuer par, respectivement, Saber ou Sakura. Dans UBW, quoi qu\u2019il arrive, quoi qu\u2019il advienne, quel que soit les choix que peut faire le joueur (Shirou), la jauge de Rin ne pourra jamais descendre suffisamment. Rin est, d\u00e8s le d\u00e9but du VN, follement amoureuse de Shirou, est bien consciente de tous ses d\u00e9fauts et est incapable de ne pas l\u2019aimer, quel que soit ses choix. D\u2019ici \u00e0 dire que c\u2019est la main girl de Fate\/stay night, il n\u2019y a qu\u2019un pas~<\/span><\/p>\n<div id=\"attachment_10294\" style=\"width: 610px\" class=\"wp-caption aligncenter\"><a href=\"http:\/\/neantvert.eu\/minorin\/wp-content\/uploads\/2014\/11\/UBW0406.jpg\"><img loading=\"lazy\" decoding=\"async\" aria-describedby=\"caption-attachment-10294\" src=\"http:\/\/neantvert.eu\/minorin\/wp-content\/uploads\/2014\/11\/UBW0406-600x335.jpg\" title=\"Tu es dr\u00f4le, je suis dr\u00f4le, nous sommes dr\u00f4les, vous \u00eates dr\u00f4les, la dr\u00f4lerie\" width=\"600\" height=\"335\" class=\"size-medium wp-image-10294\" srcset=\"https:\/\/neantvert.eu\/minorin\/wp-content\/uploads\/2014\/11\/UBW0406-600x335.jpg 600w, https:\/\/neantvert.eu\/minorin\/wp-content\/uploads\/2014\/11\/UBW0406-1024x571.jpg 1024w, https:\/\/neantvert.eu\/minorin\/wp-content\/uploads\/2014\/11\/UBW0406.jpg 1094w\" sizes=\"(max-width: 600px) 100vw, 600px\" \/><\/a><p id=\"caption-attachment-10294\" class=\"wp-caption-text\">Une pulsion meurtri\u00e8re<\/p><\/div>\nJ\u2019\u00e9cris \u00e7a puis juste apr\u00e8s, Rin a envie de tuer Shirou. Merci anim\u00e9 de me donner raison.<\/p>\n<div id=\"attachment_10295\" style=\"width: 610px\" class=\"wp-caption aligncenter\"><a href=\"http:\/\/neantvert.eu\/minorin\/wp-content\/uploads\/2014\/11\/UBW0407.jpg\"><img loading=\"lazy\" decoding=\"async\" aria-describedby=\"caption-attachment-10295\" src=\"http:\/\/neantvert.eu\/minorin\/wp-content\/uploads\/2014\/11\/UBW0407-600x336.jpg\" title=\"Imaginez, ils censurent le sang comme dans Terra Formars. Et j&#039;ai vu le 1er et le 8e \u00e9pisode de la s\u00e9rie en version uncensored, je sais de quoi je parle !\" width=\"600\" height=\"336\" class=\"size-medium wp-image-10295\" srcset=\"https:\/\/neantvert.eu\/minorin\/wp-content\/uploads\/2014\/11\/UBW0407-600x336.jpg 600w, https:\/\/neantvert.eu\/minorin\/wp-content\/uploads\/2014\/11\/UBW0407-1024x574.jpg 1024w, https:\/\/neantvert.eu\/minorin\/wp-content\/uploads\/2014\/11\/UBW0407.jpg 1093w\" sizes=\"(max-width: 600px) 100vw, 600px\" \/><\/a><p id=\"caption-attachment-10295\" class=\"wp-caption-text\">Pas de censure !<\/p><\/div>\nIl poss\u00e8de compl\u00e8tement de quoi se soigner lui-m\u00eame mais pas du tout ce \u00e0 quoi pense Saber.<br \/>\n[spoil Fate] <span style=\"color: #ffffff\">Merci Avalon<\/span><\/p>\n<div id=\"attachment_10296\" style=\"width: 610px\" class=\"wp-caption aligncenter\"><a href=\"http:\/\/neantvert.eu\/minorin\/wp-content\/uploads\/2014\/11\/UBW0408.jpg\"><img loading=\"lazy\" decoding=\"async\" aria-describedby=\"caption-attachment-10296\" src=\"http:\/\/neantvert.eu\/minorin\/wp-content\/uploads\/2014\/11\/UBW0408-600x335.jpg\" title=\"C&#039;est souvent offert dans les restos de sushi et les deux se marient tr\u00e8s bien ensemble\" width=\"600\" height=\"335\" class=\"size-medium wp-image-10296\" srcset=\"https:\/\/neantvert.eu\/minorin\/wp-content\/uploads\/2014\/11\/UBW0408-600x335.jpg 600w, https:\/\/neantvert.eu\/minorin\/wp-content\/uploads\/2014\/11\/UBW0408-1024x573.jpg 1024w, https:\/\/neantvert.eu\/minorin\/wp-content\/uploads\/2014\/11\/UBW0408.jpg 1093w\" sizes=\"(max-width: 600px) 100vw, 600px\" \/><\/a><p id=\"caption-attachment-10296\" class=\"wp-caption-text\">Du th\u00e9 vert<\/p><\/div>\nLe fandom s\u2019est longtemps interrog\u00e9 sur la possibilit\u00e9 d\u2019un Esprit H\u00e9ro\u00efque venant du futur et a fini par conclure que c\u2019\u00e9tait, dans l\u2019\u00e9tat actuel des choses, pratiquement impossible. Pour qu\u2019un humain devienne un Esprit H\u00e9ro\u00efque, il faut que son r\u00e9cit soit racont\u00e9 par-del\u00e0 le temps et l\u2019espace mais surtout qu\u2019il est quelque chose cristallisant sa vie et d\u2019absolument unique, ce qui donnera son Noble Phantasme. Or, \u00e0 l\u2019heure actuelle, dans nos g\u00e9n\u00e9rations avec la technologie omnipr\u00e9sente, il n\u2019y a rien qui puisse \u00eatre consid\u00e9r\u00e9 comme unique. La technologie et l\u2019armement actuels peuvent \u00eatre ma\u00eetris\u00e9s par virtuellement n\u2019importe qui pour peu qu\u2019il ait du temps (et de l\u2019argent). Il n\u2019y a plus comme c\u2019\u00e9tait le cas \u00e0 une \u00e9poque des ma\u00eetres absolus dans une certaine cat\u00e9gorie.<br \/>\n[spoil UBW] <span style=\"color: #ffffff\">Avant que vous veniez me dire \u00ab Oui mais Archer \u00bb, je parle d\u2019Esprit H\u00e9ro\u00efque. Archer est un Counter Gardiant, c&rsquo;est-\u00e0-dire qu\u2019il a pass\u00e9 un contrat pour obtenir plus de pouvoir de son vivant en \u00e9change d\u2019une servitude apr\u00e8s sa mort.<\/span><\/p>\n<div id=\"attachment_10297\" style=\"width: 610px\" class=\"wp-caption aligncenter\"><a href=\"http:\/\/neantvert.eu\/minorin\/wp-content\/uploads\/2014\/11\/UBW0409.jpg\"><img loading=\"lazy\" decoding=\"async\" aria-describedby=\"caption-attachment-10297\" src=\"http:\/\/neantvert.eu\/minorin\/wp-content\/uploads\/2014\/11\/UBW0409-600x335.jpg\" title=\"On voit m\u00eame Shik... Ayako !\" width=\"600\" height=\"335\" class=\"size-medium wp-image-10297\" srcset=\"https:\/\/neantvert.eu\/minorin\/wp-content\/uploads\/2014\/11\/UBW0409-600x335.jpg 600w, https:\/\/neantvert.eu\/minorin\/wp-content\/uploads\/2014\/11\/UBW0409-1024x572.jpg 1024w, https:\/\/neantvert.eu\/minorin\/wp-content\/uploads\/2014\/11\/UBW0409.jpg 1092w\" sizes=\"(max-width: 600px) 100vw, 600px\" \/><\/a><p id=\"caption-attachment-10297\" class=\"wp-caption-text\">Yay~<\/p><\/div>\nJ\u2019ai toujours regrett\u00e9 qu\u2019on ne voit pas plus Sakura dans sa tenue d\u2019arch\u00e8re donc yup, je suis content.<\/p>\n<div id=\"attachment_10298\" style=\"width: 610px\" class=\"wp-caption aligncenter\"><a href=\"http:\/\/neantvert.eu\/minorin\/wp-content\/uploads\/2014\/11\/UBW0410.jpg\"><img loading=\"lazy\" decoding=\"async\" aria-describedby=\"caption-attachment-10298\" src=\"http:\/\/neantvert.eu\/minorin\/wp-content\/uploads\/2014\/11\/UBW0410-600x337.jpg\" title=\"Dans le VN, on les voit jamais en veste\/manteau (sauf Rin) alors que l&#039;histoire se passe d\u00e9but f\u00e9vrier. Ils ont jamais froid ou quoi ?\" width=\"600\" height=\"337\" class=\"size-medium wp-image-10298\" srcset=\"https:\/\/neantvert.eu\/minorin\/wp-content\/uploads\/2014\/11\/UBW0410-600x337.jpg 600w, https:\/\/neantvert.eu\/minorin\/wp-content\/uploads\/2014\/11\/UBW0410-1024x575.jpg 1024w, https:\/\/neantvert.eu\/minorin\/wp-content\/uploads\/2014\/11\/UBW0410.jpg 1092w\" sizes=\"(max-width: 600px) 100vw, 600px\" \/><\/a><p id=\"caption-attachment-10298\" class=\"wp-caption-text\">\u00c9tonnant que Rin ait des habits blancs<\/p><\/div>\nHey cool, des nouveaux v\u00eatements ! M\u00eame si c\u2019est juste des manteaux sur leurs habits, c\u2019est toujours \u00e7a de pris.<\/p>\n<div id=\"attachment_10299\" style=\"width: 610px\" class=\"wp-caption aligncenter\"><a href=\"http:\/\/neantvert.eu\/minorin\/wp-content\/uploads\/2014\/11\/UBW0411.jpg\"><img loading=\"lazy\" decoding=\"async\" aria-describedby=\"caption-attachment-10299\" src=\"http:\/\/neantvert.eu\/minorin\/wp-content\/uploads\/2014\/11\/UBW0411-600x336.jpg\" title=\"J&#039;aimerais bien. &quot;Sakura tue Saber, mort tragique dans le manoir EMIYA !&quot;\" width=\"600\" height=\"336\" class=\"size-medium wp-image-10299\" srcset=\"https:\/\/neantvert.eu\/minorin\/wp-content\/uploads\/2014\/11\/UBW0411-600x336.jpg 600w, https:\/\/neantvert.eu\/minorin\/wp-content\/uploads\/2014\/11\/UBW0411-1024x574.jpg 1024w, https:\/\/neantvert.eu\/minorin\/wp-content\/uploads\/2014\/11\/UBW0411.jpg 1090w\" sizes=\"(max-width: 600px) 100vw, 600px\" \/><\/a><p id=\"caption-attachment-10299\" class=\"wp-caption-text\">It&rsquo;s Yandere taimu<\/p><\/div>\nCe regard en mode \u00ab Senpai avec une autre fille ? \u00bb<br \/>\n[spoil Heaven\u2019s Feel] <span style=\"color: #ffffff\">M\u00eame si elle a du imm\u00e9diatement comprendre que c\u2019\u00e9tait un Servant et elle est plus choqu\u00e9e par le fait que senpai soit devenu un Master. Ce qu&rsquo;en fait, elle savait d\u00e9j\u00e0. Donc elle est choqu\u00e9e que son servant soit une fille de son \u00e2ge ?<\/span><\/p>\n<div id=\"attachment_10300\" style=\"width: 610px\" class=\"wp-caption aligncenter\"><a href=\"http:\/\/neantvert.eu\/minorin\/wp-content\/uploads\/2014\/11\/UBW0412.jpg\"><img loading=\"lazy\" decoding=\"async\" aria-describedby=\"caption-attachment-10300\" src=\"http:\/\/neantvert.eu\/minorin\/wp-content\/uploads\/2014\/11\/UBW0412-600x336.jpg\" title=\"C&#039;\u00e9tait pas comme \u00e7a de mon temps, hmpf\" width=\"600\" height=\"336\" class=\"size-medium wp-image-10300\" srcset=\"https:\/\/neantvert.eu\/minorin\/wp-content\/uploads\/2014\/11\/UBW0412-600x336.jpg 600w, https:\/\/neantvert.eu\/minorin\/wp-content\/uploads\/2014\/11\/UBW0412-1024x575.jpg 1024w, https:\/\/neantvert.eu\/minorin\/wp-content\/uploads\/2014\/11\/UBW0412.jpg 1097w\" sizes=\"(max-width: 600px) 100vw, 600px\" \/><\/a><p id=\"caption-attachment-10300\" class=\"wp-caption-text\">Ces jeunes, aucune \u00e9ducation<\/p><\/div>\nScandale, elle rentre dans le lyc\u00e9e avec ses bottes ! On voit bien qu\u2019elle a \u00e9t\u00e9 \u00e9duqu\u00e9e en Europe (y\u2019a plusieurs si\u00e8cles de cela).<\/p>\n<div id=\"attachment_10301\" style=\"width: 610px\" class=\"wp-caption aligncenter\"><a href=\"http:\/\/neantvert.eu\/minorin\/wp-content\/uploads\/2014\/11\/UBW0413.jpg\"><img loading=\"lazy\" decoding=\"async\" aria-describedby=\"caption-attachment-10301\" src=\"http:\/\/neantvert.eu\/minorin\/wp-content\/uploads\/2014\/11\/UBW0413-600x333.jpg\" title=\"Qui est en fait assez jeune ? Il a surement pas plus de 35 ans\" width=\"600\" height=\"333\" class=\"size-medium wp-image-10301\" srcset=\"https:\/\/neantvert.eu\/minorin\/wp-content\/uploads\/2014\/11\/UBW0413-600x333.jpg 600w, https:\/\/neantvert.eu\/minorin\/wp-content\/uploads\/2014\/11\/UBW0413-1024x569.jpg 1024w, https:\/\/neantvert.eu\/minorin\/wp-content\/uploads\/2014\/11\/UBW0413.jpg 1096w\" sizes=\"(max-width: 600px) 100vw, 600px\" \/><\/a><p id=\"caption-attachment-10301\" class=\"wp-caption-text\">Ce bon vieux KUZUKI<\/p><\/div>\nJe suis \u00e0 peu pr\u00e8s certain qu\u2019on le voit pour la premi\u00e8re fois maintenant. Souichirou KUZUKI, professeur d\u2019histoire au lyc\u00e9e. C\u2019est un professeur strict mais qui est \u00e9norm\u00e9ment populaire, aussi bien aupr\u00e8s de ses \u00e9l\u00e8ves que des autres professeurs. C\u2019est le professeur principal de Rin.<br \/>\n[spoil Nasuverse en g\u00e9n\u00e9ral] <span style=\"color: #ffffff\">Il vient d\u2019une \u00e9cole d\u2019assassins un peu particuli\u00e8re puisque les assassins qui en sortent n\u2019ont qu\u2019un seul et unique assassinat \u00e0 faire durant l\u2019ensemble de leur vie. Orphelin, il a \u00e9t\u00e9 envoy\u00e9 l\u00e0-bas d\u00e8s son plus jeune \u00e2ge et il y a \u00e9t\u00e9 \u00e9lev\u00e9 dans le seul but de le transformer en machine \u00e0 tuer, ce qui l\u2019a priv\u00e9 de tous ses sentiments. Il est sorti quelques ann\u00e9es avant le d\u00e9but de Fate\/stay night pour tuer sa cible et il esp\u00e9rait de tout son c\u0153ur enfin ressentir quelque chose lorsqu\u2019il tuerait un humain. Malheureusement, ce ne fut pas le cas. Au lieu de se suicider apr\u00e8s sa mission comme on lui avait appris, il arriva au temple Ryuudou puis d\u00e9cida de rester professeur, la couverture que son \u00e9cole lui avait fourni. Il ressentit une \u00e9motion pour la premi\u00e8re fois de sa vie lorsque Caster arriva au temple et elle a donc plus de valeur pour lui que n\u2019importe quoi sur cette plan\u00e8te, y compris sa propre vie.<\/span><br \/>\n[spoil Mahoyo] <span style=\"color: #ffffff\">Soujyuro vient de la m\u00eame \u00e9cole d\u2019assassin que KUZUKI mais il l\u2019a quitt\u00e9 sans m\u00eame avoir du effectuer le moindre assassinat.<\/span><\/p>\n<div id=\"attachment_10302\" style=\"width: 610px\" class=\"wp-caption aligncenter\"><a href=\"http:\/\/neantvert.eu\/minorin\/wp-content\/uploads\/2014\/11\/UBW0414.jpg\"><img loading=\"lazy\" decoding=\"async\" aria-describedby=\"caption-attachment-10302\" src=\"http:\/\/neantvert.eu\/minorin\/wp-content\/uploads\/2014\/11\/UBW0414-600x336.jpg\" title=\"Kinzo lui au moins avait des d\u00e9sirs. Ils ont mal tourn\u00e9 mais h\u00e9, on peut pas tout avoir\" width=\"600\" height=\"336\" class=\"size-medium wp-image-10302\" srcset=\"https:\/\/neantvert.eu\/minorin\/wp-content\/uploads\/2014\/11\/UBW0414-600x336.jpg 600w, https:\/\/neantvert.eu\/minorin\/wp-content\/uploads\/2014\/11\/UBW0414-1024x573.jpg 1024w, https:\/\/neantvert.eu\/minorin\/wp-content\/uploads\/2014\/11\/UBW0414.jpg 1096w\" sizes=\"(max-width: 600px) 100vw, 600px\" \/><\/a><p id=\"caption-attachment-10302\" class=\"wp-caption-text\">OH DESIRE<\/p><\/div>\nShirou est quelqu\u2019un d\u2019absolument \u00e9trange qui est d\u2019une vacuit\u00e9 incroyable. Les MC d\u2019Eroge ont souvent tendance \u00e0 \u00eatre creux pour qu\u2019il soit facile de s&rsquo;identifier \u00e0 eux mais NASU a pouss\u00e9 le concept \u00e0 son maximum. Shirou, en dehors de son id\u00e9al de H\u00e9ros, est absolument et compl\u00e8tement vide. Il vit pour sauver les autres et son \u00e9volution tout au long des 3 routes est l\u2019un de points centraux de Fate\/stay night.<\/p>\n<div id=\"attachment_10303\" style=\"width: 610px\" class=\"wp-caption aligncenter\"><a href=\"http:\/\/neantvert.eu\/minorin\/wp-content\/uploads\/2014\/11\/UBW0415.jpg\"><img loading=\"lazy\" decoding=\"async\" aria-describedby=\"caption-attachment-10303\" src=\"http:\/\/neantvert.eu\/minorin\/wp-content\/uploads\/2014\/11\/UBW0415-600x338.jpg\" title=\"Y&#039;a plein de plans vraiment jolis dans UBW. On sent qu&#039;ufotable a le temps de travailler sur les \u00e9pisodes\" width=\"600\" height=\"338\" class=\"size-medium wp-image-10303\" srcset=\"https:\/\/neantvert.eu\/minorin\/wp-content\/uploads\/2014\/11\/UBW0415-600x338.jpg 600w, https:\/\/neantvert.eu\/minorin\/wp-content\/uploads\/2014\/11\/UBW0415-1024x577.jpg 1024w, https:\/\/neantvert.eu\/minorin\/wp-content\/uploads\/2014\/11\/UBW0415.jpg 1084w\" sizes=\"(max-width: 600px) 100vw, 600px\" \/><\/a><p id=\"caption-attachment-10303\" class=\"wp-caption-text\">Nice~<\/p><\/div>\nAyako fait partie avec Rider, et Himuro dans une moindre mesure, des trois personnages qui ont vu leur popularit\u00e9 exploser apr\u00e8s Fate\/stay night sans que TYPE-MOON ne le pr\u00e9dise et elles ont donc eu un certain nombre de sc\u00e8nes dans hollow ataraxia. Logiquement, TYPE-MOON n\u2019a pas g\u00e2ch\u00e9 l\u2019opportunit\u00e9 de leur donner plus de temps \u00e0 l\u2019\u00e9cran dans l\u2019anime d\u2019UBW pour faire plaisir aux fans.<\/p>\n<div id=\"attachment_10304\" style=\"width: 610px\" class=\"wp-caption aligncenter\"><a href=\"http:\/\/neantvert.eu\/minorin\/wp-content\/uploads\/2014\/11\/UBW0416.jpg\"><img loading=\"lazy\" decoding=\"async\" aria-describedby=\"caption-attachment-10304\" src=\"http:\/\/neantvert.eu\/minorin\/wp-content\/uploads\/2014\/11\/UBW0416-600x335.jpg\" title=\"M\u00eame si \u00e7a va, il meurt qu&#039;une 40aine de fois en comptant les bad end \" width=\"600\" height=\"335\" class=\"size-medium wp-image-10304\" srcset=\"https:\/\/neantvert.eu\/minorin\/wp-content\/uploads\/2014\/11\/UBW0416-600x335.jpg 600w, https:\/\/neantvert.eu\/minorin\/wp-content\/uploads\/2014\/11\/UBW0416-1024x572.jpg 1024w, https:\/\/neantvert.eu\/minorin\/wp-content\/uploads\/2014\/11\/UBW0416.jpg 1092w\" sizes=\"(max-width: 600px) 100vw, 600px\" \/><\/a><p id=\"caption-attachment-10304\" class=\"wp-caption-text\">Dur la vie de MC de Harem<\/p><\/div>\nShirou, compl\u00e8tement inconscient, annonce \u00e7a tranquille p\u00e9p\u00e8re.<\/p>\n<div id=\"attachment_10305\" style=\"width: 610px\" class=\"wp-caption aligncenter\"><a href=\"http:\/\/neantvert.eu\/minorin\/wp-content\/uploads\/2014\/11\/UBW0417.jpg\"><img loading=\"lazy\" decoding=\"async\" aria-describedby=\"caption-attachment-10305\" src=\"http:\/\/neantvert.eu\/minorin\/wp-content\/uploads\/2014\/11\/UBW0417-600x340.jpg\" title=\"Senpai, tu ne veux plus de moi ?\" width=\"600\" height=\"340\" class=\"size-medium wp-image-10305\" srcset=\"https:\/\/neantvert.eu\/minorin\/wp-content\/uploads\/2014\/11\/UBW0417-600x340.jpg 600w, https:\/\/neantvert.eu\/minorin\/wp-content\/uploads\/2014\/11\/UBW0417-1024x580.jpg 1024w, https:\/\/neantvert.eu\/minorin\/wp-content\/uploads\/2014\/11\/UBW0417.jpg 1088w\" sizes=\"(max-width: 600px) 100vw, 600px\" \/><\/a><p id=\"caption-attachment-10305\" class=\"wp-caption-text\">H\u00e9\u00e9\u00e9 \u00e8_\u00e9<\/p><\/div>\nSakura est pas contente. Taiga non plus.<\/p>\n<div id=\"attachment_10307\" style=\"width: 610px\" class=\"wp-caption aligncenter\"><a href=\"http:\/\/neantvert.eu\/minorin\/wp-content\/uploads\/2014\/11\/UBW04178.jpg\"><img loading=\"lazy\" decoding=\"async\" aria-describedby=\"caption-attachment-10307\" src=\"http:\/\/neantvert.eu\/minorin\/wp-content\/uploads\/2014\/11\/UBW04178-600x336.jpg\" title=\"Taiga, Best H\u00e9ro\u00efne dans nos coeurs (ou au moins le tien)\" width=\"600\" height=\"336\" class=\"size-medium wp-image-10307\" srcset=\"https:\/\/neantvert.eu\/minorin\/wp-content\/uploads\/2014\/11\/UBW04178-600x336.jpg 600w, https:\/\/neantvert.eu\/minorin\/wp-content\/uploads\/2014\/11\/UBW04178-1024x574.jpg 1024w, https:\/\/neantvert.eu\/minorin\/wp-content\/uploads\/2014\/11\/UBW04178.jpg 1092w\" sizes=\"(max-width: 600px) 100vw, 600px\" \/><\/a><p id=\"caption-attachment-10307\" class=\"wp-caption-text\">Le niveau de squat<\/p><\/div>\nTaiga a toujours des id\u00e9es formidables. Par contre, \u00e7a n\u2019arrivera jamais. M\u00eame dans hollow ataraxia, elle continuera de vivre chez son grand-p\u00e8re et de passer chez Shirou quand l\u2019envie lui prend.<\/p>\n<div id=\"attachment_10308\" style=\"width: 610px\" class=\"wp-caption aligncenter\"><a href=\"http:\/\/neantvert.eu\/minorin\/wp-content\/uploads\/2014\/11\/UBW04179.jpg\"><img loading=\"lazy\" decoding=\"async\" aria-describedby=\"caption-attachment-10308\" src=\"http:\/\/neantvert.eu\/minorin\/wp-content\/uploads\/2014\/11\/UBW04179-600x336.jpg\" title=\"Admirez ma prise de risque dans mes l\u00e9gendes\" width=\"600\" height=\"336\" class=\"size-medium wp-image-10308\" srcset=\"https:\/\/neantvert.eu\/minorin\/wp-content\/uploads\/2014\/11\/UBW04179-600x336.jpg 600w, https:\/\/neantvert.eu\/minorin\/wp-content\/uploads\/2014\/11\/UBW04179-1024x574.jpg 1024w, https:\/\/neantvert.eu\/minorin\/wp-content\/uploads\/2014\/11\/UBW04179.jpg 1091w\" sizes=\"(max-width: 600px) 100vw, 600px\" \/><\/a><p id=\"caption-attachment-10308\" class=\"wp-caption-text\">Ouaf ouaf<\/p><\/div>\nUn familier de Caster, quelques centaines de secondes avant son annihilation par Rin.<\/p>\n<div id=\"attachment_10306\" style=\"width: 610px\" class=\"wp-caption aligncenter\"><a href=\"http:\/\/neantvert.eu\/minorin\/wp-content\/uploads\/2014\/11\/UBW0420.jpg\"><img loading=\"lazy\" decoding=\"async\" aria-describedby=\"caption-attachment-10306\" src=\"http:\/\/neantvert.eu\/minorin\/wp-content\/uploads\/2014\/11\/UBW0420-600x337.jpg\" title=\"Fin, \u00e7a ressemble m\u00eame plus \u00e0 un chien l\u00e0 ! Ou alors, je plains le chien\" width=\"600\" height=\"337\" class=\"size-medium wp-image-10306\" srcset=\"https:\/\/neantvert.eu\/minorin\/wp-content\/uploads\/2014\/11\/UBW0420-600x337.jpg 600w, https:\/\/neantvert.eu\/minorin\/wp-content\/uploads\/2014\/11\/UBW0420-1024x575.jpg 1024w, https:\/\/neantvert.eu\/minorin\/wp-content\/uploads\/2014\/11\/UBW0420.jpg 1093w\" sizes=\"(max-width: 600px) 100vw, 600px\" \/><\/a><p id=\"caption-attachment-10306\" class=\"wp-caption-text\">Gros ouaf ouaf ?<\/p><\/div>\nJ\u2019avais peur que 24 \u00e9pisodes, ce soit trop long pour adapter tout UBW qui tient probablement plus en 18 \u00e9pisodes mais vu le nombre de passages qu\u2019ils rajoutent par rapport au VN, \u00e7a va, il va probablement y avoir de quoi faire.<\/p>\n<p><strong>Cr\u00e9dits d\u00e9taill\u00e9s :<\/strong><br \/>\n<em><a href=\"http:\/\/forum-thalie.fr\/thalie\/viewtopic.php?f=4&amp;t=3758#p118394\">Comit\u00e9 de production<\/a><\/em><\/p>\n<ul>\n<li>Maison de production : Aniplex et Notes.<\/li>\n<li>Cha\u00eene TV : TokyoMX<\/li>\n<li>Horaire de diffusion : samedi \u00e0 24h00<\/li>\n<li>Studio d&rsquo;animation : ufotable<\/li>\n<\/ul>\n<p><em><a href=\"http:\/\/forum-thalie.fr\/thalie\/viewtopic.php?f=4&amp;t=3758&amp;p=118936#p118936\">Cr\u00e9dits g\u00e9n\u00e9raux<\/a><\/em><\/p>\n<ul>\n<li>R\u00e9alisateur : Takahiro MIURA<\/li>\n<li>Compositeur de la s\u00e9rie : ufotable (pas de nom pr\u00e9cis)<\/li>\n<li>CharaDesigner : Hisayuki TABATA pour Rin, Tomonori SUDOU pour les autres personnages f\u00e9minins, Atsushi ITAGAKI pour les personnages masculins<\/li>\n<li>Musique : Hideyuki FUKASAWA<\/li>\n<\/ul>\n<p><em>Staff de l&rsquo;\u00e9pisode<\/em><\/p>\n<ul>\n<li>R\u00e9alisateur de l&rsquo;\u00e9pisode : Takuya NONAKA<\/li>\n<li>E-conte : Takuya NONAKA<\/li>\n<li>Scripte : Kazuharu SATO<\/li>\n<li>Directeur d&rsquo;animation : Tetsuto SAT\u014c<\/li>\n<\/ul>\n<p>Merci \u00e0 <a href=\"http:\/\/sakuga.yshi.org\/\">Sakugabooru<\/a> pour les vid\u00e9os (m\u00eame si y&rsquo;en a pas sur cet \u00e9pisode).<\/p>\n","protected":false},"excerpt":{"rendered":"<p>[avatar user=\u00a0\u00bbYoka\u00a0\u00bb size=\u00a0\u00bboriginal\u00a0\u00bb align=\u00a0\u00bbleft\u00a0\u00bb]Illya nue dans son bain, je suis scandalis\u00e9, pourquoi il y a des gens nus dans mon anime ! Pardon, c&rsquo;\u00e9tait un Eroge \u00e0 la base ? D\u00e9tail. Fate\/stay night [Unlimited Blade Works] \/\/ Studio : ufotable \/\/ D\u00e9but\u00e9 en automne 2014 \/\/ Pr\u00e9vu en 24 \u00e9pisodes (2*12 \u00e9pisodes) \/\/ R\u00e9alisateur : [&hellip;]<\/p>\n","protected":false},"author":8,"featured_media":0,"comment_status":"open","ping_status":"closed","sticky":false,"template":"","format":"standard","meta":{"ngg_post_thumbnail":0,"jetpack_post_was_ever_published":false,"_jetpack_newsletter_access":"","_jetpack_dont_email_post_to_subs":false,"_jetpack_newsletter_tier_id":0,"_jetpack_memberships_contains_paywalled_content":false,"_jetpack_memberships_contains_paid_content":false,"footnotes":"","jetpack_publicize_message":"","jetpack_publicize_feature_enabled":true,"jetpack_social_post_already_shared":true,"jetpack_social_options":{"image_generator_settings":{"template":"highway","enabled":false},"version":2}},"categories":[1],"tags":[660,663,472,662],"class_list":["post-10287","post","type-post","status-publish","format-standard","hentry","category-frais","tag-automne-2014","tag-fatestay-night","tag-ufotable","tag-unlimited-blade-works"],"jetpack_publicize_connections":[],"jetpack_featured_media_url":"","jetpack_sharing_enabled":true,"jetpack_shortlink":"https:\/\/wp.me\/p4IbxV-2FV","_links":{"self":[{"href":"https:\/\/neantvert.eu\/minorin\/index.php?rest_route=\/wp\/v2\/posts\/10287"}],"collection":[{"href":"https:\/\/neantvert.eu\/minorin\/index.php?rest_route=\/wp\/v2\/posts"}],"about":[{"href":"https:\/\/neantvert.eu\/minorin\/index.php?rest_route=\/wp\/v2\/types\/post"}],"author":[{"embeddable":true,"href":"https:\/\/neantvert.eu\/minorin\/index.php?rest_route=\/wp\/v2\/users\/8"}],"replies":[{"embeddable":true,"href":"https:\/\/neantvert.eu\/minorin\/index.php?rest_route=%2Fwp%2Fv2%2Fcomments&post=10287"}],"version-history":[{"count":6,"href":"https:\/\/neantvert.eu\/minorin\/index.php?rest_route=\/wp\/v2\/posts\/10287\/revisions"}],"predecessor-version":[{"id":10352,"href":"https:\/\/neantvert.eu\/minorin\/index.php?rest_route=\/wp\/v2\/posts\/10287\/revisions\/10352"}],"wp:attachment":[{"href":"https:\/\/neantvert.eu\/minorin\/index.php?rest_route=%2Fwp%2Fv2%2Fmedia&parent=10287"}],"wp:term":[{"taxonomy":"category","embeddable":true,"href":"https:\/\/neantvert.eu\/minorin\/index.php?rest_route=%2Fwp%2Fv2%2Fcategories&post=10287"},{"taxonomy":"post_tag","embeddable":true,"href":"https:\/\/neantvert.eu\/minorin\/index.php?rest_route=%2Fwp%2Fv2%2Ftags&post=10287"}],"curies":[{"name":"wp","href":"https:\/\/api.w.org\/{rel}","templated":true}]}}