{"id":10324,"date":"2014-11-24T17:28:34","date_gmt":"2014-11-24T15:28:34","guid":{"rendered":"http:\/\/neantvert.eu\/minorin\/?p=10324"},"modified":"2014-11-24T17:28:34","modified_gmt":"2014-11-24T15:28:34","slug":"akame-ga-kill-21-meurs-un-autre-jour","status":"publish","type":"post","link":"https:\/\/neantvert.eu\/minorin\/?p=10324","title":{"rendered":"Akame ga Kill 21 &#8211; Meurs un autre jour"},"content":{"rendered":"<div id=\"attachment_10329\" style=\"width: 610px\" class=\"wp-caption aligncenter\"><a href=\"http:\/\/neantvert.eu\/minorin\/wp-content\/uploads\/2014\/11\/AkameIN.jpg\"><img loading=\"lazy\" decoding=\"async\" aria-describedby=\"caption-attachment-10329\" class=\"size-medium wp-image-10329\" src=\"http:\/\/neantvert.eu\/minorin\/wp-content\/uploads\/2014\/11\/AkameIN-600x337.jpg\" alt=\"&quot;J'aurais pas du m'habiller en rose, putain.&quot;\" width=\"600\" height=\"337\" srcset=\"https:\/\/neantvert.eu\/minorin\/wp-content\/uploads\/2014\/11\/AkameIN-600x337.jpg 600w, https:\/\/neantvert.eu\/minorin\/wp-content\/uploads\/2014\/11\/AkameIN-1024x576.jpg 1024w, https:\/\/neantvert.eu\/minorin\/wp-content\/uploads\/2014\/11\/AkameIN.jpg 1280w\" sizes=\"(max-width: 600px) 100vw, 600px\" \/><\/a><p id=\"caption-attachment-10329\" class=\"wp-caption-text\">\u00ab\u00a0J&rsquo;aurais pas du m&rsquo;habiller en rose, putain.\u00a0\u00bb<\/p><\/div>\n<p>&nbsp;<\/p>\n[avatar user=\u00a0\u00bbAmo\u00a0\u00bb size=\u00a0\u00bboriginal\u00a0\u00bb align=\u00a0\u00bbleft\u00a0\u00bb link=\u00a0\u00bbhttp:\/\/neantvert.eu\/minorin\/?author=1&Prime; \/]\n<p><em>Episodes pr\u00e9c\u00e9dents:\u00a0<\/em><a href=\"http:\/\/neantvert.eu\/minorin\/?p=8020\">01<\/a>\u00a0;\u00a0<a href=\"http:\/\/neantvert.eu\/minorin\/?p=8445\">02<\/a>\u00a0;\u00a0<a href=\"http:\/\/neantvert.eu\/minorin\/?p=8921\">03<\/a>\u00a0;\u00a0<a href=\"http:\/\/neantvert.eu\/minorin\/?p=9016\">04<\/a>\u00a0;\u00a0<a href=\"http:\/\/neantvert.eu\/minorin\/?p=9181\">05<\/a>\u00a0;\u00a0<a href=\"http:\/\/neantvert.eu\/minorin\/?p=9302\">06<\/a>\u00a0;\u00a0<a href=\"http:\/\/neantvert.eu\/minorin\/?p=9497\">07<\/a>\u00a0; <a href=\"http:\/\/neantvert.eu\/minorin\/?p=9578\">08<\/a>\u00a0; <a href=\"http:\/\/neantvert.eu\/minorin\/?p=9630\">09<\/a>\u00a0; <a href=\"http:\/\/neantvert.eu\/minorin\/?p=9777\">10<\/a>\u00a0; <a href=\"http:\/\/neantvert.eu\/minorin\/?p=9819\">11<\/a><\/p>\n<p>Vous croyez que c&rsquo;\u00e9tait termin\u00e9 ? Que vous n&rsquo;auriez plus la moindre nouvelle de moi et d&rsquo;Akame ga Kill ? Que nenni. J&rsquo;ai d\u00e9cid\u00e9 de sauter dix \u00e9pisodes et de faire la chronique. QUAND M\u00caME.<\/p>\n<p>Sachant que:<\/p>\n<p>1\/ J&rsquo;ai pas mat\u00e9 du 12 au 20. J&rsquo;ai lu les topics reddits sur \/r\/anime par contre. C&rsquo;\u00e9tait d\u00e9licieux.<\/p>\n<p>2\/ J&rsquo;ai choisi cet \u00e9pisode parce que je suis en cong\u00e9 aujourd&rsquo;hui et qu&rsquo;en plus y&rsquo;a un \u00e9v\u00e9nement\u00a0<em>g\u00e9nial\u00a0<\/em>\u00e0 la fin. Allez hop.<\/p>\n<p><strong>Akame ga Kill \/\/\u00a0<\/strong>Studio White Fox \/\/ Pr\u00e9vu en 24 \u00e9pisodes \/\/ D\u00e9but\u00e9 en juillet 2014 \/\/ R\u00e9alisateur: Kobayashi Tomoki (Amagami SS+, Sola, Tears to Tiara, directeur d\u2019\u00e9pisodes sur Monster et Steins;Gate)<\/p>\n<p><!--more--><\/p>\n<p><a href=\"http:\/\/neantvert.eu\/minorin\/wp-content\/uploads\/2014\/11\/Akame01.jpg\"><img loading=\"lazy\" decoding=\"async\" class=\"aligncenter size-medium wp-image-10337\" src=\"http:\/\/neantvert.eu\/minorin\/wp-content\/uploads\/2014\/11\/Akame01-600x337.jpg\" alt=\"Akame01\" width=\"600\" height=\"337\" srcset=\"https:\/\/neantvert.eu\/minorin\/wp-content\/uploads\/2014\/11\/Akame01-600x337.jpg 600w, https:\/\/neantvert.eu\/minorin\/wp-content\/uploads\/2014\/11\/Akame01-1024x576.jpg 1024w, https:\/\/neantvert.eu\/minorin\/wp-content\/uploads\/2014\/11\/Akame01.jpg 1280w\" sizes=\"(max-width: 600px) 100vw, 600px\" \/><\/a><\/p>\n<p style=\"text-align: center;\"><b>PR\u00c9C\u00c9DEMMENT<\/b><strong>\u00a0DANS AKAME GA KILL: PLEIN DE GENS SONT MORTS<\/strong><\/p>\n<p style=\"text-align: left;\">Surprenant, non ? Alors du cot\u00e9 Jaegers, y&rsquo;a Kana Hanazawa qui s&rsquo;est fait buter ce qui me rend affreusement triste mais en m\u00eame temps Esdeath est toujours en vie alors \u00e7a va. Du cot\u00e9 Night Raid c&rsquo;est un peu tout le monde en fait: ils ont introduits un nouveau perso nomm\u00e9 Chelsea qui a fini comme Sean Bean dans Game of Thrones et y&rsquo;a le mec aux cheveux verts qui s&rsquo;est fait trouer. Voil\u00e0 tout \u00e7a je le dis de t\u00eate, faudrait que je fasse un peu de recherche pour savoir qui d&rsquo;autre y est pass\u00e9 mais on s&rsquo;en fout parce que:<\/p>\n<p style=\"text-align: left;\">1\/ Akame est en vie<\/p>\n<p style=\"text-align: left;\">2\/ Esdeath est en vie<\/p>\n<p style=\"text-align: left;\">3\/ Mine est en vie<\/p>\n<p style=\"text-align: left;\">L\u00e0 le sc\u00e9nario: Tatsumi a \u00e9t\u00e9 captur\u00e9, \u00a0attend d&rsquo;\u00eatre ex\u00e9cut\u00e9 et donc les quatre\u00a0filles encore en vie de Night Raid (Akame \/ Mine \/ La blondasse \/ The Boss)\u00a0plus un mec random qui vont aller SAUVER SON CUL. Yeah, Reverse Damsel in Distress.<\/p>\n<p style=\"text-align: left;\">\n<p style=\"text-align: left;\"><a href=\"http:\/\/neantvert.eu\/minorin\/wp-content\/uploads\/2014\/11\/Akame02.jpg\"><img loading=\"lazy\" decoding=\"async\" class=\"aligncenter size-medium wp-image-10335\" src=\"http:\/\/neantvert.eu\/minorin\/wp-content\/uploads\/2014\/11\/Akame02-600x337.jpg\" alt=\"Akame02\" width=\"600\" height=\"337\" srcset=\"https:\/\/neantvert.eu\/minorin\/wp-content\/uploads\/2014\/11\/Akame02-600x337.jpg 600w, https:\/\/neantvert.eu\/minorin\/wp-content\/uploads\/2014\/11\/Akame02-1024x576.jpg 1024w, https:\/\/neantvert.eu\/minorin\/wp-content\/uploads\/2014\/11\/Akame02.jpg 1280w\" sizes=\"(max-width: 600px) 100vw, 600px\" \/><\/a><\/p>\n<p style=\"text-align: left;\"><strong>PAS BIEN: L&rsquo;OP2 est bon vingt secondes<\/strong><\/p>\n<p style=\"text-align: left;\">L&rsquo;intro de l&rsquo;OP2 est vraiment cool. Par contre la suite est pas m\u00e9ga m\u00e9morable. La musique est un poil m\u00e9diocre et la construction du g\u00e9n\u00e9rique reste tr\u00e8s simple, tr\u00e8s classique. Du coup rien de bien m\u00e9morable. L&rsquo;OP1 \u00e9tait un poil plus int\u00e9ressant. Bon, who cares.<\/p>\n<p style=\"text-align: left;\">\n<p style=\"text-align: left;\"><a href=\"http:\/\/neantvert.eu\/minorin\/wp-content\/uploads\/2014\/11\/Akame03.jpg\"><img loading=\"lazy\" decoding=\"async\" class=\"aligncenter size-medium wp-image-10336\" src=\"http:\/\/neantvert.eu\/minorin\/wp-content\/uploads\/2014\/11\/Akame03-600x337.jpg\" alt=\"Akame03\" width=\"600\" height=\"337\" srcset=\"https:\/\/neantvert.eu\/minorin\/wp-content\/uploads\/2014\/11\/Akame03-600x337.jpg 600w, https:\/\/neantvert.eu\/minorin\/wp-content\/uploads\/2014\/11\/Akame03-1024x576.jpg 1024w, https:\/\/neantvert.eu\/minorin\/wp-content\/uploads\/2014\/11\/Akame03.jpg 1280w\" sizes=\"(max-width: 600px) 100vw, 600px\" \/><\/a><\/p>\n<p style=\"text-align: left;\"><strong>BIEN ? PAS BIEN ?: Eh, Esdeath est toujours \u00e0 fond sur Tatsumi<\/strong><\/p>\n<p style=\"text-align: left;\">Ehhh j&rsquo;esp\u00e9rais que le personnage \u00e9volue au fur et \u00e0 mesure. Bon ok c&rsquo;\u00e9tait un fantasme personnel mais je souhaitais au fond de mon coeur qu&rsquo;Esdeath reste pas fix\u00e9 sur Tatsumi m\u00eame apr\u00e8s avoir appris qu&rsquo;il \u00e9tait Night Raid et malgr\u00e9 tous ces mensonges. L\u00e0 Esdeath reste fig\u00e9 sur le h\u00e9ros comme si elle \u00e9tait un personnage \u00e0 la con dans n&rsquo;importe quelle com\u00e9die romantique harem un poil nullos. Maintenant \u00e7a continue de coller au caract\u00e8re du personnage qui reste romantiquement tr\u00e8s inexperiment\u00e9e et qui a une vision trop romanc\u00e9e des relations amoureuses. Elle se dit qu&rsquo;elle peut le changer, tout \u00e7a.<\/p>\n<p style=\"text-align: left;\"><em>Bon.\u00a0<\/em><\/p>\n<p style=\"text-align: left;\">Apr\u00e8s la discussion entre les deux dans la prison pose un souci parce que c&rsquo;est grosso merdo la m\u00eame que dans l&rsquo;\u00e9pisode 9 ou 10. Genre \u00ab\u00a0je t&rsquo;aime rejoins moi\u00a0\u00bb \u00ab\u00a0non je t&rsquo;aime pas tu d\u00e9truis tout\u00a0\u00bb \u00ab\u00a0mais je le fais pour la justice rejoins moi\u00a0\u00bb \u00ab\u00a0non\u00a0\u00bb ouais bon ouais ok certes.<\/p>\n<p style=\"text-align: left;\">\n<p style=\"text-align: left;\"><a href=\"http:\/\/neantvert.eu\/minorin\/wp-content\/uploads\/2014\/11\/Akame04.jpg\"><img loading=\"lazy\" decoding=\"async\" class=\"aligncenter size-medium wp-image-10334\" src=\"http:\/\/neantvert.eu\/minorin\/wp-content\/uploads\/2014\/11\/Akame04-600x337.jpg\" alt=\"Akame04\" width=\"600\" height=\"337\" srcset=\"https:\/\/neantvert.eu\/minorin\/wp-content\/uploads\/2014\/11\/Akame04-600x337.jpg 600w, https:\/\/neantvert.eu\/minorin\/wp-content\/uploads\/2014\/11\/Akame04-1024x576.jpg 1024w, https:\/\/neantvert.eu\/minorin\/wp-content\/uploads\/2014\/11\/Akame04.jpg 1280w\" sizes=\"(max-width: 600px) 100vw, 600px\" \/><\/a><\/p>\n<p style=\"text-align: left;\"><strong>BIEN: Le p\u00e9cheur et l&rsquo;ange sont toujours en vie<\/strong><\/p>\n<p style=\"text-align: left;\">Comme j&rsquo;ai vaguement oubli\u00e9 qui mourrait ou pas entre temps, je suis heureux de voir que certains personnages restent en vie. Je maintiens que si cette s\u00e9rie avait des couilles, elle tuerait Tatsumi l\u00e0 tout de suite maintenant et mettrait le p\u00e9cheur \u00e0 la place comme h\u00e9ros.\u00a0<em>True Hero.\u00a0<\/em><\/p>\n<p style=\"text-align: left;\">Et oui le pyromane est mort, btw. Ca c&rsquo;est vraiment nul.<\/p>\n<p style=\"text-align: left;\"><a href=\"http:\/\/neantvert.eu\/minorin\/wp-content\/uploads\/2014\/11\/Akame05.jpg\"><img loading=\"lazy\" decoding=\"async\" class=\"aligncenter size-medium wp-image-10333\" src=\"http:\/\/neantvert.eu\/minorin\/wp-content\/uploads\/2014\/11\/Akame05-600x337.jpg\" alt=\"Akame05\" width=\"600\" height=\"337\" srcset=\"https:\/\/neantvert.eu\/minorin\/wp-content\/uploads\/2014\/11\/Akame05-600x337.jpg 600w, https:\/\/neantvert.eu\/minorin\/wp-content\/uploads\/2014\/11\/Akame05-1024x576.jpg 1024w, https:\/\/neantvert.eu\/minorin\/wp-content\/uploads\/2014\/11\/Akame05.jpg 1280w\" sizes=\"(max-width: 600px) 100vw, 600px\" \/><\/a><\/p>\n<p><strong>BIEN: Always look at the bright side of life \u266a<\/strong><\/p>\n<p>Tatsumi va mourir la vie n&rsquo;est pas si pourrie \u266b<\/p>\n<p>&nbsp;<\/p>\n<p><a href=\"http:\/\/neantvert.eu\/minorin\/wp-content\/uploads\/2014\/11\/Akame06.jpg\"><img loading=\"lazy\" decoding=\"async\" class=\"aligncenter size-medium wp-image-10332\" src=\"http:\/\/neantvert.eu\/minorin\/wp-content\/uploads\/2014\/11\/Akame06-600x337.jpg\" alt=\"Akame06\" width=\"600\" height=\"337\" srcset=\"https:\/\/neantvert.eu\/minorin\/wp-content\/uploads\/2014\/11\/Akame06-600x337.jpg 600w, https:\/\/neantvert.eu\/minorin\/wp-content\/uploads\/2014\/11\/Akame06-1024x576.jpg 1024w, https:\/\/neantvert.eu\/minorin\/wp-content\/uploads\/2014\/11\/Akame06.jpg 1280w\" sizes=\"(max-width: 600px) 100vw, 600px\" \/><\/a><\/p>\n<p style=\"text-align: left;\"><b>BIEN: Ca bastonne, c&rsquo;est cool<\/b><\/p>\n<p style=\"text-align: left;\">mais<\/p>\n<p style=\"text-align: left;\"><a href=\"http:\/\/neantvert.eu\/minorin\/wp-content\/uploads\/2014\/11\/Akame07.jpg\"><img loading=\"lazy\" decoding=\"async\" class=\"aligncenter size-medium wp-image-10331\" src=\"http:\/\/neantvert.eu\/minorin\/wp-content\/uploads\/2014\/11\/Akame07-600x337.jpg\" alt=\"Akame07\" width=\"600\" height=\"337\" srcset=\"https:\/\/neantvert.eu\/minorin\/wp-content\/uploads\/2014\/11\/Akame07-600x337.jpg 600w, https:\/\/neantvert.eu\/minorin\/wp-content\/uploads\/2014\/11\/Akame07-1024x576.jpg 1024w, https:\/\/neantvert.eu\/minorin\/wp-content\/uploads\/2014\/11\/Akame07.jpg 1280w\" sizes=\"(max-width: 600px) 100vw, 600px\" \/><\/a><\/p>\n<p style=\"text-align: left;\"><strong>PAS BIEN: Tout le monde est\u00a0<em>un peu d\u00e9bile<\/em><\/strong><\/p>\n<p style=\"text-align: left;\">Les bastons d&rsquo;Akame ga Kill restent sympa \u00e0 suivre m\u00eame si faut avouer que y&rsquo;a encore trop de trucs qui d\u00e9pendent de la d\u00e9bilit\u00e9 des gens qui se battent:<\/p>\n<ul>\n<li style=\"text-align: left;\">Esdeath qui \u00ab\u00a0joue\u00a0\u00bb avec Tatsumi au lieu de l&rsquo;ex\u00e9cuter direct ce qui,\u00a0<em>de mani\u00e8re pr\u00e9visible<\/em>, offre le temps \u00e0 Night Raid de se ramener pile poil quand il faut.<\/li>\n<li style=\"text-align: left;\">Mine qui explique au mec super bal\u00e8ze d&rsquo;en face clairement comment son arme fonctionne (\u00ab\u00a0plus je suis en danger plus l&rsquo;arme est forte\u00a0\u00bb) histoire de compl\u00e9tement l&rsquo;aider. En plus l&rsquo;excuse \u00ab\u00a0c&rsquo;est pour exposer au spectacteur\u00a0\u00bb marche plus trop parce que th\u00e9oriquement \u00e7a a d\u00e9j\u00e0 du \u00eatre fait durant d&rsquo;autres \u00e9pisodes.<\/li>\n<li style=\"text-align: left;\">La blonde qui est pr\u00eate \u00e0 se sacrifier pour keud pour se laisser toucher par Pumpkin et qui lol oublie que le mec ma\u00eetrise\u00a0<em>l&rsquo;\u00e9lectricit\u00e9.\u00a0<\/em>Bah oui t&rsquo;es paralys\u00e9e, fille, tu aurais du t&rsquo;en douter.<\/li>\n<li style=\"text-align: left;\">Esdeath qui laisse The Boss soigner son pote gel\u00e9\u00a0<em>sans rien faire\u00a0<\/em>alors qu&rsquo;elle est\u00a0<em>juste \u00e0 cot\u00e9.\u00a0<\/em><\/li>\n<li style=\"text-align: left;\">Les mecs qui en g\u00e9n\u00e9ral laissent Tatsumi en vie alors qu&rsquo;il est une cible immobile en plein mileu du bordel qu&rsquo;il serait facile d&rsquo;ex\u00e9cuter en profitant de toute la confusion.<\/li>\n<li style=\"text-align: left;\">Night Raid qui fait p\u00e9ter des bombes dans l&rsquo;ar\u00e8ne alors que Tatsumi est une cible immobile en plein milieu du bordel.<\/li>\n<\/ul>\n<p>Ok je fais mon enculeur de mouches mais y&rsquo;a quand m\u00eame trop de moment ou je me suis dit \u00ab\u00a0eh les mecs vous \u00eates cons ou quoi.\u00a0\u00bb<\/p>\n<p style=\"text-align: left;\">\n<p style=\"text-align: left;\"><a href=\"http:\/\/neantvert.eu\/minorin\/wp-content\/uploads\/2014\/11\/Akame08.jpg\"><img loading=\"lazy\" decoding=\"async\" class=\"aligncenter size-medium wp-image-10330\" src=\"http:\/\/neantvert.eu\/minorin\/wp-content\/uploads\/2014\/11\/Akame08-600x337.jpg\" alt=\"Akame08\" width=\"600\" height=\"337\" srcset=\"https:\/\/neantvert.eu\/minorin\/wp-content\/uploads\/2014\/11\/Akame08-600x337.jpg 600w, https:\/\/neantvert.eu\/minorin\/wp-content\/uploads\/2014\/11\/Akame08-1024x576.jpg 1024w, https:\/\/neantvert.eu\/minorin\/wp-content\/uploads\/2014\/11\/Akame08.jpg 1280w\" sizes=\"(max-width: 600px) 100vw, 600px\" \/><\/a><\/p>\n<p style=\"text-align: left;\"><strong>BIEN: DES SUPER RAYONS DE LUMIERE<\/strong><\/p>\n<p style=\"text-align: left;\">Je suis un fan des gros rayons de lumi\u00e8re qui d\u00e9foncent tout. Y&rsquo;en a pas mal dans cet \u00e9pisode. C&rsquo;est cool. Je tenais \u00e0 le dire.<\/p>\n<p style=\"text-align: left;\">\n<p style=\"text-align: left;\"><a href=\"http:\/\/neantvert.eu\/minorin\/wp-content\/uploads\/2014\/11\/Akame09.jpg\"><img loading=\"lazy\" decoding=\"async\" class=\"aligncenter size-medium wp-image-10328\" src=\"http:\/\/neantvert.eu\/minorin\/wp-content\/uploads\/2014\/11\/Akame09-600x337.jpg\" alt=\"Akame09\" width=\"600\" height=\"337\" srcset=\"https:\/\/neantvert.eu\/minorin\/wp-content\/uploads\/2014\/11\/Akame09-600x337.jpg 600w, https:\/\/neantvert.eu\/minorin\/wp-content\/uploads\/2014\/11\/Akame09-1024x576.jpg 1024w, https:\/\/neantvert.eu\/minorin\/wp-content\/uploads\/2014\/11\/Akame09.jpg 1280w\" sizes=\"(max-width: 600px) 100vw, 600px\" \/><\/a><\/p>\n<p style=\"text-align: left;\"><strong>BIEN ? : Esdeath entre dans l&rsquo;Aizen-Territory<\/strong><\/p>\n<p style=\"text-align: left;\">Mon dieu mais\u00a0<em>Esdeath est m\u00e9ga cheat\u00e9e.\u00a0<\/em>Tu pensais que sa ma\u00eetrise ahurissante de la glace la rendait d\u00e9j\u00e0 quasi immortelle mais l\u00e0 elle te sort une capacit\u00e9 de FIGER LE TEMPS et de pouvoir se d\u00e9placer dans ce temps fig\u00e9 pour, par exemple, percer le coeur de quelqu&rsquo;un. Et l\u00e0 s\u00e9rieux \u00e7a commence \u00e0 devenir fou. C&rsquo;est \u00e0 dire qu&rsquo;en l&rsquo;\u00e9tat on est peu \u00e0 peu dans le\u00a0<em>Aizen Territory<\/em>, ce grand m\u00e9chant de Bleach qui souvenez-vous, \u00e9tait quasi invincible pendant 300 chapitres et dont toute sa d\u00e9fense reposait sur \u00ab\u00a0ok tu as trouv\u00e9 une faille \u00e0 mon super pouvoir, MAIS EN VOILA UN AUTRE.\u00a0\u00bb Ca a dur\u00e9 jusqu&rsquo;au moment ou Kubo a plus trouv\u00e9 de nouveaux pouvoirs pour Aizen.<\/p>\n<p style=\"text-align: left;\">Du coup l\u00e0, r\u00e9alistiquement, je visualise mal comment les h\u00e9ros peuvent trouver en cinq \u00e9pisodes les pouvoirs pour tuer Esdeath. Je pars du principe que y&rsquo;aura une vraie fin d\u00e9finitive qui impliquera la d\u00e9faite d&rsquo;Esdeath puisque, on va le voir, si la s\u00e9rie part dans une direction diff\u00e9rente du manga c&rsquo;est bien pour \u00e7a (sinon ils sont d\u00e9biles.)<\/p>\n<p style=\"text-align: left;\">Ou alors la s\u00e9rie se termine sur Esdeath qui bute tout le monde. Eh, moi si j&rsquo;avais l&rsquo;opportunit\u00e9 de faire une fanfic en format anim\u00e9, c&rsquo;est ce que je ferais.<\/p>\n<p style=\"text-align: left;\">\n<p style=\"text-align: left;\"><a href=\"http:\/\/neantvert.eu\/minorin\/wp-content\/uploads\/2014\/11\/Akame11.jpg\"><img loading=\"lazy\" decoding=\"async\" class=\"aligncenter size-medium wp-image-10326\" src=\"http:\/\/neantvert.eu\/minorin\/wp-content\/uploads\/2014\/11\/Akame11-600x337.jpg\" alt=\"Akame11\" width=\"600\" height=\"337\" srcset=\"https:\/\/neantvert.eu\/minorin\/wp-content\/uploads\/2014\/11\/Akame11-600x337.jpg 600w, https:\/\/neantvert.eu\/minorin\/wp-content\/uploads\/2014\/11\/Akame11-1024x576.jpg 1024w, https:\/\/neantvert.eu\/minorin\/wp-content\/uploads\/2014\/11\/Akame11.jpg 1280w\" sizes=\"(max-width: 600px) 100vw, 600px\" \/><\/a><\/p>\n<p><strong>BIEN: AU REVOIR, MINE.<\/strong><\/p>\n<p>Tu penses toujours que y&rsquo;a que les faibles qui meurent, Mine ?<\/p>\n<p>TU LE PENSES TOUJOURS, MINE ?<\/p>\n<p>Donc voil\u00e0 un moment\u00a0<em>tr\u00e8s int\u00e9ressant\u00a0<\/em>puisqu&rsquo;il est compl\u00e8tement diff\u00e9rent du manga. D&rsquo;apr\u00e8s ce que j&rsquo;ai compris \u00e7a fait m\u00eame un certain moment que la s\u00e9rie anim\u00e9e a d\u00e9cid\u00e9 de partir vers une fin in\u00e9dite. Ca se vaut.<\/p>\n<p>Du coup canoniquement dans le manga, Mine et Tatsumi sont\u00a0<em>en couple.\u00a0<\/em>L&rsquo;un sauve le cul de l&rsquo;autre, ils se battent et tuent entre deux \u00e9changes intimes de fluides, bref c&rsquo;est la belle vie.<\/p>\n<p>L&rsquo;anim\u00e9 a lui d\u00e9cid\u00e9 de prendre la rainbow road du troll et de tuer purement et simplement Mine et,\u00a0<em>well,\u00a0<\/em>j&rsquo;y suis pas oppos\u00e9 tant vous connaissez ma haine totale du perso d\u00e8s sa premi\u00e8re apparition. Apr\u00e8s oui j&rsquo;ai loup\u00e9 dix \u00e9pisodes et je n&rsquo;ai pas vu son \u00e9volution ou son d\u00e9veloppement mais ce que j&rsquo;ai vu d&rsquo;elle durant cet \u00e9pisode me tend \u00e0 faire penser qu&rsquo;elle a pas chang\u00e9e des masses. Toujours \u00e0 dire des conneries comme \u00ab\u00a0qu&rsquo;il soit bon ou mauvais, c&rsquo;est le chemin que j&rsquo;ai choisi, je suis libre !!!\u00a0\u00bb Woh cool, tu es comme un \u00e9l\u00e8ve de L qui vient de d\u00e9buter la philosophie et qui se sent\u00a0<em>trop deep.\u00a0<\/em>Le personne m&rsquo;a pas sp\u00e9cialement marqu\u00e9 comme particuli\u00e8rement chang\u00e9, quoi. Elle reste toujours cette d\u00e9bile en rose fluo.<\/p>\n<p>Bref ma r\u00e9action en gif \u00e0 la fin de cet \u00e9pisode ? Easy:<\/p>\n<p><a href=\"http:\/\/neantvert.eu\/minorin\/wp-content\/uploads\/2014\/11\/C8YpsFB.gif\"><img loading=\"lazy\" decoding=\"async\" class=\"size-full wp-image-10325 aligncenter\" src=\"http:\/\/neantvert.eu\/minorin\/wp-content\/uploads\/2014\/11\/C8YpsFB.gif\" alt=\"C8YpsFB\" width=\"500\" height=\"347\" \/><\/a><\/p>\n<p style=\"text-align: left;\">\n<p style=\"text-align: left;\">\n<p style=\"text-align: left;\"><a href=\"http:\/\/neantvert.eu\/minorin\/wp-content\/uploads\/2014\/11\/Akame10.jpg\"><img loading=\"lazy\" decoding=\"async\" class=\"aligncenter size-medium wp-image-10327\" src=\"http:\/\/neantvert.eu\/minorin\/wp-content\/uploads\/2014\/11\/Akame10-600x337.jpg\" alt=\"Akame10\" width=\"600\" height=\"337\" srcset=\"https:\/\/neantvert.eu\/minorin\/wp-content\/uploads\/2014\/11\/Akame10-600x337.jpg 600w, https:\/\/neantvert.eu\/minorin\/wp-content\/uploads\/2014\/11\/Akame10-1024x576.jpg 1024w, https:\/\/neantvert.eu\/minorin\/wp-content\/uploads\/2014\/11\/Akame10.jpg 1280w\" sizes=\"(max-width: 600px) 100vw, 600px\" \/><\/a><\/p>\n<p style=\"text-align: left;\"><b>???: Y&rsquo;a aussi Susanoo qui meurt<\/b><\/p>\n<p style=\"text-align: left;\">Chais plus trop\u00a0c&rsquo;est qui. Je m&rsquo;en fiche.<\/p>\n<p style=\"text-align: left;\">Mais il est mort de mani\u00e8re bien badass donc je me souviendrais de lui.<\/p>\n<p style=\"text-align: left;\">\n<p style=\"text-align: left;\">\n<p style=\"text-align: left;\"><strong>Conclusion de l&rsquo;\u00e9pisode: 12\/20<\/strong><\/p>\n<p style=\"text-align: left;\">Merci White Fox pour avoir tuer Mine, pour l&rsquo;occasion je vous pardonne de la qualit\u00e9 visuelle d\u00e9plorable de Jormungand.<\/p>\n","protected":false},"excerpt":{"rendered":"<p>&nbsp; [avatar user=\u00a0\u00bbAmo\u00a0\u00bb size=\u00a0\u00bboriginal\u00a0\u00bb align=\u00a0\u00bbleft\u00a0\u00bb link=\u00a0\u00bbhttp:\/\/neantvert.eu\/minorin\/?author=1&Prime; \/] Episodes pr\u00e9c\u00e9dents:\u00a001\u00a0;\u00a002\u00a0;\u00a003\u00a0;\u00a004\u00a0;\u00a005\u00a0;\u00a006\u00a0;\u00a007\u00a0; 08\u00a0; 09\u00a0; 10\u00a0; 11 Vous croyez que c&rsquo;\u00e9tait termin\u00e9 ? Que vous n&rsquo;auriez plus la moindre nouvelle de moi et d&rsquo;Akame ga Kill ? Que nenni. J&rsquo;ai d\u00e9cid\u00e9 de sauter dix \u00e9pisodes et de faire la chronique. QUAND M\u00caME. Sachant que: 1\/ J&rsquo;ai pas mat\u00e9 du [&hellip;]<\/p>\n","protected":false},"author":1,"featured_media":0,"comment_status":"open","ping_status":"closed","sticky":false,"template":"","format":"standard","meta":{"ngg_post_thumbnail":0,"jetpack_post_was_ever_published":false,"_jetpack_newsletter_access":"","_jetpack_dont_email_post_to_subs":false,"_jetpack_newsletter_tier_id":0,"_jetpack_memberships_contains_paywalled_content":false,"_jetpack_memberships_contains_paid_content":false,"footnotes":"","jetpack_publicize_message":"","jetpack_publicize_feature_enabled":true,"jetpack_social_post_already_shared":true,"jetpack_social_options":{"image_generator_settings":{"template":"highway","enabled":false},"version":2}},"categories":[1],"tags":[516,673,116],"class_list":["post-10324","post","type-post","status-publish","format-standard","hentry","category-frais","tag-akame-ga-kill","tag-esdeath-continue","tag-white-fox"],"jetpack_publicize_connections":[],"jetpack_featured_media_url":"","jetpack_sharing_enabled":true,"jetpack_shortlink":"https:\/\/wp.me\/p4IbxV-2Gw","_links":{"self":[{"href":"https:\/\/neantvert.eu\/minorin\/index.php?rest_route=\/wp\/v2\/posts\/10324"}],"collection":[{"href":"https:\/\/neantvert.eu\/minorin\/index.php?rest_route=\/wp\/v2\/posts"}],"about":[{"href":"https:\/\/neantvert.eu\/minorin\/index.php?rest_route=\/wp\/v2\/types\/post"}],"author":[{"embeddable":true,"href":"https:\/\/neantvert.eu\/minorin\/index.php?rest_route=\/wp\/v2\/users\/1"}],"replies":[{"embeddable":true,"href":"https:\/\/neantvert.eu\/minorin\/index.php?rest_route=%2Fwp%2Fv2%2Fcomments&post=10324"}],"version-history":[{"count":1,"href":"https:\/\/neantvert.eu\/minorin\/index.php?rest_route=\/wp\/v2\/posts\/10324\/revisions"}],"predecessor-version":[{"id":10338,"href":"https:\/\/neantvert.eu\/minorin\/index.php?rest_route=\/wp\/v2\/posts\/10324\/revisions\/10338"}],"wp:attachment":[{"href":"https:\/\/neantvert.eu\/minorin\/index.php?rest_route=%2Fwp%2Fv2%2Fmedia&parent=10324"}],"wp:term":[{"taxonomy":"category","embeddable":true,"href":"https:\/\/neantvert.eu\/minorin\/index.php?rest_route=%2Fwp%2Fv2%2Fcategories&post=10324"},{"taxonomy":"post_tag","embeddable":true,"href":"https:\/\/neantvert.eu\/minorin\/index.php?rest_route=%2Fwp%2Fv2%2Ftags&post=10324"}],"curies":[{"name":"wp","href":"https:\/\/api.w.org\/{rel}","templated":true}]}}