{"id":10405,"date":"2014-12-15T21:53:23","date_gmt":"2014-12-15T19:53:23","guid":{"rendered":"http:\/\/neantvert.eu\/minorin\/?p=10405"},"modified":"2014-12-15T23:18:04","modified_gmt":"2014-12-15T21:18:04","slug":"unlimited-blade-works-06-karakuri-caster","status":"publish","type":"post","link":"https:\/\/neantvert.eu\/minorin\/?p=10405","title":{"rendered":"Unlimited Blade Works 06 &#8211; Karakuri Caster"},"content":{"rendered":"<div id=\"attachment_10433\" style=\"width: 610px\" class=\"wp-caption aligncenter\"><a href=\"http:\/\/neantvert.eu\/minorin\/wp-content\/uploads\/2014\/12\/030.jpg\"><img loading=\"lazy\" decoding=\"async\" aria-describedby=\"caption-attachment-10433\" src=\"http:\/\/neantvert.eu\/minorin\/wp-content\/uploads\/2014\/12\/030-600x450.jpg\" title=\"Oui parce que c&#039;est une sc\u00e8ne de l&#039;\u00e9pisode 7 mais comme souvent, les \u00e9pisodes pairs n&#039;ont que peu d&#039;action et donc pas de CG\" width=\"600\" height=\"450\" class=\"size-medium wp-image-10433\" srcset=\"https:\/\/neantvert.eu\/minorin\/wp-content\/uploads\/2014\/12\/030-600x450.jpg 600w, https:\/\/neantvert.eu\/minorin\/wp-content\/uploads\/2014\/12\/030.jpg 640w\" sizes=\"(max-width: 600px) 100vw, 600px\" \/><\/a><p id=\"caption-attachment-10433\" class=\"wp-caption-text\">Rohlala, comment je spoile<\/p><\/div>\n[avatar user=\u00a0\u00bbYoka\u00a0\u00bb size=\u00a0\u00bboriginal\u00a0\u00bb align=\u00a0\u00bbleft\u00a0\u00bb]Apr\u00e8s la procrastination pour \u00e9crire des articles, la procrastination pour les mettre en forme. O\u00f9 vais-je m&rsquo;arr\u00eater ?<\/p>\n<p><em><strong>Fate\/stay night [Unlimited Blade Works]<\/strong><\/em> \/\/ Studio : ufotable \/\/ D\u00e9but\u00e9 en automne 2014 \/\/ Pr\u00e9vu en 24 \u00e9pisodes (2*12 \u00e9pisodes) \/\/ R\u00e9alisateur : Takahiro MIURA \/\/ Simulcast fran\u00e7ais : <a href=\"http:\/\/www.wakanim.tv\/library\/animes-TI4J\/2M\/fatestay-night-unlimited-blade-works\/ShowEpisodes\">Wakanim<\/a> \/\/ Cr\u00e9dits complets \u00e0 la fin<br \/>\n\u00c9pisodes pr\u00e9c\u00e9dents : <a href=\"http:\/\/neantvert.eu\/minorin\/?p=9950\">00<\/a> \/\/ <a href=\"http:\/\/neantvert.eu\/minorin\/?p=10168\">01<\/a> \/\/ <a href=\"http:\/\/neantvert.eu\/minorin\/?p=10218\">02<\/a> \/\/ <a href=\"http:\/\/neantvert.eu\/minorin\/?p=10249\">03<\/a> \/\/ <a href=\"http:\/\/neantvert.eu\/minorin\/?p=10287\">04<\/a> \/\/ <a href=\"http:\/\/neantvert.eu\/minorin\/?p=10355\">05<\/a><\/p>\n<p><!--more--><\/p>\n<div id=\"attachment_10406\" style=\"width: 610px\" class=\"wp-caption aligncenter\"><a href=\"http:\/\/neantvert.eu\/minorin\/wp-content\/uploads\/2014\/12\/UBW0601.jpg\"><img loading=\"lazy\" decoding=\"async\" aria-describedby=\"caption-attachment-10406\" src=\"http:\/\/neantvert.eu\/minorin\/wp-content\/uploads\/2014\/12\/UBW0601-600x334.jpg\" title=\"Il fait nuit (ouais, je sais, c&#039;est choquant)\" width=\"600\" height=\"334\" class=\"size-medium wp-image-10406\" srcset=\"https:\/\/neantvert.eu\/minorin\/wp-content\/uploads\/2014\/12\/UBW0601-600x334.jpg 600w, https:\/\/neantvert.eu\/minorin\/wp-content\/uploads\/2014\/12\/UBW0601-1024x571.jpg 1024w, https:\/\/neantvert.eu\/minorin\/wp-content\/uploads\/2014\/12\/UBW0601.jpg 1098w\" sizes=\"(max-width: 600px) 100vw, 600px\" \/><\/a><p id=\"caption-attachment-10406\" class=\"wp-caption-text\">Archer, dans tout son sarcasme<\/p><\/div>\nAh, cette relation si homo-\u00e9rotique (?) entre Shirou et Archer, \u00e7a a de quoi \u00e9moustiller les fujoshi.<br \/>\n[spoil UBW] <span style=\"color: #ffffff\">Mais s\u00e9rieusement, Archer X Shirou, c\u2019est quoi ? Du Yaoi bateau ? Du selfcest ? De la masturbation ? Autre chose ?<\/span><\/p>\n<div id=\"attachment_10407\" style=\"width: 610px\" class=\"wp-caption aligncenter\"><a href=\"http:\/\/neantvert.eu\/minorin\/wp-content\/uploads\/2014\/12\/UBW0602.jpg\"><img loading=\"lazy\" decoding=\"async\" aria-describedby=\"caption-attachment-10407\" src=\"http:\/\/neantvert.eu\/minorin\/wp-content\/uploads\/2014\/12\/UBW0602-600x336.jpg\" title=\"Parce que non\" width=\"600\" height=\"336\" class=\"size-medium wp-image-10407\" srcset=\"https:\/\/neantvert.eu\/minorin\/wp-content\/uploads\/2014\/12\/UBW0602-600x336.jpg 600w, https:\/\/neantvert.eu\/minorin\/wp-content\/uploads\/2014\/12\/UBW0602-1024x575.jpg 1024w, https:\/\/neantvert.eu\/minorin\/wp-content\/uploads\/2014\/12\/UBW0602.jpg 1088w\" sizes=\"(max-width: 600px) 100vw, 600px\" \/><\/a><p id=\"caption-attachment-10407\" class=\"wp-caption-text\">Non<\/p><\/div>\nPfff, hahaha, pliz Archer, tu sais aussi bien que moi que non. Elle est beaucoup trop tendre et sensible pour pr\u00e9tendre \u00eatre mage.<\/p>\n<div id=\"attachment_10408\" style=\"width: 610px\" class=\"wp-caption aligncenter\"><a href=\"http:\/\/neantvert.eu\/minorin\/wp-content\/uploads\/2014\/12\/UBW0603.jpg\"><img loading=\"lazy\" decoding=\"async\" aria-describedby=\"caption-attachment-10408\" src=\"http:\/\/neantvert.eu\/minorin\/wp-content\/uploads\/2014\/12\/UBW0603-600x333.jpg\" title=\"Fin, est-ce vraiment une vie ?\" width=\"600\" height=\"333\" class=\"size-medium wp-image-10408\" srcset=\"https:\/\/neantvert.eu\/minorin\/wp-content\/uploads\/2014\/12\/UBW0603-600x333.jpg 600w, https:\/\/neantvert.eu\/minorin\/wp-content\/uploads\/2014\/12\/UBW0603-1024x568.jpg 1024w, https:\/\/neantvert.eu\/minorin\/wp-content\/uploads\/2014\/12\/UBW0603.jpg 1097w\" sizes=\"(max-width: 600px) 100vw, 600px\" \/><\/a><p id=\"caption-attachment-10408\" class=\"wp-caption-text\">Il y a une vie apr\u00e8s la mort<\/p><\/div>\nJe r\u00e9p\u00e8te pour ceux qui ont oubli\u00e9 mais Archer parle ici des Counter Guardians, m\u00eame s\u2019il utilise le terme d\u2019Esprit H\u00e9ro\u00efque. Les Esprits H\u00e9ro\u00efques, les vrais, choisissent de r\u00e9pondre ou non \u00e0 l\u2019appel du Graal, tout simplement parce qu\u2019ils sont rattach\u00e9s \u00e0 Ga\u00efa l\u00e0 o\u00f9 le syst\u00e8me d\u2019invocation est rattach\u00e9 \u00e0 Alaya. De mani\u00e8re extr\u00eame, un mage pourrait avoir le catalyseur parfait, si l\u2019Esprit H\u00e9ro\u00efque n\u2019a pas envie de r\u00e9pondre \u00e0 l\u2019invocation, il ne viendra pas. Les Counter Guardians, de par leur lien avec Alaya ne peuvent pas d\u00e9cliner une invocation.<\/p>\n<div id=\"attachment_10409\" style=\"width: 610px\" class=\"wp-caption aligncenter\"><a href=\"http:\/\/neantvert.eu\/minorin\/wp-content\/uploads\/2014\/12\/UBW0604.jpg\"><img loading=\"lazy\" decoding=\"async\" aria-describedby=\"caption-attachment-10409\" src=\"http:\/\/neantvert.eu\/minorin\/wp-content\/uploads\/2014\/12\/UBW0604-600x332.jpg\" title=\"Cause I&#039;d want some\" width=\"600\" height=\"332\" class=\"size-medium wp-image-10409\" srcset=\"https:\/\/neantvert.eu\/minorin\/wp-content\/uploads\/2014\/12\/UBW0604-600x332.jpg 600w, https:\/\/neantvert.eu\/minorin\/wp-content\/uploads\/2014\/12\/UBW0604-1024x567.jpg 1024w, https:\/\/neantvert.eu\/minorin\/wp-content\/uploads\/2014\/12\/UBW0604.jpg 1091w\" sizes=\"(max-width: 600px) 100vw, 600px\" \/><\/a><p id=\"caption-attachment-10409\" class=\"wp-caption-text\">Who want some Ayako?<\/p><\/div>\nHey Shiki\u2026 oh wait non, mauvaise s\u00e9rie.<\/p>\n<div id=\"attachment_10410\" style=\"width: 610px\" class=\"wp-caption aligncenter\"><a href=\"http:\/\/neantvert.eu\/minorin\/wp-content\/uploads\/2014\/12\/UBW0605.jpg\"><img loading=\"lazy\" decoding=\"async\" aria-describedby=\"caption-attachment-10410\" src=\"http:\/\/neantvert.eu\/minorin\/wp-content\/uploads\/2014\/12\/UBW0605-600x331.jpg\" title=\"Sakura ne va tr\u00e8s clairement pas refuser. Tr\u00e8s clairement\" width=\"600\" height=\"331\" class=\"size-medium wp-image-10410\" srcset=\"https:\/\/neantvert.eu\/minorin\/wp-content\/uploads\/2014\/12\/UBW0605-600x331.jpg 600w, https:\/\/neantvert.eu\/minorin\/wp-content\/uploads\/2014\/12\/UBW0605-1024x566.jpg 1024w, https:\/\/neantvert.eu\/minorin\/wp-content\/uploads\/2014\/12\/UBW0605.jpg 1087w\" sizes=\"(max-width: 600px) 100vw, 600px\" \/><\/a><p id=\"caption-attachment-10410\" class=\"wp-caption-text\">La gentillesse de Shirou<\/p><\/div>\nHuhu<br \/>\n[spoil Heaven\u2019s Feel] <span style=\"color: #ffffff\">Sachant que c\u2019est Rider qui attaque les gens et que Sakura est la vraie Master de Rider, elle risque absolument pas de se faire attaquer par l\u2019agresseur d\u2019Ayako.<\/span><\/p>\n<div id=\"attachment_10411\" style=\"width: 610px\" class=\"wp-caption aligncenter\"><a href=\"http:\/\/neantvert.eu\/minorin\/wp-content\/uploads\/2014\/12\/UBW0606.jpg\"><img loading=\"lazy\" decoding=\"async\" aria-describedby=\"caption-attachment-10411\" src=\"http:\/\/neantvert.eu\/minorin\/wp-content\/uploads\/2014\/12\/UBW0606-600x335.jpg\" title=\"Il fait jour !\" width=\"600\" height=\"335\" class=\"size-medium wp-image-10411\" srcset=\"https:\/\/neantvert.eu\/minorin\/wp-content\/uploads\/2014\/12\/UBW0606-600x335.jpg 600w, https:\/\/neantvert.eu\/minorin\/wp-content\/uploads\/2014\/12\/UBW0606-1024x571.jpg 1024w, https:\/\/neantvert.eu\/minorin\/wp-content\/uploads\/2014\/12\/UBW0606.jpg 1094w\" sizes=\"(max-width: 600px) 100vw, 600px\" \/><\/a><p id=\"caption-attachment-10411\" class=\"wp-caption-text\">Shinji est un connard<\/p><\/div>\nShinji putain, t\u2019as un mec dans ton harem, qu\u2019est-ce-que tu fais de ta vie ? Pourquoi le mec \u00e0 droite est en train de d\u00e9vorer du regard ? Quand est-ce-que t\u2019as chang\u00e9 de bord ?<\/p>\n<div id=\"attachment_10412\" style=\"width: 610px\" class=\"wp-caption aligncenter\"><a href=\"http:\/\/neantvert.eu\/minorin\/wp-content\/uploads\/2014\/12\/UBW0607.jpg\"><img loading=\"lazy\" decoding=\"async\" aria-describedby=\"caption-attachment-10412\" src=\"http:\/\/neantvert.eu\/minorin\/wp-content\/uploads\/2014\/12\/UBW0607-600x330.jpg\" title=\"M\u00eame si h\u00e9, Rin a d\u00e9j\u00e0 un crush sur Shirou \u00e0 ce moment\" width=\"600\" height=\"330\" class=\"size-medium wp-image-10412\" srcset=\"https:\/\/neantvert.eu\/minorin\/wp-content\/uploads\/2014\/12\/UBW0607-600x330.jpg 600w, https:\/\/neantvert.eu\/minorin\/wp-content\/uploads\/2014\/12\/UBW0607-1024x564.jpg 1024w, https:\/\/neantvert.eu\/minorin\/wp-content\/uploads\/2014\/12\/UBW0607.jpg 1097w\" sizes=\"(max-width: 600px) 100vw, 600px\" \/><\/a><p id=\"caption-attachment-10412\" class=\"wp-caption-text\">Ca change de d&rsquo;habitude<\/p><\/div>\nC\u2019est l\u2019une des sp\u00e9cificit\u00e9s de Shirou, c\u2019est qu\u2019il a une sensibilit\u00e9 thaumaturgique incroyable. Il arrive \u00e0 ressentir des traces de mana l\u00e0 o\u00f9 aucun mage ne se serait rendu compte de quoi que ce soit. C\u2019est la vraie utilit\u00e9 de son Art de Compr\u00e9hension Structurelle, pouvoir analyser des appareils \u00e9lectriques n\u2019est que du bonus mondain.<\/p>\n<div id=\"attachment_10413\" style=\"width: 610px\" class=\"wp-caption aligncenter\"><a href=\"http:\/\/neantvert.eu\/minorin\/wp-content\/uploads\/2014\/12\/UBW0608.jpg\"><img loading=\"lazy\" decoding=\"async\" aria-describedby=\"caption-attachment-10413\" src=\"http:\/\/neantvert.eu\/minorin\/wp-content\/uploads\/2014\/12\/UBW0608-600x337.jpg\" title=\"J&#039;ai rien \u00e0 dire sur ce screen, m\u00eame dans l&#039;alt-text !\" width=\"600\" height=\"337\" class=\"size-medium wp-image-10413\" srcset=\"https:\/\/neantvert.eu\/minorin\/wp-content\/uploads\/2014\/12\/UBW0608-600x337.jpg 600w, https:\/\/neantvert.eu\/minorin\/wp-content\/uploads\/2014\/12\/UBW0608-1024x576.jpg 1024w, https:\/\/neantvert.eu\/minorin\/wp-content\/uploads\/2014\/12\/UBW0608.jpg 1090w\" sizes=\"(max-width: 600px) 100vw, 600px\" \/><\/a><p id=\"caption-attachment-10413\" class=\"wp-caption-text\">Humpf<\/p><\/div>\nJe continue de prendre des screens de Tsun Rin alors que j\u2019ai rien \u00e0 dire dessus. Ne faites pas attention \u00e0 moi et continuez votre lecture.<\/p>\n<div id=\"attachment_10414\" style=\"width: 610px\" class=\"wp-caption aligncenter\"><a href=\"http:\/\/neantvert.eu\/minorin\/wp-content\/uploads\/2014\/12\/UBW0609.jpg\"><img loading=\"lazy\" decoding=\"async\" aria-describedby=\"caption-attachment-10414\" src=\"http:\/\/neantvert.eu\/minorin\/wp-content\/uploads\/2014\/12\/UBW0609-600x335.jpg\" title=\"Fate\/stay night c&#039;est un rassemblement de g\u00e9nies incompris, surtout par les lecteurs\" width=\"600\" height=\"335\" class=\"size-medium wp-image-10414\" srcset=\"https:\/\/neantvert.eu\/minorin\/wp-content\/uploads\/2014\/12\/UBW0609-600x335.jpg 600w, https:\/\/neantvert.eu\/minorin\/wp-content\/uploads\/2014\/12\/UBW0609-1024x572.jpg 1024w, https:\/\/neantvert.eu\/minorin\/wp-content\/uploads\/2014\/12\/UBW0609.jpg 1093w\" sizes=\"(max-width: 600px) 100vw, 600px\" \/><\/a><p id=\"caption-attachment-10414\" class=\"wp-caption-text\">Ce g\u00e9nie<\/p><\/div>\nShinji est un rare g\u00e9nie qui well se grille tout seul. Bravo mec, joli mani\u00e8re de r\u00e9v\u00e9ler que c\u2019est toi (ou plut\u00f4t ton Servant) derri\u00e8re les marques de mal\u00e9diction plac\u00e9es \u00e0 l\u2019\u00e9cole. Alors ok, effacer les marques ne servaient \u00e0 que dalle puisque le Kekkai ne d\u00e9pend pas d\u2019elle mais qu\u2019est ce que tu gagnes \u00e0 te r\u00e9v\u00e9ler ? A part te sentir sup\u00e9rieur. Oh wait.<\/p>\n<div id=\"attachment_10415\" style=\"width: 610px\" class=\"wp-caption aligncenter\"><a href=\"http:\/\/neantvert.eu\/minorin\/wp-content\/uploads\/2014\/12\/UBW0610.jpg\"><img loading=\"lazy\" decoding=\"async\" aria-describedby=\"caption-attachment-10415\" src=\"http:\/\/neantvert.eu\/minorin\/wp-content\/uploads\/2014\/12\/UBW0610-600x332.jpg\" title=\"Mais c&#039;est Shinji, rien ne l&#039;oblige \u00e0 dire la v\u00e9rit\u00e9\" width=\"600\" height=\"332\" class=\"size-medium wp-image-10415\" srcset=\"https:\/\/neantvert.eu\/minorin\/wp-content\/uploads\/2014\/12\/UBW0610-600x332.jpg 600w, https:\/\/neantvert.eu\/minorin\/wp-content\/uploads\/2014\/12\/UBW0610-1024x568.jpg 1024w, https:\/\/neantvert.eu\/minorin\/wp-content\/uploads\/2014\/12\/UBW0610.jpg 1094w\" sizes=\"(max-width: 600px) 100vw, 600px\" \/><\/a><p id=\"caption-attachment-10415\" class=\"wp-caption-text\">Il ment<\/p><\/div>\nOh wow mec quoi<br \/>\n[Spoil Heaven\u2019s Feel] <span style=\"color: #ffffff\">La seule chose que tu voulais dans ta vie, c\u2019\u00e9tait d\u2019\u00eatre un mage. Si tu as commenc\u00e9 \u00e0 violer Sakura, c\u2019est parce qu\u2019elle \u00e9tait devenue l\u2019h\u00e9riti\u00e8re de la famille MAKIRI alors que toi t\u2019\u00e9tais laiss\u00e9 sur la touche. Tu t\u2019es empress\u00e9 de faire ton possible pour r\u00e9cup\u00e9rer Rider apr\u00e8s l\u2019invocation. Et tu d\u00e9barques en mode \u00ab Oui, c\u2019\u00e9tait pas ma volont\u00e9 \u00bb. Quelle petite merde.<\/span><\/p>\n<div id=\"attachment_10416\" style=\"width: 610px\" class=\"wp-caption aligncenter\"><a href=\"http:\/\/neantvert.eu\/minorin\/wp-content\/uploads\/2014\/12\/UBW0611.jpg\"><img loading=\"lazy\" decoding=\"async\" aria-describedby=\"caption-attachment-10416\" src=\"http:\/\/neantvert.eu\/minorin\/wp-content\/uploads\/2014\/12\/UBW0611-600x337.jpg\" title=\"Ou au moins, une tr\u00e8s grosse majorit\u00e9\" width=\"600\" height=\"337\" class=\"size-medium wp-image-10416\" srcset=\"https:\/\/neantvert.eu\/minorin\/wp-content\/uploads\/2014\/12\/UBW0611-600x337.jpg 600w, https:\/\/neantvert.eu\/minorin\/wp-content\/uploads\/2014\/12\/UBW0611-1024x575.jpg 1024w, https:\/\/neantvert.eu\/minorin\/wp-content\/uploads\/2014\/12\/UBW0611.jpg 1094w\" sizes=\"(max-width: 600px) 100vw, 600px\" \/><\/a><p id=\"caption-attachment-10416\" class=\"wp-caption-text\">Comme genre toutes les familles de mages ?<\/p><\/div>\nThe more you know\u2026<\/p>\n<div id=\"attachment_10417\" style=\"width: 610px\" class=\"wp-caption aligncenter\"><a href=\"http:\/\/neantvert.eu\/minorin\/wp-content\/uploads\/2014\/12\/UBW0612.jpg\"><img loading=\"lazy\" decoding=\"async\" aria-describedby=\"caption-attachment-10417\" src=\"http:\/\/neantvert.eu\/minorin\/wp-content\/uploads\/2014\/12\/UBW0612-600x337.jpg\" title=\"Deux gros plans de suite sur ces yeux, cet \u00e9pisode devient n&#039;importe quoi et c&#039;est beaucoup trop visible\" width=\"600\" height=\"337\" class=\"size-medium wp-image-10417\" srcset=\"https:\/\/neantvert.eu\/minorin\/wp-content\/uploads\/2014\/12\/UBW0612-600x337.jpg 600w, https:\/\/neantvert.eu\/minorin\/wp-content\/uploads\/2014\/12\/UBW0612-1024x576.jpg 1024w, https:\/\/neantvert.eu\/minorin\/wp-content\/uploads\/2014\/12\/UBW0612.jpg 1090w\" sizes=\"(max-width: 600px) 100vw, 600px\" \/><\/a><p id=\"caption-attachment-10417\" class=\"wp-caption-text\">DJIII<\/p><\/div>\nHa, Shinji qui montre enfin ses vrais sentiments. Il \u00e9tait temps.<\/p>\n<div id=\"attachment_10418\" style=\"width: 610px\" class=\"wp-caption aligncenter\"><a href=\"http:\/\/neantvert.eu\/minorin\/wp-content\/uploads\/2014\/12\/UBW0613.jpg\"><img loading=\"lazy\" decoding=\"async\" aria-describedby=\"caption-attachment-10418\" src=\"http:\/\/neantvert.eu\/minorin\/wp-content\/uploads\/2014\/12\/UBW0613-600x332.jpg\" title=\"Oeil, visible, humour dr\u00f4le, tout \u00e7a (ouais, j&#039;explique ma blague du pr\u00e9c\u00e9dent alt-text, faites pas attention)\" width=\"600\" height=\"332\" class=\"size-medium wp-image-10418\" srcset=\"https:\/\/neantvert.eu\/minorin\/wp-content\/uploads\/2014\/12\/UBW0613-600x332.jpg 600w, https:\/\/neantvert.eu\/minorin\/wp-content\/uploads\/2014\/12\/UBW0613-1024x567.jpg 1024w, https:\/\/neantvert.eu\/minorin\/wp-content\/uploads\/2014\/12\/UBW0613.jpg 1107w\" sizes=\"(max-width: 600px) 100vw, 600px\" \/><\/a><p id=\"caption-attachment-10418\" class=\"wp-caption-text\">Hey mec, heu, cool hand?<\/p><\/div>\nAu niveau de ma\u00eetrise de Shirou, renforcer un objet n\u2019est pas cens\u00e9 \u00eatre difficile. Si seulement il arr\u00eatait de cr\u00e9er un Circuit Magique dans son corps au lieu de d\u2019utiliser les siens, il ne risquerait pas de clamser pour rien.<\/p>\n<div id=\"attachment_10419\" style=\"width: 610px\" class=\"wp-caption aligncenter\"><a href=\"http:\/\/neantvert.eu\/minorin\/wp-content\/uploads\/2014\/12\/UBW0614.jpg\"><img loading=\"lazy\" decoding=\"async\" aria-describedby=\"caption-attachment-10419\" src=\"http:\/\/neantvert.eu\/minorin\/wp-content\/uploads\/2014\/12\/UBW0614-600x335.jpg\" title=\"Fin, c&#039;est ill\u00e9gal au Japon donc je vois mal Shirou en importer un ill\u00e9galement pour le fun\" width=\"600\" height=\"335\" class=\"size-medium wp-image-10419\" srcset=\"https:\/\/neantvert.eu\/minorin\/wp-content\/uploads\/2014\/12\/UBW0614-600x335.jpg 600w, https:\/\/neantvert.eu\/minorin\/wp-content\/uploads\/2014\/12\/UBW0614-1024x573.jpg 1024w, https:\/\/neantvert.eu\/minorin\/wp-content\/uploads\/2014\/12\/UBW0614.jpg 1090w\" sizes=\"(max-width: 600px) 100vw, 600px\" \/><\/a><p id=\"caption-attachment-10419\" class=\"wp-caption-text\">M\u00eame pas un couteau papillon<\/p><\/div>\nC\u2019est \u00e9tonnant tiens.<br \/>\n[Spoil Fate] <span style=\"color: #ffffff\">Due \u00e0 la pr\u00e9sence d\u2019Avalaon dans son corps, l\u2019Origine de Shirou a \u00e9t\u00e9 modifi\u00e9 au cours de ces 10 derni\u00e8res ann\u00e9es pour devenir \u2018\u00c9p\u00e9e\u2019.  Il a donc une affinit\u00e9 naturelle avec tout ce qui a trait aux lames, quelle que soit leur forme.<\/span><\/p>\n<div id=\"attachment_10420\" style=\"width: 610px\" class=\"wp-caption aligncenter\"><a href=\"http:\/\/neantvert.eu\/minorin\/wp-content\/uploads\/2014\/12\/UBW0615.jpg\"><img loading=\"lazy\" decoding=\"async\" aria-describedby=\"caption-attachment-10420\" src=\"http:\/\/neantvert.eu\/minorin\/wp-content\/uploads\/2014\/12\/UBW0615-600x336.jpg\" title=\"Si vous voulez \u00eatre la marionnette de Caster, levez la main\" width=\"600\" height=\"336\" class=\"size-medium wp-image-10420\" srcset=\"https:\/\/neantvert.eu\/minorin\/wp-content\/uploads\/2014\/12\/UBW0615-600x336.jpg 600w, https:\/\/neantvert.eu\/minorin\/wp-content\/uploads\/2014\/12\/UBW0615-1024x573.jpg 1024w, https:\/\/neantvert.eu\/minorin\/wp-content\/uploads\/2014\/12\/UBW0615.jpg 1091w\" sizes=\"(max-width: 600px) 100vw, 600px\" \/><\/a><p id=\"caption-attachment-10420\" class=\"wp-caption-text\">Une marionnette<\/p><\/div>\nC\u2019est carr\u00e9ment mieux fait dans l\u2019anime que dans le VN. Dans le VN, Shirou d\u00e9barque dans le temple pratiquement sans explications et y\u2019a juste Caster en mode \u00ab Hey coucou, c\u2019est moi \u00bb. L\u00e0, on voit vraiment les fils qui l\u2019ont d\u00e9plac\u00e9 comme on d\u00e9place une marionnette et le tout est entrecoup\u00e9 de flashback de sa vie, en l\u2019occurrence, le moment o\u00f9 elle a tu\u00e9 ses deux premiers enfants<\/p>\n<div id=\"attachment_10421\" style=\"width: 610px\" class=\"wp-caption aligncenter\"><a href=\"http:\/\/neantvert.eu\/minorin\/wp-content\/uploads\/2014\/12\/UBW0616.jpg\"><img loading=\"lazy\" decoding=\"async\" aria-describedby=\"caption-attachment-10421\" src=\"http:\/\/neantvert.eu\/minorin\/wp-content\/uploads\/2014\/12\/UBW0616-600x336.jpg\" title=\"C&#039;est bon, vous pouvez baisser la main maitnenant\" width=\"600\" height=\"336\" class=\"size-medium wp-image-10421\" srcset=\"https:\/\/neantvert.eu\/minorin\/wp-content\/uploads\/2014\/12\/UBW0616-600x336.jpg 600w, https:\/\/neantvert.eu\/minorin\/wp-content\/uploads\/2014\/12\/UBW0616-1024x573.jpg 1024w, https:\/\/neantvert.eu\/minorin\/wp-content\/uploads\/2014\/12\/UBW0616.jpg 1089w\" sizes=\"(max-width: 600px) 100vw, 600px\" \/><\/a><p id=\"caption-attachment-10421\" class=\"wp-caption-text\">Caster de face<\/p><\/div>\nHey coucou Caster<\/p>\n<div id=\"attachment_10422\" style=\"width: 610px\" class=\"wp-caption aligncenter\"><a href=\"http:\/\/neantvert.eu\/minorin\/wp-content\/uploads\/2014\/12\/UBW0617.jpg\"><img loading=\"lazy\" decoding=\"async\" aria-describedby=\"caption-attachment-10422\" src=\"http:\/\/neantvert.eu\/minorin\/wp-content\/uploads\/2014\/12\/UBW0617-600x330.jpg\" title=\"De toute fa\u00e7on, \u00e7a n&#039;arrivera jamais, vous ne vivrez jamais dans le m\u00eame univers que Caster donc arr\u00eatez les faux espoirs\" width=\"600\" height=\"330\" class=\"size-medium wp-image-10422\" srcset=\"https:\/\/neantvert.eu\/minorin\/wp-content\/uploads\/2014\/12\/UBW0617-600x330.jpg 600w, https:\/\/neantvert.eu\/minorin\/wp-content\/uploads\/2014\/12\/UBW0617-1024x564.jpg 1024w, https:\/\/neantvert.eu\/minorin\/wp-content\/uploads\/2014\/12\/UBW0617.jpg 1105w\" sizes=\"(max-width: 600px) 100vw, 600px\" \/><\/a><p id=\"caption-attachment-10422\" class=\"wp-caption-text\">Caster de profil<\/p><\/div>\nC\u2019est une caract\u00e9ristique de classe. Ce qui veut dire que quel que soit le H\u00e9ros, le Servant de classe Caster pourra cr\u00e9er un territoire. Il sera plus ou moins dou\u00e9 pour se faire, Caster \u00e9tait situ\u00e9e dans la moyenne haute, mais il pourra forc\u00e9ment le faire.<\/p>\n<div id=\"attachment_10423\" style=\"width: 610px\" class=\"wp-caption aligncenter\"><a href=\"http:\/\/neantvert.eu\/minorin\/wp-content\/uploads\/2014\/12\/UBW0618.jpg\"><img loading=\"lazy\" decoding=\"async\" aria-describedby=\"caption-attachment-10423\" src=\"http:\/\/neantvert.eu\/minorin\/wp-content\/uploads\/2014\/12\/UBW0618-600x333.jpg\" title=\"D&#039;ailleurs, il y a \u00e9tonnamment peu de Doujins avec Caster alors qu&#039;elle est un peu MILF\/10\" width=\"600\" height=\"333\" class=\"size-medium wp-image-10423\" srcset=\"https:\/\/neantvert.eu\/minorin\/wp-content\/uploads\/2014\/12\/UBW0618-600x333.jpg 600w, https:\/\/neantvert.eu\/minorin\/wp-content\/uploads\/2014\/12\/UBW0618-1024x569.jpg 1024w, https:\/\/neantvert.eu\/minorin\/wp-content\/uploads\/2014\/12\/UBW0618.jpg 1094w\" sizes=\"(max-width: 600px) 100vw, 600px\" \/><\/a><p id=\"caption-attachment-10423\" class=\"wp-caption-text\">Le bras de Saber, qui fait des \u00e9tincelles<\/p><\/div>\nTout autour du temple Ryoudou, Caster a dress\u00e9 un Kekkai qui emp\u00eache \u00e0 n\u2019importe quel Servant de s\u2019approcher. Ce Kekkai est pratiquement parfait puisqu\u2019il faudrait une attaque du niveau d\u2019Excalibur pour r\u00e9ussir \u00e0 le d\u00e9truire. Le seul endroit par o\u00f9 les Srvants peuvent passer et le grand escalier principal qui am\u00e8ne \u00e0 l\u2019avant du temple mais ici, Assassin veuille \u00e0 ce que personne ne passe.<br \/>\nPour le d\u00e9tail, le Kekkai est encore en place dans hollow ataraxia alors m\u00eame que la Guerre du Graal est finie depuis des mois.<\/p>\n<div id=\"attachment_10424\" style=\"width: 610px\" class=\"wp-caption aligncenter\"><a href=\"http:\/\/neantvert.eu\/minorin\/wp-content\/uploads\/2014\/12\/UBW0619.jpg\"><img loading=\"lazy\" decoding=\"async\" aria-describedby=\"caption-attachment-10424\" src=\"http:\/\/neantvert.eu\/minorin\/wp-content\/uploads\/2014\/12\/UBW0619-600x335.jpg\" title=\"C&#039;est un type cool\" width=\"600\" height=\"335\" class=\"size-medium wp-image-10424\" srcset=\"https:\/\/neantvert.eu\/minorin\/wp-content\/uploads\/2014\/12\/UBW0619-600x335.jpg 600w, https:\/\/neantvert.eu\/minorin\/wp-content\/uploads\/2014\/12\/UBW0619-1024x573.jpg 1024w, https:\/\/neantvert.eu\/minorin\/wp-content\/uploads\/2014\/12\/UBW0619.jpg 1095w\" sizes=\"(max-width: 600px) 100vw, 600px\" \/><\/a><p id=\"caption-attachment-10424\" class=\"wp-caption-text\">Yo Assassin<\/p><\/div>\nSasaki fait parti de ses Servants qui annoncent leur vrai nom quand on leur demande. C\u2019est quelqu\u2019un de noble, qui n\u2019appr\u00e9cie pas la traitrise ou la tromperie mais qui sera toujours \u00e0 la recherche d\u2019un bon combat ou d\u2019une belle femme. C\u2019est un tr\u00e8s bon Servant en ce qui concerne son talent d\u2019\u00e9p\u00e9iste mais un tr\u00e8s faible Assassin.<\/p>\n<div id=\"attachment_10425\" style=\"width: 610px\" class=\"wp-caption aligncenter\"><a href=\"http:\/\/neantvert.eu\/minorin\/wp-content\/uploads\/2014\/12\/UBW0620.jpg\"><img loading=\"lazy\" decoding=\"async\" aria-describedby=\"caption-attachment-10425\" src=\"http:\/\/neantvert.eu\/minorin\/wp-content\/uploads\/2014\/12\/UBW0620-600x335.jpg\" title=\"Caster ne sera jamais l\u00e0 vous caresser sensuellement la main\" width=\"600\" height=\"335\" class=\"size-medium wp-image-10425\" srcset=\"https:\/\/neantvert.eu\/minorin\/wp-content\/uploads\/2014\/12\/UBW0620-600x335.jpg 600w, https:\/\/neantvert.eu\/minorin\/wp-content\/uploads\/2014\/12\/UBW0620-1024x573.jpg 1024w, https:\/\/neantvert.eu\/minorin\/wp-content\/uploads\/2014\/12\/UBW0620.jpg 1102w\" sizes=\"(max-width: 600px) 100vw, 600px\" \/><\/a><p id=\"caption-attachment-10425\" class=\"wp-caption-text\">Apr\u00e8s le bras de Saber, celui de Caster<\/p><\/div>\nDurant une grande partie d\u2019UBW, \u00e7a va \u00eatre l\u2019id\u00e9e fixe de Caster, elle veut devenir la Master de Saber. Premi\u00e8re tentative, voler les Sorts de Commandement de Shirou.<\/p>\n<div id=\"attachment_10426\" style=\"width: 610px\" class=\"wp-caption aligncenter\"><a href=\"http:\/\/neantvert.eu\/minorin\/wp-content\/uploads\/2014\/12\/UBW0621.jpg\"><img loading=\"lazy\" decoding=\"async\" aria-describedby=\"caption-attachment-10426\" src=\"http:\/\/neantvert.eu\/minorin\/wp-content\/uploads\/2014\/12\/UBW0621-600x336.jpg\" title=\"Fin j&#039;ai d\u00e9j\u00e0 vu des fl\u00e8ches dans ma vie et \u00e7a n&#039;a jamais eu cette forme l\u00e0\" width=\"600\" height=\"336\" class=\"size-medium wp-image-10426\" srcset=\"https:\/\/neantvert.eu\/minorin\/wp-content\/uploads\/2014\/12\/UBW0621-600x336.jpg 600w, https:\/\/neantvert.eu\/minorin\/wp-content\/uploads\/2014\/12\/UBW0621-1024x573.jpg 1024w, https:\/\/neantvert.eu\/minorin\/wp-content\/uploads\/2014\/12\/UBW0621.jpg 1096w\" sizes=\"(max-width: 600px) 100vw, 600px\" \/><\/a><p id=\"caption-attachment-10426\" class=\"wp-caption-text\">Des fl\u00e8ches ?<\/p><\/div>\nHey salut Archer !<br \/>\n[spoil Fate] <span style=\"color: #ffffff\">Pour le lulz, dans Fate, elle est morte exactement de cette mani\u00e8re. Elle est all\u00e9e voir Shirou, Gilgamesh est arriv\u00e9 et il l&rsquo;a spam par derri\u00e8re. Clap de fin. Gilgamesh too OP, pliz nerf.<\/span><\/p>\n<p><strong>Cr\u00e9dits d\u00e9taill\u00e9s :<\/strong><br \/>\n<em><a href=\"http:\/\/forum-thalie.fr\/thalie\/viewtopic.php?f=4&amp;t=3758#p118394\">Comit\u00e9 de production<\/a><\/em><\/p>\n<ul>\n<li>Maison de production : Aniplex et Notes.<\/li>\n<li>Cha\u00eene TV : TokyoMX<\/li>\n<li>Horaire de diffusion : samedi \u00e0 24h00<\/li>\n<li>Studio d&rsquo;animation : ufotable<\/li>\n<\/ul>\n<p><em><a href=\"http:\/\/forum-thalie.fr\/thalie\/viewtopic.php?f=4&amp;t=3758&amp;p=118936#p118936\">Cr\u00e9dits g\u00e9n\u00e9raux<\/a><\/em><\/p>\n<ul>\n<li>R\u00e9alisateur : Takahiro MIURA<\/li>\n<li>Compositeur de la s\u00e9rie : ufotable (pas de nom pr\u00e9cis)<\/li>\n<li>CharaDesigner : Hisayuki TABATA pour Rin, Tomonori SUDOU pour les autres personnages f\u00e9minins, Atsushi ITAGAKI pour les personnages masculins<\/li>\n<li>Musique : Hideyuki FUKASAWA<\/li>\n<\/ul>\n<p><em>Staff de l&rsquo;\u00e9pisode<\/em><\/p>\n<ul>\n<li>R\u00e9alisateur de l&rsquo;\u00e9pisode : Takuro TAKAHASHI<\/li>\n<li>E-conte : Takuro TAKAHASHI<\/li>\n<li>Scripte : Akira HIYAMA<\/li>\n<li>Directeur d&rsquo;animation : Yasuhisa KATO<\/li>\n<p> (qui, de mani\u00e8re int\u00e9ressante a \u00e9t\u00e9 le r\u00e9alisateur du film d&rsquo;UBW par DEEN)\n<\/ul>\n<p>Merci \u00e0 <a href=\"http:\/\/sakuga.yshi.org\/\">Sakugabooru<\/a> pour les vid\u00e9os (m\u00eame si y&rsquo;en a pas dans ce billet).<\/p>\n","protected":false},"excerpt":{"rendered":"<p>[avatar user=\u00a0\u00bbYoka\u00a0\u00bb size=\u00a0\u00bboriginal\u00a0\u00bb align=\u00a0\u00bbleft\u00a0\u00bb]Apr\u00e8s la procrastination pour \u00e9crire des articles, la procrastination pour les mettre en forme. O\u00f9 vais-je m&rsquo;arr\u00eater ? Fate\/stay night [Unlimited Blade Works] \/\/ Studio : ufotable \/\/ D\u00e9but\u00e9 en automne 2014 \/\/ Pr\u00e9vu en 24 \u00e9pisodes (2*12 \u00e9pisodes) \/\/ R\u00e9alisateur : Takahiro MIURA \/\/ Simulcast fran\u00e7ais : Wakanim \/\/ Cr\u00e9dits complets [&hellip;]<\/p>\n","protected":false},"author":8,"featured_media":0,"comment_status":"open","ping_status":"closed","sticky":false,"template":"","format":"standard","meta":{"ngg_post_thumbnail":0,"jetpack_post_was_ever_published":false,"_jetpack_newsletter_access":"","_jetpack_dont_email_post_to_subs":false,"_jetpack_newsletter_tier_id":0,"_jetpack_memberships_contains_paywalled_content":false,"_jetpack_memberships_contains_paid_content":false,"footnotes":"","jetpack_publicize_message":"","jetpack_publicize_feature_enabled":true,"jetpack_social_post_already_shared":true,"jetpack_social_options":{"image_generator_settings":{"template":"highway","enabled":false},"version":2}},"categories":[1],"tags":[660,663,472,662],"class_list":["post-10405","post","type-post","status-publish","format-standard","hentry","category-frais","tag-automne-2014","tag-fatestay-night","tag-ufotable","tag-unlimited-blade-works"],"jetpack_publicize_connections":[],"jetpack_featured_media_url":"","jetpack_sharing_enabled":true,"jetpack_shortlink":"https:\/\/wp.me\/p4IbxV-2HP","_links":{"self":[{"href":"https:\/\/neantvert.eu\/minorin\/index.php?rest_route=\/wp\/v2\/posts\/10405"}],"collection":[{"href":"https:\/\/neantvert.eu\/minorin\/index.php?rest_route=\/wp\/v2\/posts"}],"about":[{"href":"https:\/\/neantvert.eu\/minorin\/index.php?rest_route=\/wp\/v2\/types\/post"}],"author":[{"embeddable":true,"href":"https:\/\/neantvert.eu\/minorin\/index.php?rest_route=\/wp\/v2\/users\/8"}],"replies":[{"embeddable":true,"href":"https:\/\/neantvert.eu\/minorin\/index.php?rest_route=%2Fwp%2Fv2%2Fcomments&post=10405"}],"version-history":[{"count":8,"href":"https:\/\/neantvert.eu\/minorin\/index.php?rest_route=\/wp\/v2\/posts\/10405\/revisions"}],"predecessor-version":[{"id":10438,"href":"https:\/\/neantvert.eu\/minorin\/index.php?rest_route=\/wp\/v2\/posts\/10405\/revisions\/10438"}],"wp:attachment":[{"href":"https:\/\/neantvert.eu\/minorin\/index.php?rest_route=%2Fwp%2Fv2%2Fmedia&parent=10405"}],"wp:term":[{"taxonomy":"category","embeddable":true,"href":"https:\/\/neantvert.eu\/minorin\/index.php?rest_route=%2Fwp%2Fv2%2Fcategories&post=10405"},{"taxonomy":"post_tag","embeddable":true,"href":"https:\/\/neantvert.eu\/minorin\/index.php?rest_route=%2Fwp%2Fv2%2Ftags&post=10405"}],"curies":[{"name":"wp","href":"https:\/\/api.w.org\/{rel}","templated":true}]}}