{"id":10962,"date":"2015-03-09T10:25:06","date_gmt":"2015-03-09T08:25:06","guid":{"rendered":"http:\/\/neantvert.eu\/minorin\/?p=10962"},"modified":"2021-02-15T13:18:34","modified_gmt":"2021-02-15T11:18:34","slug":"ceremonie-des-prix-minorin-2014-a-jonetsu","status":"publish","type":"post","link":"https:\/\/neantvert.eu\/minorin\/?p=10962","title":{"rendered":"C\u00e9r\u00e9monie des prix Minorin 2014 \u00e0 Jonetsu"},"content":{"rendered":"<div id=\"attachment_10963\" style=\"width: 610px\" class=\"wp-caption aligncenter\"><a href=\"http:\/\/neantvert.eu\/minorin\/wp-content\/uploads\/2015\/03\/Amo48-Funky-Amagi.mp4_snapshot_00.19_2015.03.08_03.56.58.jpg\"><img loading=\"lazy\" decoding=\"async\" aria-describedby=\"caption-attachment-10963\" class=\"size-medium wp-image-10963\" src=\"http:\/\/neantvert.eu\/minorin\/wp-content\/uploads\/2015\/03\/Amo48-Funky-Amagi.mp4_snapshot_00.19_2015.03.08_03.56.58-600x338.jpg\" alt=\"Ca ressemblera \u00e0 \u00e7a (normalement)\" width=\"600\" height=\"338\" srcset=\"https:\/\/neantvert.eu\/minorin\/wp-content\/uploads\/2015\/03\/Amo48-Funky-Amagi.mp4_snapshot_00.19_2015.03.08_03.56.58-600x338.jpg 600w, https:\/\/neantvert.eu\/minorin\/wp-content\/uploads\/2015\/03\/Amo48-Funky-Amagi.mp4_snapshot_00.19_2015.03.08_03.56.58-1024x576.jpg 1024w, https:\/\/neantvert.eu\/minorin\/wp-content\/uploads\/2015\/03\/Amo48-Funky-Amagi.mp4_snapshot_00.19_2015.03.08_03.56.58.jpg 1280w\" sizes=\"(max-width: 600px) 100vw, 600px\" \/><\/a><p id=\"caption-attachment-10963\" class=\"wp-caption-text\">Ca ressemblera \u00e0 \u00e7a (normalement)<\/p><\/div>\n<p>C&rsquo;est parti messieurs dames, nous sommes lanc\u00e9s sur la route vers les Prix Minorin 2014 ! Comme <a href=\"http:\/\/neantvert.eu\/minorin\/?p=7937\">l&rsquo;an dernier<\/a>, les Prix Minorin seront de retour pour une c\u00e9r\u00e9monie tr\u00e8s symbolique de remises de prix visant \u00e0 c\u00e9l\u00e9brer le meilleur et le pire de l&rsquo;animation japonaise en 2014.<\/p>\n<p>L&rsquo;an dernier la c\u00e9r\u00e9monie avait \u00e9t\u00e9 un joli succ\u00e8s et la salle de classe d&rsquo;Epita qui h\u00e9bergeait se r\u00e9v\u00e9lait bien trop petite, du coup cette ann\u00e9e nous mettrons les bouch\u00e9es doubles: la c\u00e9r\u00e9monie prendra lieu\u00a0<strong>le samedi 28 mars au sein de la salle de conf\u00e9rence de la convention Jonetsu.\u00a0<\/strong>La convention Jonetsu, qui se d\u00e9roulera sur Paris, est une convention d\u00e9di\u00e9e avant tout \u00e0 faire d\u00e9couvrir \u00e0 son public le fonctionnement de l&rsquo;industrie de l&rsquo;animation japonaise en plus de le mettre en contact avec le milieu de la cr\u00e9ation en France. Plus d&rsquo;informations sont disponibles <a href=\"http:\/\/www.jonetsu.fr\/\">sur le site de la convention<\/a>\u00a0et il y&rsquo;a m\u00eame <a href=\"https:\/\/www.facebook.com\/events\/773932236014516\/\">une page \u00e9v\u00e9nements sur Facebook<\/a> pour partager tout \u00e7a \u00e0 vos amis.<\/p>\n<p>Cette ann\u00e9e c&rsquo;est pr\u00eat d&rsquo;une quarantaine de jur\u00e9s &#8211; soit le double de l&rsquo;an dernier &#8211; qui voteront pour d\u00e9cerner des prix dans une vingtaine de cat\u00e9gories, qui seront les suivantes:<\/p>\n<p>&nbsp;<\/p>\n<ul>\n<li>Meilleur g\u00e9n\u00e9rique d&rsquo;ouverture<\/li>\n<li>Meilleur g\u00e9n\u00e9rique de cl\u00f4ture<\/li>\n<li>Meilleure OST<\/li>\n<li>Meilleur\/e com\u00e9dien\/ne de doublage<\/li>\n<li>Personnage masculin le plus baffable<\/li>\n<li>Personnage f\u00e9minin le plus insupportable<\/li>\n<li>Pire technique<\/li>\n<li>Pire \u00e9criture<\/li>\n<li>Studio le plus d\u00e9cevant<\/li>\n<li>Anime le plus d\u00e9cevant<\/li>\n<li>Meilleur personnage masculin<\/li>\n<li>Meilleur personnage f\u00e9minin<\/li>\n<li>Meilleure technique<\/li>\n<li>Meilleur visuel<\/li>\n<li>Meilleure \u00e9criture<\/li>\n<li>Meilleure com\u00e9die<\/li>\n<li>Meilleur studio<\/li>\n<li>Anime le plus sous-estim\u00e9<\/li>\n<li>Coup de coeur du jury<\/li>\n<li>Meilleur Anime<\/li>\n<\/ul>\n<p>Si on est motiv\u00e9, un\u00a0<strong>prix du public\u00a0<\/strong>sera propos\u00e9 sur place.<\/p>\n<p>La c\u00e9r\u00e9monie durera une heure et demie, sera illustr\u00e9e par des vid\u00e9os mont\u00e9es avec amour ainsi que des intervenants non d\u00e9nu\u00e9s de mauvaise foi. Le public sera invit\u00e9 \u00e0 participer par le biais d&rsquo;applaudissements, de hu\u00e9es et d&rsquo;interventions bruyantes.<\/p>\n<p>Plus s\u00e9rieusement l&rsquo;id\u00e9e de cette c\u00e9r\u00e9monie \u00e9tant avant tout de faire un bilan l\u00e9ger et affectueux de l&rsquo;ann\u00e9e \u00e9coul\u00e9e, croyez bien que cette c\u00e9r\u00e9monie est faite s\u00e9rieusement mais ne se prend pas au s\u00e9rieux pour autant.<\/p>\n<p>Evidemment, la c\u00e9r\u00e9monie sera suivie par la publication, sans doute vers fin avril, des <a href=\"http:\/\/neantvert.eu\/minorin\/?cat=104\">habituels<\/a> <a href=\"http:\/\/neantvert.eu\/minorin\/?cat=318\">articles<\/a> de remise de prix.<\/p>\n<p>En esp\u00e9rant vous y croiser nombreux !<\/p>\n<p><strong>Note:\u00a0<\/strong>la saison de printemps est dans un peu moins d&rsquo;un mois, ce qui est toujours le moment id\u00e9al pour signaler que si vous souhaitez \u00e9crire des articles sur <a href=\"http:\/\/anichart.net\/\">les nombreux animes<\/a> de la saison qui s&rsquo;annonce, le blog reste toujours ouvert <a href=\"http:\/\/neantvert.eu\/minorin\/?page_id=357\">\u00e0 tout le monde<\/a> !<\/p>\n","protected":false},"excerpt":{"rendered":"<p>C&rsquo;est parti messieurs dames, nous sommes lanc\u00e9s sur la route vers les Prix Minorin 2014 ! Comme l&rsquo;an dernier, les Prix Minorin seront de retour pour une c\u00e9r\u00e9monie tr\u00e8s symbolique de remises de prix visant \u00e0 c\u00e9l\u00e9brer le meilleur et le pire de l&rsquo;animation japonaise en 2014. L&rsquo;an dernier la c\u00e9r\u00e9monie avait \u00e9t\u00e9 un joli [&hellip;]<\/p>\n","protected":false},"author":1,"featured_media":0,"comment_status":"open","ping_status":"closed","sticky":false,"template":"","format":"standard","meta":{"ngg_post_thumbnail":0,"jetpack_post_was_ever_published":false,"_jetpack_newsletter_access":"","_jetpack_dont_email_post_to_subs":false,"_jetpack_newsletter_tier_id":0,"_jetpack_memberships_contains_paywalled_content":false,"_jetpack_memberships_contains_paid_content":false,"footnotes":"","jetpack_publicize_message":"","jetpack_publicize_feature_enabled":true,"jetpack_social_post_already_shared":true,"jetpack_social_options":{"image_generator_settings":{"template":"highway","enabled":false},"version":2}},"categories":[739],"tags":[41,695,373,694],"class_list":["post-10962","post","type-post","status-publish","format-standard","hentry","category-prix-minorin","tag-celebration","tag-jonetsu","tag-prix-minorin","tag-prix-minorin-2014"],"jetpack_publicize_connections":[],"jetpack_featured_media_url":"","jetpack_sharing_enabled":true,"jetpack_shortlink":"https:\/\/wp.me\/p4IbxV-2QO","_links":{"self":[{"href":"https:\/\/neantvert.eu\/minorin\/index.php?rest_route=\/wp\/v2\/posts\/10962"}],"collection":[{"href":"https:\/\/neantvert.eu\/minorin\/index.php?rest_route=\/wp\/v2\/posts"}],"about":[{"href":"https:\/\/neantvert.eu\/minorin\/index.php?rest_route=\/wp\/v2\/types\/post"}],"author":[{"embeddable":true,"href":"https:\/\/neantvert.eu\/minorin\/index.php?rest_route=\/wp\/v2\/users\/1"}],"replies":[{"embeddable":true,"href":"https:\/\/neantvert.eu\/minorin\/index.php?rest_route=%2Fwp%2Fv2%2Fcomments&post=10962"}],"version-history":[{"count":2,"href":"https:\/\/neantvert.eu\/minorin\/index.php?rest_route=\/wp\/v2\/posts\/10962\/revisions"}],"predecessor-version":[{"id":10965,"href":"https:\/\/neantvert.eu\/minorin\/index.php?rest_route=\/wp\/v2\/posts\/10962\/revisions\/10965"}],"wp:attachment":[{"href":"https:\/\/neantvert.eu\/minorin\/index.php?rest_route=%2Fwp%2Fv2%2Fmedia&parent=10962"}],"wp:term":[{"taxonomy":"category","embeddable":true,"href":"https:\/\/neantvert.eu\/minorin\/index.php?rest_route=%2Fwp%2Fv2%2Fcategories&post=10962"},{"taxonomy":"post_tag","embeddable":true,"href":"https:\/\/neantvert.eu\/minorin\/index.php?rest_route=%2Fwp%2Fv2%2Ftags&post=10962"}],"curies":[{"name":"wp","href":"https:\/\/api.w.org\/{rel}","templated":true}]}}