{"id":13582,"date":"2022-02-20T23:00:30","date_gmt":"2022-02-20T21:00:30","guid":{"rendered":"http:\/\/neantvert.eu\/minorin\/?p=13582"},"modified":"2022-02-21T17:59:06","modified_gmt":"2022-02-21T15:59:06","slug":"prix-minorin-2021-cest-parti","status":"publish","type":"post","link":"https:\/\/neantvert.eu\/minorin\/?p=13582","title":{"rendered":"Prix Minorin 2021: C&rsquo;est parti !"},"content":{"rendered":"<div id=\"attachment_13583\" style=\"width: 610px\" class=\"wp-caption aligncenter\"><a href=\"http:\/\/neantvert.eu\/minorin\/wp-content\/uploads\/2022\/02\/PRINCESS-CONNECT-REDIVE-SECOND-SEASON-4.jpg\"><img loading=\"lazy\" decoding=\"async\" aria-describedby=\"caption-attachment-13583\" class=\"size-medium wp-image-13583\" src=\"http:\/\/neantvert.eu\/minorin\/wp-content\/uploads\/2022\/02\/PRINCESS-CONNECT-REDIVE-SECOND-SEASON-4-600x338.jpg\" alt=\"\" width=\"600\" height=\"338\" srcset=\"https:\/\/neantvert.eu\/minorin\/wp-content\/uploads\/2022\/02\/PRINCESS-CONNECT-REDIVE-SECOND-SEASON-4-600x338.jpg 600w, https:\/\/neantvert.eu\/minorin\/wp-content\/uploads\/2022\/02\/PRINCESS-CONNECT-REDIVE-SECOND-SEASON-4-1024x576.jpg 1024w, https:\/\/neantvert.eu\/minorin\/wp-content\/uploads\/2022\/02\/PRINCESS-CONNECT-REDIVE-SECOND-SEASON-4-768x432.jpg 768w, https:\/\/neantvert.eu\/minorin\/wp-content\/uploads\/2022\/02\/PRINCESS-CONNECT-REDIVE-SECOND-SEASON-4-1536x864.jpg 1536w, https:\/\/neantvert.eu\/minorin\/wp-content\/uploads\/2022\/02\/PRINCESS-CONNECT-REDIVE-SECOND-SEASON-4.jpg 1920w\" sizes=\"(max-width: 600px) 100vw, 600px\" \/><\/a><p id=\"caption-attachment-13583\" class=\"wp-caption-text\">Quand c&rsquo;est l&rsquo;heure de lancer les votes !<\/p><\/div>\n<p>Nouvelle ann\u00e9e, et on ne perds pas la main ! Il est d\u00e9sormais temps pour tous et toutes de se pr\u00e9parer pour les <strong>prix Minorin \u00e9dition 2021. <\/strong>Vous vous rendez compte que c&rsquo;est d\u00e9j\u00e0 la dixi\u00e8me \u00e9dition ? Le temps file, comme on dit !<\/p>\n<p>Comme toujours, l&rsquo;objectif n&rsquo;a pas chang\u00e9: nous sommes ici <strong>pour c\u00e9l\u00e9brer le meilleur de l&rsquo;animation japonaise de l&rsquo;ann\u00e9e \u00e9coul\u00e9e !<\/strong> Et cela via une vingtaine de prix qui seront remport\u00e9s par diff\u00e9rents anim\u00e9s, le tout gr\u00e2ce aux votes d&rsquo;un jury qui reste, comme chaque ann\u00e9e, ouvert \u00e0 toutes et tous !<\/p>\n<p>Histoire de continuer la tradion, je me pr\u00e9sente une nouvelle fois: je suis Amo, <a href=\"https:\/\/twitter.com\/PiscesAmo\">PiscesAmo sur Twitter<\/a>, pr\u00e9sident et fondateur de l\u2019association Forum Thalie, blogueur sur N\u00e9ant Vert, streamer et podcasteur via quelques \u00e9missions sp\u00e9cialis\u00e9es. Je suis le fondateur du blog Minorin, sur lequel vous \u00eates en ce moment, et donc naturellement je suis l\u2019organisateur des Prix Minorin depuis 2013. Mon travail d\u2019organisateur consiste \u00e0 faire \u00e9norm\u00e9ment de choses: contact des jur\u00e9s, r\u00e9cup\u00e9ration des bulletins de vote, d\u00e9pouillage, comptage, mise en forme des classements et pr\u00e9sentation des r\u00e9sultats devant un public La seule chose que je ne fais plus <a href=\"http:\/\/neantvert.eu\/minorin\/?p=12622\">c\u2019est les articles qui r\u00e9sument les r\u00e9sultats<\/a>, qui ont \u00e9t\u00e9 g\u00e9r\u00e9es magnifiquement ces quatre derni\u00e8res ann\u00e9es par Nock !<\/p>\n<p>Maintenant, place aux informations.<\/p>\n<div id=\"attachment_13586\" style=\"width: 650px\" class=\"wp-caption aligncenter\"><a href=\"http:\/\/neantvert.eu\/minorin\/wp-content\/uploads\/2022\/02\/Minorin03.jpg\"><img loading=\"lazy\" decoding=\"async\" aria-describedby=\"caption-attachment-13586\" class=\"size-large wp-image-13586\" src=\"http:\/\/neantvert.eu\/minorin\/wp-content\/uploads\/2022\/02\/Minorin03-1024x576.jpg\" alt=\"\" width=\"640\" height=\"360\" srcset=\"https:\/\/neantvert.eu\/minorin\/wp-content\/uploads\/2022\/02\/Minorin03-1024x576.jpg 1024w, https:\/\/neantvert.eu\/minorin\/wp-content\/uploads\/2022\/02\/Minorin03-600x338.jpg 600w, https:\/\/neantvert.eu\/minorin\/wp-content\/uploads\/2022\/02\/Minorin03-768x432.jpg 768w, https:\/\/neantvert.eu\/minorin\/wp-content\/uploads\/2022\/02\/Minorin03.jpg 1280w\" sizes=\"(max-width: 640px) 100vw, 640px\" \/><\/a><p id=\"caption-attachment-13586\" class=\"wp-caption-text\">Quand tu as les yeux braqu\u00e9s sur les infos<\/p><\/div>\n<h1>C\u2019est quoi, du coup, les Prix Minorin ?<\/h1>\n<p>Les Prix Minorin, donc, c\u00e9l\u00e8brent \u00ab le pire et le meilleur \u00bb de l\u2019animation japonaise depuis 2013. Le programme est celui d\u2019une remise de prix assez classique: plusieurs cat\u00e9gories (\u00ab meilleure OST \u00bb, \u00ab meilleur g\u00e9n\u00e9rique \u00bb, \u00ab meilleure animation \u00bb) dans laquelle \u00e0 chaque fois un vainqueur est habilement d\u00e9sign\u00e9 via des votes.<\/p>\n<p>Comment le vainqueur est d\u00e9sign\u00e9 ? <strong>A l\u2019aide d\u2019un jury.<\/strong> Ce jur\u00e9 est compos\u00e9 uniquement <strong>de volontaires, <\/strong>qui sont venus se porter candidat \u00e0 l\u2019organisation de ce prix. <em>N<\/em><em>\u2019importe qui<\/em> peut se porter volontaire et venir voter, amenant ainsi sa propre vision de l\u2019animation japonaise. Ses propres go\u00fbts, ses propres exp\u00e9riences. L\u2019an dernier le jur\u00e9 \u00e9tait compos\u00e9 de <strong>49 personnes !<\/strong><\/p>\n<p>Le vote se fait via le remplissage d\u2019un bulletin de vote, qui peut \u00eatre rempli et envoy\u00e9 n\u2019importe quand pendant toute la p\u00e9riode de vote.<\/p>\n<p>&nbsp;<\/p>\n<h1>Quand et o\u00f9 ?<\/h1>\n<p><strong>Quand: <\/strong>Le lundi 11 avril, \u00e0 partir de 21h !<\/p>\n<p><strong>O\u00f9 ? <\/strong>Sur Twitch, une nouvelle fois. <a href=\"https:\/\/www.twitch.tv\/piscesamo\/\">Et en l&rsquo;occurence mon twitch personnel &#8211; twitch.tv\/piscesamo !<\/a><\/p>\n<p>Pas de c\u00e9r\u00e9monie physique cette ann\u00e9e ? Eh oui, h\u00e9l\u00e0s. Le timing est un peu compliqu\u00e9, je pense qu&rsquo;\u00e0 un ou deux mois pr\u00e8s \u00e7a aurait pu \u00eatre bon (si \u00e9videmment la pand\u00e9mie ne conna\u00eet pas un nouveau rebondissement.) Dans l&rsquo;ensemble, il aurait \u00e9t\u00e9 <em>difficile<\/em> pour moi d&rsquo;organiser une c\u00e9r\u00e9monie cette ann\u00e9e, et y&rsquo;a encore 2 ou 3 incertitudes qui n&rsquo;aident pas vraiment. La d\u00e9cision est donc prise pour, cette ann\u00e9e et on esp\u00e8re la derni\u00e8re, de faire la c\u00e9r\u00e9monie exclusivement sur Twitch.<\/p>\n<p>Ca avait bien march\u00e9 les deux ann\u00e9es pr\u00e9c\u00e9dentes donc je n&rsquo;ai pas non plus <em>\u00e9norm\u00e9ment<\/em> de regrets. Mais j&rsquo;esp\u00e8re que l&rsquo;ann\u00e9e prochaine sera la bonne.<\/p>\n<p>Quant \u00e0 la date, j&rsquo;aurais aim\u00e9 r\u00e9iter\u00e9 une date dominicale mais vous aurez not\u00e9 que avril, cette ann\u00e9e, correspond \u00e9galement \u00e0 un mois d&rsquo;\u00e9ch\u00e9ances \u00e9lectorales. J&rsquo;ai donc privil\u00e9gi\u00e9 une date situ\u00e9e en soir\u00e9e et en semaine. La c\u00e9r\u00e9monie devrait durer deux heures maximum !<\/p>\n<div id=\"attachment_13589\" style=\"width: 650px\" class=\"wp-caption aligncenter\"><a href=\"http:\/\/neantvert.eu\/minorin\/wp-content\/uploads\/2022\/02\/Minorin04.jpg\"><img loading=\"lazy\" decoding=\"async\" aria-describedby=\"caption-attachment-13589\" class=\"wp-image-13589 size-large\" src=\"http:\/\/neantvert.eu\/minorin\/wp-content\/uploads\/2022\/02\/Minorin04-1024x576.jpg\" alt=\"\" width=\"640\" height=\"360\" srcset=\"https:\/\/neantvert.eu\/minorin\/wp-content\/uploads\/2022\/02\/Minorin04-1024x576.jpg 1024w, https:\/\/neantvert.eu\/minorin\/wp-content\/uploads\/2022\/02\/Minorin04-600x338.jpg 600w, https:\/\/neantvert.eu\/minorin\/wp-content\/uploads\/2022\/02\/Minorin04-768x432.jpg 768w, https:\/\/neantvert.eu\/minorin\/wp-content\/uploads\/2022\/02\/Minorin04-1536x864.jpg 1536w, https:\/\/neantvert.eu\/minorin\/wp-content\/uploads\/2022\/02\/Minorin04.jpg 1920w\" sizes=\"(max-width: 640px) 100vw, 640px\" \/><\/a><p id=\"caption-attachment-13589\" class=\"wp-caption-text\">Quand tu apprends que c&rsquo;est toujours pas en pr\u00e9sentiel cette ann\u00e9e aussi<\/p><\/div>\n<p>&nbsp;<\/p>\n<h1>Devenir jury: comment \u00e7a marche ?<\/h1>\n<p>Je le rappelle, je l\u2019ass\u00e8ne: <strong>le jury est ouvert \u00e0 tous ceux et \u00e0 toutes celles qui souhaitent le rejoindre.<\/strong> Il n\u2019y a pas d\u2019exigence particuli\u00e8re, vous n\u2019avez pas besoin de justifier d\u2019un blog, d\u2019une cha\u00eene Youtube \u00e0 10 000 abonn\u00e9s ou d\u2019un compte Twitter particuli\u00e8rement influent. Tant que vous aimez l\u2019animation japonaise et que vous vous sentez \u00e0 l\u2019aise \u00e0 l\u2019id\u00e9e de voter, consid\u00e9rez vous comme bienvenu au sein du groupe !<\/p>\n<p>Il vous suffit donc de prendre contact avec moi (se r\u00e9f\u00e9rer du coup au paragraphe suivant) et je vous ajouterais ainsi \u00e0 la liste des jur\u00e9s. Vous recevrez le fichier d&rsquo;information, le bulletin de votes et roulez jeunesse !<\/p>\n<p>&nbsp;<\/p>\n<h1>Du coup qui contacter, et comment, pour devenir jur\u00e9 Minorin ?<\/h1>\n<p>Vous avez d\u00e9j\u00e0 \u00e9t\u00e9 jur\u00e9 l\u2019an dernier ? <strong>Un mail vous sera envoy\u00e9 dans la soir\u00e9e du 21 f\u00e9vrier \u00e0 l&rsquo;adresse que vous aviez indiqu\u00e9 l&rsquo;an dernier !<\/strong> N\u2019h\u00e9sitez pas \u00e0 me notifier si vous ne l\u2019avez pas re\u00e7u !<\/p>\n<p><strong>Vous souhaitez rejoindre le jury ?<\/strong> <strong><a href=\"mailto:amo.teur@gmail.com\">Il vous suffit de m\u2019envoyer un mail \u00e0 l\u2019adresse amo.teur@gmail.com<\/a> ! <\/strong>Oui j\u2019utilise encore le courriel en 2022. Mettez bien en objet du mail \u00ab Prix Minorin \u00bb, pr\u00e9sentez vous un tout petit peu dedans que je sache qui vous \u00eates et hop, voil\u00e0, je vous rajoute \u00e0 la liste des jur\u00e9s et vous recevrez rapidement le document d\u2019information ainsi que le bulletin de vote vierge pour participer \u00e0 l\u2019\u00e9dition 2021 ! Si \u00e0 la mi-mars vous n\u2019avez toujours rien re\u00e7u n\u2019ayez pas peur soit de me relancer par mail, soit de carr\u00e9ment me contacter par DM sur Twitter (<a href=\"https:\/\/twitter.com\/PiscesAmo\">@PiscesAmo, je r\u00e9p\u00e8te.<\/a>)<\/p>\n<p>Note: si vous avez d\u00e9j\u00e0 \u00e9t\u00e9 jur\u00e9 \u00e0 une pr\u00e9c\u00e9dente \u00e9dition <em>mais pas celle de l\u2019an dernier<\/em>, merci n\u00e9anmoins de reprendre contact avec moi pour signaler votre int\u00e9r\u00eat !<\/p>\n<p>Dans tous les cas, si vous \u00eates int\u00e9resses pour rejoindre le jury, une seule deadline \u00e0 respecter: <strong>le dimanche 20 mars, 23h59 !<\/strong> Au d\u00e9l\u00e0, vous ne pourrez plus rejoindre les votants, donc n\u2019h\u00e9sitez pas !<\/p>\n<p>&nbsp;<\/p>\n<div id=\"attachment_13584\" style=\"width: 863px\" class=\"wp-caption aligncenter\"><a href=\"http:\/\/neantvert.eu\/minorin\/wp-content\/uploads\/2022\/02\/Minorin01.jpg\"><img loading=\"lazy\" decoding=\"async\" aria-describedby=\"caption-attachment-13584\" class=\"size-full wp-image-13584\" src=\"http:\/\/neantvert.eu\/minorin\/wp-content\/uploads\/2022\/02\/Minorin01.jpg\" alt=\"\" width=\"853\" height=\"480\" srcset=\"https:\/\/neantvert.eu\/minorin\/wp-content\/uploads\/2022\/02\/Minorin01.jpg 853w, https:\/\/neantvert.eu\/minorin\/wp-content\/uploads\/2022\/02\/Minorin01-600x338.jpg 600w, https:\/\/neantvert.eu\/minorin\/wp-content\/uploads\/2022\/02\/Minorin01-768x432.jpg 768w\" sizes=\"(max-width: 853px) 100vw, 853px\" \/><\/a><p id=\"caption-attachment-13584\" class=\"wp-caption-text\">Quand tu d\u00e9barques avec ton bulletin dans la bo\u00eete mail de l&rsquo;organisation<\/p><\/div>\n<p>&nbsp;<\/p>\n<h1>Quelles nouveaut\u00e9s cette ann\u00e9e ?<\/h1>\n<p>Deux principales:<\/p>\n<ul>\n<li>Retour <strong>du prix de l&rsquo;anim\u00e9 court. <\/strong>En gros le prix visant \u00e0 r\u00e9compenser les s\u00e9ries au format court &#8211; \u00e9pisodes de moins de 15 minutes en moyenne.<\/li>\n<li>Introduction <strong>du prix du meilleur clip musical. <\/strong>Ce prix visera \u00e0 r\u00e9compenser les meilleurs clips musicaux (!) faisant usage de techniques d&rsquo;animation.<\/li>\n<\/ul>\n<p>Une autre nouveaut\u00e9, plus mineure, est que d\u00e9sormais les films d&rsquo;animation sont \u00e9ligibles au prix de \u00ab\u00a0meilleur anim\u00e9.\u00a0\u00bb Cela va t-il cr\u00e9er du chaos ? On exp\u00e9rimente !<\/p>\n<p>&nbsp;<\/p>\n<h1>R\u00e9capitulatif du calendrier des Prix Minorin 2021<\/h1>\n<p>Du coup, pour r\u00e9capituler les diff\u00e9rentes dates en une liste toute simple:<\/p>\n<ul>\n<li><strong>20 F\u00e9vrier 2021: <\/strong>C\u00e9r\u00e9monie d&rsquo;annonce et d\u00e9but de la distribution des formulaires de vote par mail et ouverture des inscriptions au jury<\/li>\n<li><strong>Dimanche 20 Mars, 23h59: <\/strong>Date limite pour s\u2019inscrire au jury<\/li>\n<li><strong>Dimanche 27 Mars, 23h59: <\/strong>Date limite pour soumettre ses votes<\/li>\n<li><strong>Lundi 11 Avril 2021, 21h: <\/strong>C\u00e9r\u00e9monie de remises des prix, diffus\u00e9e sur Twitch.<\/li>\n<li><strong>Mardi 12 Avril:<\/strong> Envoi des formulaires de commentaire du palmar\u00e8s aupr\u00e8s des membres du jury<\/li>\n<li><strong>Mai:<\/strong> Publication de l\u2019article r\u00e9capitulatif du palmar\u00e8s, avec commentaires du jury<\/li>\n<\/ul>\n<p>&nbsp;<\/p>\n<h1>Il y&rsquo;avait une c\u00e9r\u00e9monie d&rsquo;annonce ?<\/h1>\n<p>C&rsquo;\u00e9tait sur mon Twitch personnel !<\/p>\n<p>Vous pouvez la revoir en replay <a href=\"https:\/\/www.twitch.tv\/videos\/1304852125\">en cliquant ici.<\/a><\/p>\n<p>&nbsp;<\/p>\n<div id=\"attachment_13585\" style=\"width: 650px\" class=\"wp-caption aligncenter\"><a href=\"http:\/\/neantvert.eu\/minorin\/wp-content\/uploads\/2022\/02\/Minorin02.jpg\"><img loading=\"lazy\" decoding=\"async\" aria-describedby=\"caption-attachment-13585\" class=\"wp-image-13585 size-large\" src=\"http:\/\/neantvert.eu\/minorin\/wp-content\/uploads\/2022\/02\/Minorin02-1024x576.jpg\" alt=\"\" width=\"640\" height=\"360\" srcset=\"https:\/\/neantvert.eu\/minorin\/wp-content\/uploads\/2022\/02\/Minorin02-1024x576.jpg 1024w, https:\/\/neantvert.eu\/minorin\/wp-content\/uploads\/2022\/02\/Minorin02-600x338.jpg 600w, https:\/\/neantvert.eu\/minorin\/wp-content\/uploads\/2022\/02\/Minorin02-768x432.jpg 768w, https:\/\/neantvert.eu\/minorin\/wp-content\/uploads\/2022\/02\/Minorin02.jpg 1280w\" sizes=\"(max-width: 640px) 100vw, 640px\" \/><\/a><p id=\"caption-attachment-13585\" class=\"wp-caption-text\">Quand il est temps d&rsquo;aller disrupter le jury<\/p><\/div>\n<p>&nbsp;<\/p>\n<h1>C&rsquo;est tout ?<\/h1>\n<p>C&rsquo;est tout !<\/p>\n<p>Encore une fois je vous remercie d&rsquo;avance de votre confiance. C&rsquo;est toujours pour moi un plaisir d&rsquo;organiser ce petit \u00e9venement et j&rsquo;ai d\u00e9j\u00e0 h\u00e2te de faire chauffer le logiciel de montage pour illustrer les r\u00e9sultats que vous allez m&rsquo;offrir.<\/p>\n<p>2021 fut une ann\u00e9e que j&rsquo;ai trouv\u00e9 tr\u00e8s int\u00e9ressante et tr\u00e8s foisonnante en terme d&rsquo;anim\u00e9s, avec beaucoup de concurrence ! J&rsquo;esp\u00e8re que vous avez \u00e9t\u00e9 aussi enthousiasm\u00e9 par cette ann\u00e9e que moi.<\/p>\n<p>Encore une fois n&rsquo;h\u00e9sitez vraiment pas \u00e0 vous porter candidat au jury si vous \u00eates passionn\u00e9~<\/p>\n<p>En vous souhaitant un tr\u00e8s bon mois de mars et en vous donnant rendez-vous soit en avril, soit dans votre bo\u00eete mail !<\/p>\n<p>Des bisous !<\/p>\n","protected":false},"excerpt":{"rendered":"<p>Nouvelle ann\u00e9e, et on ne perds pas la main ! Il est d\u00e9sormais temps pour tous et toutes de se pr\u00e9parer pour les prix Minorin \u00e9dition 2021. Vous vous rendez compte que c&rsquo;est d\u00e9j\u00e0 la dixi\u00e8me \u00e9dition ? Le temps file, comme on dit ! Comme toujours, l&rsquo;objectif n&rsquo;a pas chang\u00e9: nous sommes ici pour [&hellip;]<\/p>\n","protected":false},"author":1,"featured_media":0,"comment_status":"open","ping_status":"closed","sticky":false,"template":"","format":"standard","meta":{"ngg_post_thumbnail":0,"jetpack_post_was_ever_published":false,"_jetpack_newsletter_access":"","_jetpack_dont_email_post_to_subs":false,"_jetpack_newsletter_tier_id":0,"_jetpack_memberships_contains_paywalled_content":false,"_jetpack_memberships_contains_paid_content":false,"footnotes":"","jetpack_publicize_message":"","jetpack_publicize_feature_enabled":true,"jetpack_social_post_already_shared":true,"jetpack_social_options":{"image_generator_settings":{"template":"highway","enabled":false},"version":2}},"categories":[739],"tags":[],"class_list":["post-13582","post","type-post","status-publish","format-standard","hentry","category-prix-minorin"],"jetpack_publicize_connections":[],"jetpack_featured_media_url":"","jetpack_sharing_enabled":true,"jetpack_shortlink":"https:\/\/wp.me\/p4IbxV-3x4","_links":{"self":[{"href":"https:\/\/neantvert.eu\/minorin\/index.php?rest_route=\/wp\/v2\/posts\/13582"}],"collection":[{"href":"https:\/\/neantvert.eu\/minorin\/index.php?rest_route=\/wp\/v2\/posts"}],"about":[{"href":"https:\/\/neantvert.eu\/minorin\/index.php?rest_route=\/wp\/v2\/types\/post"}],"author":[{"embeddable":true,"href":"https:\/\/neantvert.eu\/minorin\/index.php?rest_route=\/wp\/v2\/users\/1"}],"replies":[{"embeddable":true,"href":"https:\/\/neantvert.eu\/minorin\/index.php?rest_route=%2Fwp%2Fv2%2Fcomments&post=13582"}],"version-history":[{"count":6,"href":"https:\/\/neantvert.eu\/minorin\/index.php?rest_route=\/wp\/v2\/posts\/13582\/revisions"}],"predecessor-version":[{"id":13593,"href":"https:\/\/neantvert.eu\/minorin\/index.php?rest_route=\/wp\/v2\/posts\/13582\/revisions\/13593"}],"wp:attachment":[{"href":"https:\/\/neantvert.eu\/minorin\/index.php?rest_route=%2Fwp%2Fv2%2Fmedia&parent=13582"}],"wp:term":[{"taxonomy":"category","embeddable":true,"href":"https:\/\/neantvert.eu\/minorin\/index.php?rest_route=%2Fwp%2Fv2%2Fcategories&post=13582"},{"taxonomy":"post_tag","embeddable":true,"href":"https:\/\/neantvert.eu\/minorin\/index.php?rest_route=%2Fwp%2Fv2%2Ftags&post=13582"}],"curies":[{"name":"wp","href":"https:\/\/api.w.org\/{rel}","templated":true}]}}