{"id":14486,"date":"2023-03-12T23:36:25","date_gmt":"2023-03-12T21:36:25","guid":{"rendered":"https:\/\/neantvert.eu\/minorin\/?p=14486"},"modified":"2023-03-12T23:36:25","modified_gmt":"2023-03-12T21:36:25","slug":"prix-minorin-2022-cest-parti","status":"publish","type":"post","link":"https:\/\/neantvert.eu\/minorin\/?p=14486","title":{"rendered":"Prix Minorin 2022: c&rsquo;est parti !"},"content":{"rendered":"<div id=\"attachment_14487\" style=\"width: 610px\" class=\"wp-caption aligncenter\"><a href=\"http:\/\/neantvert.eu\/minorin\/wp-content\/uploads\/2023\/03\/THE-MAGICAL-REVOLUTION-OF-THE-REINCARNATED-PRINCESS-AND-THE-GENIUS-YOUNG-LADY-69.jpg\"><img loading=\"lazy\" decoding=\"async\" aria-describedby=\"caption-attachment-14487\" class=\"size-medium wp-image-14487\" src=\"http:\/\/neantvert.eu\/minorin\/wp-content\/uploads\/2023\/03\/THE-MAGICAL-REVOLUTION-OF-THE-REINCARNATED-PRINCESS-AND-THE-GENIUS-YOUNG-LADY-69-600x338.jpg\" alt=\"\" width=\"600\" height=\"338\" srcset=\"https:\/\/neantvert.eu\/minorin\/wp-content\/uploads\/2023\/03\/THE-MAGICAL-REVOLUTION-OF-THE-REINCARNATED-PRINCESS-AND-THE-GENIUS-YOUNG-LADY-69-600x338.jpg 600w, https:\/\/neantvert.eu\/minorin\/wp-content\/uploads\/2023\/03\/THE-MAGICAL-REVOLUTION-OF-THE-REINCARNATED-PRINCESS-AND-THE-GENIUS-YOUNG-LADY-69-1024x576.jpg 1024w, https:\/\/neantvert.eu\/minorin\/wp-content\/uploads\/2023\/03\/THE-MAGICAL-REVOLUTION-OF-THE-REINCARNATED-PRINCESS-AND-THE-GENIUS-YOUNG-LADY-69-768x432.jpg 768w, https:\/\/neantvert.eu\/minorin\/wp-content\/uploads\/2023\/03\/THE-MAGICAL-REVOLUTION-OF-THE-REINCARNATED-PRINCESS-AND-THE-GENIUS-YOUNG-LADY-69-1536x864.jpg 1536w, https:\/\/neantvert.eu\/minorin\/wp-content\/uploads\/2023\/03\/THE-MAGICAL-REVOLUTION-OF-THE-REINCARNATED-PRINCESS-AND-THE-GENIUS-YOUNG-LADY-69.jpg 1920w\" sizes=\"(max-width: 600px) 100vw, 600px\" \/><\/a><p id=\"caption-attachment-14487\" class=\"wp-caption-text\">Alors, pr\u00eat \u00e0 voter ?<\/p><\/div>\n<p>&nbsp;<\/p>\n<p>D\u00e9j\u00e0 dix ans que les Prix Minorin existent, le temps passe vite quand on s&rsquo;amuse ! Et il est donc temps de commencer \u00e0 organiser cette nouvelle \u00e9dition, tous ensemble !<\/p>\n<p>Comme toujours, l\u2019objectif n\u2019a pas chang\u00e9: nous sommes ici <strong>pour c\u00e9l\u00e9brer le meilleur de l\u2019animation japonaise de l\u2019ann\u00e9e \u00e9coul\u00e9e !<\/strong> Et cela via une vingtaine de prix qui seront remport\u00e9s par diff\u00e9rents anim\u00e9s, le tout gr\u00e2ce aux votes d\u2019un jury qui reste, comme chaque ann\u00e9e, ouvert \u00e0 toutes et tous !<\/p>\n<p>&nbsp;<\/p>\n<p>&nbsp;<\/p>\n<h1 style=\"text-align: center;\">C&rsquo;est quoi les Prix Minorin ?<\/h1>\n<p>Les Prix Minorin, donc, c\u00e9l\u00e8brent \u00ab le pire et le meilleur \u00bb de l\u2019animation japonaise depuis 2013. Le programme est celui d\u2019une remise de prix assez classique: plusieurs cat\u00e9gories (\u00ab meilleure OST \u00bb, \u00ab meilleur g\u00e9n\u00e9rique \u00bb, \u00ab meilleure animation \u00bb) dans laquelle \u00e0 chaque fois un vainqueur est habilement d\u00e9sign\u00e9 via des votes.<\/p>\n<p>Comment le vainqueur est d\u00e9sign\u00e9 ? <strong>A l\u2019aide d\u2019un jury.<\/strong> Ce jur\u00e9 est compos\u00e9 uniquement <strong>de volontaires, <\/strong>qui sont venus se porter candidat \u00e0 l\u2019organisation de ce prix. <em>N<\/em><em>\u2019importe qui<\/em> peut se porter volontaire et venir voter, amenant ainsi sa propre vision de l\u2019animation japonaise. Ses propres go\u00fbts, ses propres exp\u00e9riences. L\u2019an dernier le jur\u00e9 \u00e9tait compos\u00e9 de <strong>49 personnes !<\/strong><\/p>\n<p>Le vote se fait via le remplissage d\u2019un bulletin de vote, qui peut \u00eatre rempli et envoy\u00e9 n\u2019importe quand pendant toute la p\u00e9riode de vote.<\/p>\n<p>&nbsp;<\/p>\n<h1 style=\"text-align: center;\">Quand et o\u00f9 ?<\/h1>\n<p><strong>Quand: <\/strong>La c\u00e9r\u00e9monie prendra place le <strong>dimanche 30 avril, \u00e0 partir de 20h.<\/strong><\/p>\n<p><strong>O\u00f9 ? <\/strong>Sur Twitch, une nouvelle fois. <a href=\"https:\/\/www.twitch.tv\/amoaimo\">Et en l\u2019occurence la cha\u00eene AmoAimo \u2013 twitch.tv\/amoaimo !<\/a><\/p>\n<p>De nombreux facteurs &#8211; d&rsquo;ordre personnels pour la majorit\u00e9 &#8211; n&rsquo;ont pas pu permettre de rendre possible l&rsquo;organisation de la c\u00e9r\u00e9monie en physique cette ann\u00e9e. Cela n&rsquo;est encore que temporaire, et on esp\u00e8re pouvoir \u00e0 l&rsquo;avenir proposer une c\u00e9r\u00e9monie qui pourrait \u00eatre \u00e0 la fois physique ET visible en distanciel.<\/p>\n<p>&nbsp;<\/p>\n<div id=\"attachment_14488\" style=\"width: 610px\" class=\"wp-caption aligncenter\"><a href=\"http:\/\/neantvert.eu\/minorin\/wp-content\/uploads\/2023\/03\/TOMO-CHAN-EST-UNE-FILLE-7.jpg\"><img loading=\"lazy\" decoding=\"async\" aria-describedby=\"caption-attachment-14488\" class=\"size-medium wp-image-14488\" src=\"http:\/\/neantvert.eu\/minorin\/wp-content\/uploads\/2023\/03\/TOMO-CHAN-EST-UNE-FILLE-7-600x338.jpg\" alt=\"\" width=\"600\" height=\"338\" srcset=\"https:\/\/neantvert.eu\/minorin\/wp-content\/uploads\/2023\/03\/TOMO-CHAN-EST-UNE-FILLE-7-600x338.jpg 600w, https:\/\/neantvert.eu\/minorin\/wp-content\/uploads\/2023\/03\/TOMO-CHAN-EST-UNE-FILLE-7-1024x576.jpg 1024w, https:\/\/neantvert.eu\/minorin\/wp-content\/uploads\/2023\/03\/TOMO-CHAN-EST-UNE-FILLE-7-768x432.jpg 768w, https:\/\/neantvert.eu\/minorin\/wp-content\/uploads\/2023\/03\/TOMO-CHAN-EST-UNE-FILLE-7-1536x864.jpg 1536w, https:\/\/neantvert.eu\/minorin\/wp-content\/uploads\/2023\/03\/TOMO-CHAN-EST-UNE-FILLE-7.jpg 1920w\" sizes=\"(max-width: 600px) 100vw, 600px\" \/><\/a><p id=\"caption-attachment-14488\" class=\"wp-caption-text\">Ganbare pour le retour en pr\u00e9sentiel !<\/p><\/div>\n<p>&nbsp;<\/p>\n<h1 style=\"text-align: center;\">Devenir jury: comment \u00e7a marche ?<\/h1>\n<p>Je le rappelle, je l\u2019ass\u00e8ne: <strong>le jury est ouvert \u00e0 tous ceux et \u00e0 toutes celles qui souhaitent le rejoindre.<\/strong> Il n\u2019y a pas d\u2019exigence particuli\u00e8re, vous n\u2019avez pas besoin de justifier d\u2019un blog, d\u2019une cha\u00eene Youtube \u00e0 10 000 abonn\u00e9s ou d\u2019un compte Twitter particuli\u00e8rement influent. Tant que vous aimez l\u2019animation japonaise et que vous vous sentez \u00e0 l\u2019aise \u00e0 l\u2019id\u00e9e de voter, consid\u00e9rez vous comme bienvenu au sein du groupe !<\/p>\n<p>Il vous suffit donc de prendre contact avec le comit\u00e9 d&rsquo;organisation des prix (se r\u00e9f\u00e9rer du coup au paragraphe suivant) qui vous ajoutera ainsi \u00e0 la liste des jur\u00e9s. Vous recevrez le fichier d\u2019information, le bulletin de votes et roulez jeunesse !<\/p>\n<p>&nbsp;<\/p>\n<h1 style=\"text-align: center;\">Du coup qui contacter, et comment, pour devenir jur\u00e9 Minorin ?<\/h1>\n<p>Vous avez d\u00e9j\u00e0 \u00e9t\u00e9 jur\u00e9 l\u2019an dernier ? <strong>Un mail vous a d\u00e9j\u00e0 \u00e9t\u00e9 envoy\u00e9 \u00e0 l\u2019adresse que vous aviez indiqu\u00e9 l\u2019an dernier !<\/strong><\/p>\n<p>N\u2019h\u00e9sitez pas \u00e0 nous notifier si vous ne l\u2019avez pas re\u00e7u !<\/p>\n<p><strong>Vous souhaitez rejoindre le jury ?<\/strong> <strong><a href=\"mailto:prixminorin@gmail.com\">Il vous suffit de nous envoyer un mail \u00e0 l\u2019adresse prixminorin@gmail.com<\/a> ! <\/strong><\/p>\n<p>Mettez bien en objet du mail \u00ab Prix Minorin \u00bb, pr\u00e9sentez vous un tout petit peu dedans que je sache qui vous \u00eates et hop, voil\u00e0, je vous rajoute \u00e0 la liste des jur\u00e9s et vous recevrez rapidement le document d\u2019information ainsi que le bulletin de vote vierge pour participer \u00e0 l\u2019\u00e9dition 2021 !<\/p>\n<p>Si 48 heures apr\u00e8s l&rsquo;envoi de votre mail, vous n&rsquo;avez pas de r\u00e9ponses n&rsquo;h\u00e9sitez pas \u00e0 nous relancer.<\/p>\n<p>Note: si vous avez d\u00e9j\u00e0 \u00e9t\u00e9 jur\u00e9 \u00e0 une pr\u00e9c\u00e9dente \u00e9dition <em>mais pas celle de l\u2019an dernier<\/em>, merci n\u00e9anmoins de reprendre contact avec moi pour signaler votre int\u00e9r\u00eat !<\/p>\n<p>Dans tous les cas, si vous \u00eates int\u00e9resses pour rejoindre le jury, une seule deadline \u00e0 respecter: <strong>le dimanche 9 avril, 23h59 !<\/strong> Au d\u00e9l\u00e0, vous ne pourrez plus rejoindre les votants, donc n\u2019h\u00e9sitez pas !<\/p>\n<p>&nbsp;<\/p>\n<div id=\"attachment_14489\" style=\"width: 610px\" class=\"wp-caption aligncenter\"><a href=\"http:\/\/neantvert.eu\/minorin\/wp-content\/uploads\/2023\/03\/TRIGUN-STAMPEDE-23.jpg\"><img loading=\"lazy\" decoding=\"async\" aria-describedby=\"caption-attachment-14489\" class=\"size-medium wp-image-14489\" src=\"http:\/\/neantvert.eu\/minorin\/wp-content\/uploads\/2023\/03\/TRIGUN-STAMPEDE-23-600x338.jpg\" alt=\"\" width=\"600\" height=\"338\" srcset=\"https:\/\/neantvert.eu\/minorin\/wp-content\/uploads\/2023\/03\/TRIGUN-STAMPEDE-23-600x338.jpg 600w, https:\/\/neantvert.eu\/minorin\/wp-content\/uploads\/2023\/03\/TRIGUN-STAMPEDE-23-1024x576.jpg 1024w, https:\/\/neantvert.eu\/minorin\/wp-content\/uploads\/2023\/03\/TRIGUN-STAMPEDE-23-768x432.jpg 768w, https:\/\/neantvert.eu\/minorin\/wp-content\/uploads\/2023\/03\/TRIGUN-STAMPEDE-23-1536x864.jpg 1536w, https:\/\/neantvert.eu\/minorin\/wp-content\/uploads\/2023\/03\/TRIGUN-STAMPEDE-23.jpg 1920w\" sizes=\"(max-width: 600px) 100vw, 600px\" \/><\/a><p id=\"caption-attachment-14489\" class=\"wp-caption-text\">Pas besoin de nous envoyer votre photo: juste une ptite pr\u00e9sentation suffit<\/p><\/div>\n<p>&nbsp;<\/p>\n<h1 style=\"text-align: center;\">Quelles nouveaut\u00e9s cette ann\u00e9e ?<\/h1>\n<p>La nouveaut\u00e9 est d&rsquo;ordre organisationnel: les prix sont d\u00e9sormais organis\u00e9s par un <strong>comit\u00e9 d&rsquo;organisation. <\/strong>Ce comit\u00e9 de cinq personnes s&rsquo;occupera du comptage des votes et des pr\u00e9paratifs de la c\u00e9r\u00e9monie. Tout \u00e9tait auparavant fait et g\u00e9r\u00e9 par une seule personne &#8211; c&rsquo;\u00e9tait fait sans d\u00e9plaisir, mais il n&rsquo;est pas souhaitable que \u00e7a continue comme \u00e7a !<\/p>\n<p>Autre point, deux cat\u00e9gories ont \u00e9t\u00e9 retir\u00e9es par rapport \u00e0 l&rsquo;an dernier: le prix du meilleur anim\u00e9 court (car pas assez d&rsquo;anim\u00e9s courts cette ann\u00e9e pour que ce soit pertinent) et le prix du meilleur clip musical (qui devra \u00eatre retravaill\u00e9 suite \u00e0 l&rsquo;exp\u00e9rience de l&rsquo;an dernier.)<\/p>\n<p>&nbsp;<\/p>\n<h1 style=\"text-align: center;\">R\u00e9capitulatif du calendrier des Prix Minorin 2021<\/h1>\n<p>Du coup, pour r\u00e9capituler les diff\u00e9rentes dates en une liste toute simple:<\/p>\n<ul>\n<li><strong>12 Mars 2023: <\/strong>C\u00e9r\u00e9monie d\u2019annonce et d\u00e9but de la distribution des formulaires de vote par mail et ouverture des inscriptions au jury<\/li>\n<li><strong>Dimanche 9 Avril, 23h59: <\/strong>Date limite pour s\u2019inscrire au jury<\/li>\n<li><strong>Dimanche 16 Avril, 23h59: <\/strong>Date limite pour soumettre ses votes<\/li>\n<li><strong>Dimanche 30 Avril, 20h00: <\/strong>C\u00e9r\u00e9monie de remises des prix, diffus\u00e9e sur Twitch.<\/li>\n<li><strong>Lundi 1er mai:&nbsp;<\/strong> Envoi des formulaires de commentaire du palmar\u00e8s aupr\u00e8s des membres du jury<\/li>\n<li><strong>Fin mai \/ d\u00e9but juin:<\/strong> Publication de l\u2019article r\u00e9capitulatif du palmar\u00e8s, avec commentaires du jury<\/li>\n<\/ul>\n<p>&nbsp;<\/p>\n<p>Sur ce, on vous donne rendez-vous dans la bo\u00eete mail des prix ou bien pour la c\u00e9r\u00e9monie de fin avril !<\/p>\n<p>En vous remerciant de votre confiance, et en vous souhaitant de bons votes~ !<\/p>\n<p>&nbsp;<\/p>\n<div id=\"attachment_14490\" style=\"width: 357px\" class=\"wp-caption aligncenter\"><a href=\"http:\/\/neantvert.eu\/minorin\/wp-content\/uploads\/2023\/03\/gremlin.png\"><img loading=\"lazy\" decoding=\"async\" aria-describedby=\"caption-attachment-14490\" class=\"size-full wp-image-14490\" src=\"http:\/\/neantvert.eu\/minorin\/wp-content\/uploads\/2023\/03\/gremlin.png\" alt=\"\" width=\"347\" height=\"404\"><\/a><p id=\"caption-attachment-14490\" class=\"wp-caption-text\">a plus dans le bus !<\/p><\/div>\n","protected":false},"excerpt":{"rendered":"<p>&nbsp; D\u00e9j\u00e0 dix ans que les Prix Minorin existent, le temps passe vite quand on s&rsquo;amuse ! Et il est donc temps de commencer \u00e0 organiser cette nouvelle \u00e9dition, tous ensemble ! Comme toujours, l\u2019objectif n\u2019a pas chang\u00e9: nous sommes ici pour c\u00e9l\u00e9brer le meilleur de l\u2019animation japonaise de l\u2019ann\u00e9e \u00e9coul\u00e9e ! Et cela via [&hellip;]<\/p>\n","protected":false},"author":1,"featured_media":0,"comment_status":"open","ping_status":"closed","sticky":false,"template":"","format":"standard","meta":{"ngg_post_thumbnail":0,"jetpack_post_was_ever_published":false,"_jetpack_newsletter_access":"","_jetpack_dont_email_post_to_subs":false,"_jetpack_newsletter_tier_id":0,"_jetpack_memberships_contains_paywalled_content":false,"_jetpack_memberships_contains_paid_content":false,"footnotes":"","jetpack_publicize_message":"","jetpack_publicize_feature_enabled":true,"jetpack_social_post_already_shared":true,"jetpack_social_options":{"image_generator_settings":{"template":"highway","enabled":false},"version":2}},"categories":[739],"tags":[742],"class_list":["post-14486","post","type-post","status-publish","format-standard","hentry","category-prix-minorin","tag-prix-minorin-2022"],"jetpack_publicize_connections":[],"jetpack_featured_media_url":"","jetpack_sharing_enabled":true,"jetpack_shortlink":"https:\/\/wp.me\/p4IbxV-3LE","_links":{"self":[{"href":"https:\/\/neantvert.eu\/minorin\/index.php?rest_route=\/wp\/v2\/posts\/14486"}],"collection":[{"href":"https:\/\/neantvert.eu\/minorin\/index.php?rest_route=\/wp\/v2\/posts"}],"about":[{"href":"https:\/\/neantvert.eu\/minorin\/index.php?rest_route=\/wp\/v2\/types\/post"}],"author":[{"embeddable":true,"href":"https:\/\/neantvert.eu\/minorin\/index.php?rest_route=\/wp\/v2\/users\/1"}],"replies":[{"embeddable":true,"href":"https:\/\/neantvert.eu\/minorin\/index.php?rest_route=%2Fwp%2Fv2%2Fcomments&post=14486"}],"version-history":[{"count":1,"href":"https:\/\/neantvert.eu\/minorin\/index.php?rest_route=\/wp\/v2\/posts\/14486\/revisions"}],"predecessor-version":[{"id":14491,"href":"https:\/\/neantvert.eu\/minorin\/index.php?rest_route=\/wp\/v2\/posts\/14486\/revisions\/14491"}],"wp:attachment":[{"href":"https:\/\/neantvert.eu\/minorin\/index.php?rest_route=%2Fwp%2Fv2%2Fmedia&parent=14486"}],"wp:term":[{"taxonomy":"category","embeddable":true,"href":"https:\/\/neantvert.eu\/minorin\/index.php?rest_route=%2Fwp%2Fv2%2Fcategories&post=14486"},{"taxonomy":"post_tag","embeddable":true,"href":"https:\/\/neantvert.eu\/minorin\/index.php?rest_route=%2Fwp%2Fv2%2Ftags&post=14486"}],"curies":[{"name":"wp","href":"https:\/\/api.w.org\/{rel}","templated":true}]}}