{"id":2494,"date":"2013-04-06T21:14:24","date_gmt":"2013-04-06T19:14:24","guid":{"rendered":"http:\/\/neantvert.eu\/minorin\/?p=2494"},"modified":"2013-04-06T22:06:59","modified_gmt":"2013-04-06T20:06:59","slug":"aku-no-hana-01-les-adaptations-cet-univers-impitoyable","status":"publish","type":"post","link":"https:\/\/neantvert.eu\/minorin\/?p=2494","title":{"rendered":"Aku no Hana 01 &#8211; Les adaptations, cet univers impitoyable"},"content":{"rendered":"<div id=\"attachment_2521\" style=\"width: 510px\" class=\"wp-caption aligncenter\"><a href=\"http:\/\/neantvert.eu\/minorin\/wp-content\/uploads\/2013\/04\/akunohana0112.jpg\"><img loading=\"lazy\" decoding=\"async\" aria-describedby=\"caption-attachment-2521\" class=\"size-medium wp-image-2521\" alt=\"akunohana0112\" src=\"http:\/\/neantvert.eu\/minorin\/wp-content\/uploads\/2013\/04\/akunohana0112-500x281.jpg\" width=\"500\" height=\"281\" srcset=\"https:\/\/neantvert.eu\/minorin\/wp-content\/uploads\/2013\/04\/akunohana0112-500x281.jpg 500w, https:\/\/neantvert.eu\/minorin\/wp-content\/uploads\/2013\/04\/akunohana0112.jpg 560w\" sizes=\"(max-width: 500px) 100vw, 500px\" \/><\/a><p id=\"caption-attachment-2521\" class=\"wp-caption-text\">Libres \u00e0 vous de voir en cette image une m\u00e9taphore, mais non, le message n&rsquo;est pas \u00ab\u00a0Eh ! les mecs de chez Zexcs, je vous pisse \u00e0 la raie !\u00a0\u00bb<\/p><\/div>\n<p style=\"text-align: justify;\"><span style=\"color: #ffffff;\">&#8211;<\/span><\/p>\n<p style=\"text-align: justify;\">[avatar user=\u00a0\u00bbNock\u00a0\u00bb size=\u00a0\u00bboriginal\u00a0\u00bb align=\u00a0\u00bbleft\u00a0\u00bb]<em>Aku no Hana<\/em> (<em>les Fleurs du Mal<\/em>) est un manga en cours de parution au Japon. La publication \u00e0 commenc\u00e9 en 2009 et la s\u00e9rie compte actuellement une dizaine de tomes.<\/p>\n<p style=\"text-align: justify;\">J&rsquo;ai eu l&rsquo;occasion de d\u00e9couvrir ce manga au printemps dernier en feuilletant un des volumes japonais qui m&rsquo;avait tap\u00e9 \u00e0 l\u2019\u0153il. Au milieu de la pile d&rsquo;\u00e9chantillons tr\u00f4nant sur un bureau dans la maison d&rsquo;\u00e9dition qui m&rsquo;avait pris en stage, les couvertures ont attir\u00e9 mon attention. J&rsquo;ai par la suite lu quelques chapitres en anglais, et d\u00e9couvert que j&rsquo;appr\u00e9ciais plut\u00f4t cette s\u00e9rie.<\/p>\n<p style=\"text-align: justify;\"><span style=\"color: #ffffff;\">&#8211;<\/span><br \/>\nOn peut donc dire que je fais partie des personnes qui ont commenc\u00e9 \u00e0 fantasmer lorsqu&rsquo;un studio (bon, c&rsquo;\u00e9tait Zexcs, certes) a annonc\u00e9 l&rsquo;adaptation de <em>Aku no Hana<\/em>. J&rsquo;ai \u00e9galement souill\u00e9 mes chausses en d\u00e9couvrant que la r\u00e9alisation allait \u00eatre confi\u00e9 \u00e0 l&rsquo;homme qui avait occup\u00e9 ce m\u00eame poste pour des s\u00e9ries comme <em>Mushishi<\/em> ou <em>L&rsquo;Autre Monde<\/em>.<\/p>\n<p style=\"text-align: justify;\">Raisonnablement, je fais donc \u00e9galement parti des personnes quelque peu d\u00e9sappoint\u00e9es par ce premier \u00e9pisode, qui a d\u00e9j\u00e0 fait couler pas mal d&rsquo;encre virtuelle, de ce que j&rsquo;ai cru comprendre.<br \/>\nJe m&rsquo;en vais donc ajouter ma pierre \u00e0 l&rsquo;\u00e9difice. Et soyez pr\u00e9venu, je n&rsquo;ajouterai rien de nouveau par rapport \u00e0 ce qui a d\u00e9j\u00e0 pu \u00eatre dit.<\/p>\n<p style=\"text-align: justify;\"><em><strong>Aku no Hana<\/strong><\/em> \/\/ Zexcs (<em>Umi Monogatari<\/em>, <em>Dark Rabbit<\/em>, <em>Chuu Bra!!<\/em>) \/\/ D\u00e9but\u00e9 en avril 2013 \/\/ 13 \u00e9pisodes pr\u00e9vus \/\/R\u00e9alisateur : Hiroshi Nagahama (<em>Mushishi<\/em>, <em>L&rsquo;Autre Monde<\/em>)<\/p>\n<p style=\"text-align: justify;\"><!--more--><\/p>\n<p style=\"text-align: justify;\"><span style=\"color: #ffffff;\">&#8211;<\/span><\/p>\n<p style=\"text-align: justify;\"><span style=\"text-decoration: underline;\">Avertissement pr\u00e9alable<\/span> : si vous avez d\u00e9j\u00e0 vu cet \u00e9pisode, je vous invite \u00e0 vous rendre directement en deuxi\u00e8me partie de ce billet.<\/p>\n<p style=\"text-align: justify;\">L&rsquo;\u00e9pisode commence par une introduction de deux minutes trente qui n&rsquo;introduit pas grand chose : des images de la ville, l&rsquo;apparence du personnage principal masculin, des lyc\u00e9ens et lyc\u00e9ennes&#8230; Difficile de ne pas comprendre qu&rsquo;on va avoir affaire \u00e0 une histoire se d\u00e9roulant en milieu scolaire dans ce qui semble \u00eatre une petite ville un peu miteuse.<\/p>\n<div id=\"attachment_2507\" style=\"width: 510px\" class=\"wp-caption aligncenter\"><a href=\"http:\/\/neantvert.eu\/minorin\/wp-content\/uploads\/2013\/04\/akunohana0102.jpg\"><img loading=\"lazy\" decoding=\"async\" aria-describedby=\"caption-attachment-2507\" class=\"size-medium wp-image-2507\" alt=\"akunohana0102\" src=\"http:\/\/neantvert.eu\/minorin\/wp-content\/uploads\/2013\/04\/akunohana0102-500x281.jpg\" width=\"500\" height=\"281\" srcset=\"https:\/\/neantvert.eu\/minorin\/wp-content\/uploads\/2013\/04\/akunohana0102-500x281.jpg 500w, https:\/\/neantvert.eu\/minorin\/wp-content\/uploads\/2013\/04\/akunohana0102.jpg 560w\" sizes=\"(max-width: 500px) 100vw, 500px\" \/><\/a><p id=\"caption-attachment-2507\" class=\"wp-caption-text\">Je ne sais pas vous, mais moi, j&rsquo;adorerai vivre dans une si charmante petite commune.<\/p><\/div>\n<p style=\"text-align: justify;\">L\u2019opening se r\u00e9v\u00e8le visuellement assez sobre, et plut\u00f4t dans le style des couvertures du manga.<br \/>\nMusicalement je dirai qu&rsquo;on oscille entre une m\u00e9lodie pas d\u00e9testable mais qui sonne un peu vieillotte, et un chanteur \u00e0 la voix assez exasp\u00e9rante. Un r\u00e9sultat en demi-teinte \u00e0 mon go\u00fbt.<br \/>\nTout cela manque tout de m\u00eame tr\u00e8s clairement de folie, ou tout simplement de dynamisme.<\/p>\n<div id=\"attachment_2505\" style=\"width: 510px\" class=\"wp-caption aligncenter\"><a href=\"http:\/\/neantvert.eu\/minorin\/wp-content\/uploads\/2013\/04\/akunohana0101.jpg\"><img loading=\"lazy\" decoding=\"async\" aria-describedby=\"caption-attachment-2505\" class=\"size-medium wp-image-2505\" alt=\"akunohana0101\" src=\"http:\/\/neantvert.eu\/minorin\/wp-content\/uploads\/2013\/04\/akunohana0101-500x281.jpg\" width=\"500\" height=\"281\" srcset=\"https:\/\/neantvert.eu\/minorin\/wp-content\/uploads\/2013\/04\/akunohana0101-500x281.jpg 500w, https:\/\/neantvert.eu\/minorin\/wp-content\/uploads\/2013\/04\/akunohana0101.jpg 560w\" sizes=\"(max-width: 500px) 100vw, 500px\" \/><\/a><p id=\"caption-attachment-2505\" class=\"wp-caption-text\">On appr\u00e9ciera la sobri\u00e9t\u00e9 du g\u00e9n\u00e9rique et la discr\u00e9tion du logo de la cha\u00eene de TV.<\/p><\/div>\n<p style=\"text-align: justify;\">L&rsquo;\u00e9pisode commence \/ reprend. Nous sommes dans une salle avant le d\u00e9but des cours, en pr\u00e9sence d&rsquo;une conversation entre 3 gar\u00e7ons, dont le \u00ab\u00a0h\u00e9ros\u00a0\u00bb dont on apprend le nom de famille, Kasuga, ainsi que le fait qu&rsquo;il n&rsquo;appr\u00e9cie pas particuli\u00e8rement les jeux vid\u00e9os. Ce n&rsquo;est pas son truc.<br \/>\nLe cours commence. \u00c7a fait 5 minutes que je regarde cette s\u00e9rie. Je n&rsquo;ai appris que le nom de famille du personnage principal.<br \/>\nSoit.<\/p>\n<p style=\"text-align: justify;\">Tiens, voil\u00e0 du nouveau : c&rsquo;est au tour d&rsquo;une demoiselle de la classe, Mlle Saeki, de prendre la parole dans le cadre du cours d&rsquo;anglais. Elle se r\u00e9v\u00e8le plut\u00f4t dou\u00e9e pour cette exercice.<br \/>\nVu le regard en coin que lui jette le jeune Kasuga, on peut se douter que la belle (?) (on y reviendra) ne le laisse vraisemblablement pas indiff\u00e9rent.<\/p>\n<div id=\"attachment_2508\" style=\"width: 510px\" class=\"wp-caption aligncenter\"><a href=\"http:\/\/neantvert.eu\/minorin\/wp-content\/uploads\/2013\/04\/akunohana0103.jpg\"><img loading=\"lazy\" decoding=\"async\" aria-describedby=\"caption-attachment-2508\" class=\"size-medium wp-image-2508\" alt=\"akunohana0103\" src=\"http:\/\/neantvert.eu\/minorin\/wp-content\/uploads\/2013\/04\/akunohana0103-500x281.jpg\" width=\"500\" height=\"281\" srcset=\"https:\/\/neantvert.eu\/minorin\/wp-content\/uploads\/2013\/04\/akunohana0103-500x281.jpg 500w, https:\/\/neantvert.eu\/minorin\/wp-content\/uploads\/2013\/04\/akunohana0103.jpg 560w\" sizes=\"(max-width: 500px) 100vw, 500px\" \/><\/a><p id=\"caption-attachment-2508\" class=\"wp-caption-text\">&#8211; V\u00e9 ! La pitchoune !<\/p><\/div>\n<p style=\"text-align: justify;\">Cours d&rsquo;EPS : les filles (en bloomers, bien s\u00fbr), dispute un match de volley tandis que certains gars ont une conversation l\u00e9g\u00e8rement perverse o\u00f9 il est question de cuisses&#8230; M. Kasuga a les yeux fix\u00e9 sur la jolie Saeki, dont on apprend le pr\u00e9nom, Nanako. Lorsque celle-ci le regarde, il d\u00e9tourne rapidement (et vraiment subtilement) le regard.<\/p>\n<p style=\"text-align: justify;\">Devoir de japonais, Kasuga se perd dans ses r\u00eaveries&#8230;<br \/>\nFin du devoir&#8230; La journ\u00e9e est finie, Kasuga rentre chez lui, en compagnie de 3 autres gar\u00e7ons. Toutefois, en cours de route il les abandonnent pour aller \u00e0 la librairie. Puis il rentre chez lui. On \u00ab\u00a0rencontre\u00a0\u00bb ses parents. Plus tard, dans sa chambre, il commence \u00e0 feuilleter un ouvrage de po\u00e9sie. On d\u00e9couvre sa passion pour ce genre litt\u00e9raire et particuli\u00e8rement pour l\u2019\u0153uvre de Baudelaire. Et puis c&rsquo;est l&rsquo;heure du bain.<\/p>\n<div id=\"attachment_2509\" style=\"width: 510px\" class=\"wp-caption aligncenter\"><a href=\"http:\/\/neantvert.eu\/minorin\/wp-content\/uploads\/2013\/04\/akunohana0104.jpg\"><img loading=\"lazy\" decoding=\"async\" aria-describedby=\"caption-attachment-2509\" class=\"size-medium wp-image-2509\" alt=\"akunohana0104\" src=\"http:\/\/neantvert.eu\/minorin\/wp-content\/uploads\/2013\/04\/akunohana0104-500x281.jpg\" width=\"500\" height=\"281\" srcset=\"https:\/\/neantvert.eu\/minorin\/wp-content\/uploads\/2013\/04\/akunohana0104-500x281.jpg 500w, https:\/\/neantvert.eu\/minorin\/wp-content\/uploads\/2013\/04\/akunohana0104.jpg 560w\" sizes=\"(max-width: 500px) 100vw, 500px\" \/><\/a><p id=\"caption-attachment-2509\" class=\"wp-caption-text\">&#8211; J&rsquo;ai du fumer une merguez !<\/p><\/div>\n<p style=\"text-align: justify;\">Voil\u00e0, la moiti\u00e9 de l&rsquo;\u00e9pisode est pass\u00e9. Lentement. A ce stade, les gens qui ne se sont pas endormis et les fan du manga qui ne sont pas trop perturb\u00e9s par le graphisme (on y reviendra) continuent. Les autres arr\u00eatent le visionnage et supprime sans piti\u00e9 l&rsquo;\u00e9pisode de leur disque dur avant d&rsquo;aller mettre une note de merde \u00e0 la s\u00e9rie sur MAL (\u00e0 l&rsquo;heure actuelle, environ 1000 personnes l&rsquo;ont not\u00e9e, et c&rsquo;est bien la premi\u00e8re fois que je vois une s\u00e9rie tomber sous le le 5 \/10).<\/p>\n<p style=\"text-align: justify;\">Nous sommes le lendemain, le h\u00e9ros se r\u00e9veille p\u00e9niblement, descend l&rsquo;escalier en se grattant le post\u00e9rieur, prend son petit d\u00e9jeuner et part au lyc\u00e9e.<\/p>\n<div id=\"attachment_2510\" style=\"width: 510px\" class=\"wp-caption aligncenter\"><a href=\"http:\/\/neantvert.eu\/minorin\/wp-content\/uploads\/2013\/04\/akunohana0105.jpg\"><img loading=\"lazy\" decoding=\"async\" aria-describedby=\"caption-attachment-2510\" class=\"size-medium wp-image-2510\" alt=\"akunohana0105\" src=\"http:\/\/neantvert.eu\/minorin\/wp-content\/uploads\/2013\/04\/akunohana0105-500x281.jpg\" width=\"500\" height=\"281\" srcset=\"https:\/\/neantvert.eu\/minorin\/wp-content\/uploads\/2013\/04\/akunohana0105-500x281.jpg 500w, https:\/\/neantvert.eu\/minorin\/wp-content\/uploads\/2013\/04\/akunohana0105.jpg 560w\" sizes=\"(max-width: 500px) 100vw, 500px\" \/><\/a><p id=\"caption-attachment-2510\" class=\"wp-caption-text\">Bonjour la classe ! Bel exemple pour la jeunesse.<\/p><\/div>\n<p style=\"text-align: justify;\">Le prof rend des devoirs de maths; le h\u00e9ros semble s&rsquo;\u00eatre craqu\u00e9. Son ami \/ voisin de table rep\u00e8re le bouquin qu&rsquo;il planque sous son bureau (les Fleurs du Mal), l&rsquo;attrape et commence \u00e0 l&#8217;emmerder avec \u00e7a. Tandis que Kasuga lui dit qu&rsquo;il n&rsquo;est qu&rsquo;un ignare incapable d&rsquo;appr\u00e9cier la grandeur de l\u2019\u0153uvre du po\u00e8te maudit, son ami se fout gentiment de sa gueule en lui d\u00e9clarant qu&rsquo;il est bien le seul tar\u00e9 au monde \u00e0 appr\u00e9cier une telle merde.<\/p>\n<p style=\"text-align: justify;\">Mais leur dispute s\u2019interrompt quand le prof rend sa copie \u00e0 Saeki (la dulcin\u00e9e de Kasuga) en la f\u00e9licitant, car avec 98 \/ 100, elle a la meilleure note de la classe.<\/p>\n<p style=\"text-align: justify;\">Il est temps de faire connaissance avec le 3e personnage principal de l&rsquo;histoire, Mlle Nakamura, qui est l&rsquo;anti-Saeki : peu populaire dans la classe car consid\u00e9r\u00e9e comme tar\u00e9e, elle est aussi nettement moins dou\u00e9e pour les \u00e9tudes : la preuve, elle a eu 0 \/ 100 \u00e0 son devoir de math. Et tandis que le prof commence \u00e0 la r\u00e9primander, elle r\u00e9agit de fa\u00e7on rationnelle : en l&rsquo;insultant.<br \/>\nUn instant, le prof h\u00e9site \u00e0 la frapper, mais le regard qu&rsquo;elle lui lance semble l\u2019effrayer.<\/p>\n<div id=\"attachment_2511\" style=\"width: 510px\" class=\"wp-caption aligncenter\"><a href=\"http:\/\/neantvert.eu\/minorin\/wp-content\/uploads\/2013\/04\/akunohana0106.jpg\"><img loading=\"lazy\" decoding=\"async\" aria-describedby=\"caption-attachment-2511\" class=\"size-medium wp-image-2511\" alt=\"akunohana0106\" src=\"http:\/\/neantvert.eu\/minorin\/wp-content\/uploads\/2013\/04\/akunohana0106-500x281.jpg\" width=\"500\" height=\"281\" srcset=\"https:\/\/neantvert.eu\/minorin\/wp-content\/uploads\/2013\/04\/akunohana0106-500x281.jpg 500w, https:\/\/neantvert.eu\/minorin\/wp-content\/uploads\/2013\/04\/akunohana0106.jpg 560w\" sizes=\"(max-width: 500px) 100vw, 500px\" \/><\/a><p id=\"caption-attachment-2511\" class=\"wp-caption-text\">Le regard qui tue, la vil\u00e9nie incarn\u00e9. Bang !<\/p><\/div>\n<p style=\"text-align: justify;\">Sur le chemin du retour, notre \u00ab\u00a0h\u00e9ros\u00a0\u00bb et ses \u00ab\u00a0amis\u00a0\u00bb parlent d&rsquo;elle : elle est quand m\u00eame un peu flippante. En plus, on ne sait jamais ce qui lui passe par la t\u00eate. M\u00eame si la survie de l&rsquo;esp\u00e8ce humaine en d\u00e9pendait, je ne me mettrai jamais en couple avec elle. Blablabla, ce genre de chose.<br \/>\nLa conversation d\u00e9rive et voil\u00e0 qu&rsquo;on se rend compte que tous les mecs de la classe sont vraisemblablement amoureux de Saeki&#8230; Ce qui a l&rsquo;air de choquer Kasuga (genre il ne s&rsquo;\u00e9tait pas rendu compte qu&rsquo;il n&rsquo;est pas le seul \u00e0 kiffer l&rsquo;idole de la classe, la fille belle (?), intelligente et populaire&#8230;)<\/p>\n<p style=\"text-align: justify;\">Mais soudain, horreur ! Il se rend compte qu&rsquo;il a oubli\u00e9 son exemplaire des <em>Fleurs du Mal<\/em> en classe. Le voil\u00e0 reparti dans l&rsquo;autre sens.<br \/>\nArriv\u00e9 dans la classe, il s&#8217;empare du livre oubli\u00e9. Mais ce n&rsquo;est pas tout. Il constate qu&rsquo;il n&rsquo;est pas le seul \u00e0 avoir oubli\u00e9 quelque chose en classe : son idole a, semble-t-il, omis de ramener chez elle le sac contenant ses affaire de sport.<\/p>\n<div id=\"attachment_2512\" style=\"width: 510px\" class=\"wp-caption aligncenter\"><a href=\"http:\/\/neantvert.eu\/minorin\/wp-content\/uploads\/2013\/04\/akunohana0107.jpg\"><img loading=\"lazy\" decoding=\"async\" aria-describedby=\"caption-attachment-2512\" class=\"size-medium wp-image-2512\" alt=\"akunohana0107\" src=\"http:\/\/neantvert.eu\/minorin\/wp-content\/uploads\/2013\/04\/akunohana0107-500x281.jpg\" width=\"500\" height=\"281\" srcset=\"https:\/\/neantvert.eu\/minorin\/wp-content\/uploads\/2013\/04\/akunohana0107-500x281.jpg 500w, https:\/\/neantvert.eu\/minorin\/wp-content\/uploads\/2013\/04\/akunohana0107.jpg 560w\" sizes=\"(max-width: 500px) 100vw, 500px\" \/><\/a><p id=\"caption-attachment-2512\" class=\"wp-caption-text\">Une id\u00e9e \u00e9tranger germa dans son esprit. S&rsquo;il se mettait les bloomers de celle qu&rsquo;il aimait sur la t\u00eate, ici et maintenant, il atteindrait un stade sup\u00e9rieur d&rsquo;existence.<\/p><\/div>\n<p style=\"text-align: justify;\">Une chanson tr\u00e8s bizarre (et, avouons-le, pas franchement terrible, voire m\u00eame assez inaudible) d\u00e9bute et les images laisse la place \u00e0 l&rsquo;ending : du texte blanc d\u00e9filant sur fond noir&#8230; Nice !<\/p>\n<div id=\"attachment_2513\" style=\"width: 510px\" class=\"wp-caption aligncenter\"><a href=\"http:\/\/neantvert.eu\/minorin\/wp-content\/uploads\/2013\/04\/akunohana0108.jpg\"><img loading=\"lazy\" decoding=\"async\" aria-describedby=\"caption-attachment-2513\" class=\"size-medium wp-image-2513\" alt=\"akunohana0108\" src=\"http:\/\/neantvert.eu\/minorin\/wp-content\/uploads\/2013\/04\/akunohana0108-500x281.jpg\" width=\"500\" height=\"281\" srcset=\"https:\/\/neantvert.eu\/minorin\/wp-content\/uploads\/2013\/04\/akunohana0108-500x281.jpg 500w, https:\/\/neantvert.eu\/minorin\/wp-content\/uploads\/2013\/04\/akunohana0108.jpg 560w\" sizes=\"(max-width: 500px) 100vw, 500px\" \/><\/a><p id=\"caption-attachment-2513\" class=\"wp-caption-text\">H\u00e9las, il fut stopp\u00e9 en plein \u00e9lan par un ending foireux.<\/p><\/div>\n<p style=\"text-align: justify;\"><strong>Bon, passons \u00e0 quelque chose de plus concret, les reproches (parce que oui, j&rsquo;ai des reproches \u00e0 faire).<\/strong><\/p>\n<p style=\"text-align: justify;\"><span style=\"color: #ffffff;\">&#8211;<\/span><\/p>\n<h4 style=\"text-align: justify;\">Semblant d&rsquo;avis sur l&rsquo;\u00e9pisode<\/h4>\n<p style=\"text-align: justify;\">Avant de passer \u00e0 l&rsquo;obligatoire commentaire sur la forme (vous vous en doutiez, difficile de passer \u00e0 c\u00f4t\u00e9), attaquons<strong> la question du fond<\/strong>.<\/p>\n<p style=\"text-align: justify;\">C&rsquo;est moi o\u00f9 cet \u00e9pisode est chiant, tra\u00eene en longueur, ne nous apprend rien, n&rsquo;introduit \u00e0 peu pr\u00e8s rien.<br \/>\nA l&rsquo;issu de cet \u00e9pisode, on connait (tr\u00e8s vaguement) les 3 personnages principaux : on sait que le h\u00e9ros et amoureux de la fille parfaite et que la troisi\u00e8me est un peu tar\u00e9.<br \/>\nSoit.<br \/>\nCeci dit, j&rsquo;ai r\u00eav\u00e9 ou cette \u00e9pisode n&rsquo;adapte m\u00eame pas la moiti\u00e9 du premier chapitre du manga (qui fait environ 40 pages), c&rsquo;est \u00e0 dire qu&rsquo;il pr\u00e9sente approximativement la situation initiale et esquisse vaguement, dans les 3 derni\u00e8res secondes un micro-bout de l&rsquo;\u00e9l\u00e9ment perturbateur.<br \/>\nGrosso modo, on se retrouve avec l&rsquo;impression de regarder un anime constitu\u00e9 de tranches de vie traitant d&rsquo;un lyc\u00e9en un peu chiant et f\u00e9ru de po\u00e9sie. Je peux comprendre que certains n&rsquo;aient eu aucune h\u00e9sitation \u00e0 dropper la s\u00e9rie \u00e0 l&rsquo;issue du premier \u00e9pisode. Il n&rsquo;y a quasiment rien, aucune tension.<\/p>\n<div id=\"attachment_2514\" style=\"width: 510px\" class=\"wp-caption aligncenter\"><a href=\"http:\/\/neantvert.eu\/minorin\/wp-content\/uploads\/2013\/04\/akunohana0109.jpg\"><img loading=\"lazy\" decoding=\"async\" aria-describedby=\"caption-attachment-2514\" class=\"size-medium wp-image-2514\" alt=\"akunohana0109\" src=\"http:\/\/neantvert.eu\/minorin\/wp-content\/uploads\/2013\/04\/akunohana0109-500x281.jpg\" width=\"500\" height=\"281\" srcset=\"https:\/\/neantvert.eu\/minorin\/wp-content\/uploads\/2013\/04\/akunohana0109-500x281.jpg 500w, https:\/\/neantvert.eu\/minorin\/wp-content\/uploads\/2013\/04\/akunohana0109.jpg 560w\" sizes=\"(max-width: 500px) 100vw, 500px\" \/><\/a><p id=\"caption-attachment-2514\" class=\"wp-caption-text\">Comment veulent-ils nous passionner, si m\u00eame leur personnage principal a l&rsquo;air de s&#8217;emmerder ?<\/p><\/div>\n<p style=\"text-align: justify;\">Certes, le spectateur pas con se doute en partie de ce qui va arriver. La personne qui a lu le manga sait que \u00e7a va devenir plus prenant par la suite, mais pourrait-on reprocher \u00e0 quelqu&rsquo;un de n&rsquo;avoir aucune envie de continuer la s\u00e9rie apr\u00e8s un tel \u00e9pisode.<br \/>\nPour faire court, je dirait que cet \u00e9pisode manque vraiment de passion, de tonus, et ne donnera absolument pas envie \u00e0 quelqu&rsquo;un l&rsquo;ayant regard\u00e9 un peu par curiosit\u00e9 de continuer. Sauf s&rsquo;il appr\u00e9cie les tranches de vie d&rsquo;apparence r\u00e9aliste.<br \/>\nRien non plus ne nous donne envie d&rsquo;appr\u00e9cier les personnages. Quels personnages d&rsquo;ailleurs ? Un anti-h\u00e9ros antipathique dont on ne connait m\u00eame pas le pr\u00e9nom ? Une fille populaire dont on ne sait rien ? Une sorte de folle furieuse ?<\/p>\n<p style=\"text-align: justify;\">Et puis il y a la seconde question, celle qui fait r\u00e9agir depuis hier soir : <strong>la question de la forme<\/strong>.<br \/>\nAutant dire que je n&rsquo;adh\u00e8re pas (mais vraiment pas) \u00e0 l&rsquo;apparence de cette s\u00e9rie. C&rsquo;est original, certes (encore que je ne crois pas que l&rsquo;originalit\u00e9 soit n\u00e9cessairement une bonne chose), mais regardons les choses en face, c&rsquo;est plut\u00f4t d\u00e9routant.<br \/>\nCe que pas mal de gens semblent reprocher \u00e0 la s\u00e9rie, c&rsquo;est qu&rsquo;elle ne respecte pas du tout le graphisme original du manga. Avec un peu de recul, ce n&rsquo;est pas en soi, ce qui me pose le plus de probl\u00e8me.<br \/>\nJe veux dire, que la s\u00e9rie s&rsquo;\u00e9loigne un peu du travail du mangaka n&rsquo;est pas tellement un probl\u00e8me, d&rsquo;autant plus que l\u2019\u0153uvre originale n&rsquo;est pas forc\u00e9ment super belle, et que le dessin est assez bateau, sans grande personnalit\u00e9.<br \/>\nL\u00e0 o\u00f9 le bat blesse, je trouve, c&rsquo;est au niveau du chara-design.<br \/>\nL\u00e0 aussi, je ne trouve pas que la <del>rectoscopie<\/del> rotoscopie soit une mauvaise id\u00e9e en soit. J&rsquo;irai m\u00eame jusqu&rsquo;\u00e0 dire que, chose rare, elle permet de donner aux personnages une morphologie plus r\u00e9aliste que ce que l&rsquo;on peut voir en temps normal. Les personnages ne sont pas super bien foutus. \u00c7a tombe bien, la majorit\u00e9 des \u00eatres humains ne le sont pas non plus.<\/p>\n<p style=\"text-align: justify;\">Sauf qu&rsquo;il y a le cas des visages des personnage. Et bon, s\u00e9rieusement, j&rsquo;ai un peu (beaucoup) de mal \u00e0 y accrocher. Saeki est cens\u00e9e \u00eatre la bombe du lyc\u00e9e et franchement, on ressent quand m\u00eame quelques doutes.<br \/>\nMais mon plus gros probl\u00e8me, concerne tout de m\u00eame Kasuga. Oui, je trouve \u00e7a con de lui avoir mis cette tronche l\u00e0. Non une gueule de bish\u00f4nen h\u00e9ros de drama ne lui convient pas. Oui ce mec est cens\u00e9 avoir une t\u00eate \u00e0 mi-chemin entre le bizut et le pervers (\u00e7a tombe bien, il est un peu les deux). Pas une gueule de beau gosse sombre chanteur de <em>visual key<\/em> et amateur de po\u00e9sie trop dark (ouais, je suis fan de Beaudelaire, mais tu ne peux pas connaitre).<\/p>\n<div id=\"attachment_2516\" style=\"width: 510px\" class=\"wp-caption aligncenter\"><a href=\"http:\/\/neantvert.eu\/minorin\/wp-content\/uploads\/2013\/04\/akunohana0111.jpg\"><img loading=\"lazy\" decoding=\"async\" aria-describedby=\"caption-attachment-2516\" class=\"size-medium wp-image-2516\" alt=\"akunohana0111\" src=\"http:\/\/neantvert.eu\/minorin\/wp-content\/uploads\/2013\/04\/akunohana0111-500x344.jpg\" width=\"500\" height=\"344\" srcset=\"https:\/\/neantvert.eu\/minorin\/wp-content\/uploads\/2013\/04\/akunohana0111-500x344.jpg 500w, https:\/\/neantvert.eu\/minorin\/wp-content\/uploads\/2013\/04\/akunohana0111.jpg 620w\" sizes=\"(max-width: 500px) 100vw, 500px\" \/><\/a><p id=\"caption-attachment-2516\" class=\"wp-caption-text\">Bon, je ne suis pas un grand fan des comparaison, mais reconnaissez qu&rsquo;il y a quand m\u00eame une l\u00e9g\u00e8re diff\u00e9rence entre ce gar\u00e7on&#8230;<\/p><\/div>\n<div id=\"attachment_2515\" style=\"width: 510px\" class=\"wp-caption aligncenter\"><a href=\"http:\/\/neantvert.eu\/minorin\/wp-content\/uploads\/2013\/04\/akunohana0110.jpg\"><img loading=\"lazy\" decoding=\"async\" aria-describedby=\"caption-attachment-2515\" class=\"size-medium wp-image-2515\" alt=\"akunohana0110\" src=\"http:\/\/neantvert.eu\/minorin\/wp-content\/uploads\/2013\/04\/akunohana0110-500x281.jpg\" width=\"500\" height=\"281\" srcset=\"https:\/\/neantvert.eu\/minorin\/wp-content\/uploads\/2013\/04\/akunohana0110-500x281.jpg 500w, https:\/\/neantvert.eu\/minorin\/wp-content\/uploads\/2013\/04\/akunohana0110.jpg 560w\" sizes=\"(max-width: 500px) 100vw, 500px\" \/><\/a><p id=\"caption-attachment-2515\" class=\"wp-caption-text\">&#8230; et celui-ci.<\/p><\/div>\n<p style=\"text-align: justify;\">Apr\u00e8s, je suis une bille pour d\u00e9terminer si une animation est r\u00e9ussie ou pas, donc je ne dirait rien l\u00e0-dessus.<\/p>\n<p style=\"text-align: justify;\"><strong>Concluons<\/strong><\/p>\n<p style=\"text-align: justify;\">Le studio a fait un choix graphique plut\u00f4t particulier. <a href=\"http:\/\/forums.animesuki.com\/showpost.php?s=2effd933636d71d70026b567ba96d260&amp;p=4622098&amp;postcount=169\">C&rsquo;est la volont\u00e9 m\u00eame du r\u00e9alisateur, l&rsquo;auteur a totalement approuv\u00e9 ce choix<\/a> (Merci pour le lien ElKaizer).<br \/>\nSoit.<br \/>\nPour ma part, je n&rsquo;accroche pas du tout \u00e0 ce style dans le sens o\u00f9 il massacre totalement les tronches des personnages.<\/p>\n<p style=\"text-align: justify;\">Le premier \u00e9pisode est d&rsquo;une mollesse absolument remarquable et s&rsquo;arr\u00eate \u00e0 mon avis trop t\u00f4t par rapport au manga.<\/p>\n<p style=\"text-align: justify;\">Comme je l&rsquo;ai lu ce matin : quitte \u00e0 faire un premier \u00e9pisode se voulant r\u00e9aliste et \u00e9tant finalement assez chiant et quitte \u00e0 choisir un style graphique donnant une apparence tr\u00e8s r\u00e9elle aux personnages, pourquoi ne pas en avoir fait directement un drama ?<br \/>\nD&rsquo;ailleurs, d&rsquo;apr\u00e8s le lien ci-dessus, la premi\u00e8re pens\u00e9e du r\u00e9alisateur par rapport \u00e0 ce manga et que quitte \u00e0 l&rsquo;adapter, un drama collerait mieux qu&rsquo;une s\u00e9rie anim\u00e9e.<br \/>\nPourquoi ne pas l&rsquo;avoir \u00e9cout\u00e9 ?<br \/>\nJe con\u00e7ois qu&rsquo;il ait fait le choix de se d\u00e9marquer du mat\u00e9riau original, afin de proposer plus qu&rsquo;une simple adaptation d&rsquo;un manga. Apr\u00e8s, il faut reconnaitre que le r\u00e9sultat est particulier et, r\u00e9p\u00e9tons-le une \u00e9ni\u00e8me fois, assez peu engageant.<\/p>\n<p style=\"text-align: justify;\"><strong>Alors maintenant que j&rsquo;ai dit \u00e0 peu pr\u00e8s tout ce qui me passait par la t\u00eate, petit bilan.<\/strong><br \/>\nNon, je n&rsquo;ai pas accroch\u00e9 \u00e0 ce premier \u00e9pisode.<br \/>\nNon, il ne m&rsquo;a pas vraiment donn\u00e9 envie de voir la suite.<br \/>\nOui, je vais quand m\u00eame mater les \u00e9pisodes suivant, ne serait que pour le nom du r\u00e9alisateur et le fait que le mat\u00e9riau de base est plut\u00f4t bon.<\/p>\n<p style=\"text-align: justify;\"><strong>Est-ce que je conseille cet anime ?<\/strong><\/p>\n<p style=\"text-align: justify;\"><strong><\/strong>Je vous conseillerai plut\u00f4t d&rsquo;aller lire quelques chapitres, quelques volumes, du manga, et de revenir vers la s\u00e9rie si vous avez accroch\u00e9.<\/p>\n","protected":false},"excerpt":{"rendered":"<p>&#8211; [avatar user=\u00a0\u00bbNock\u00a0\u00bb size=\u00a0\u00bboriginal\u00a0\u00bb align=\u00a0\u00bbleft\u00a0\u00bb]Aku no Hana (les Fleurs du Mal) est un manga en cours de parution au Japon. La publication \u00e0 commenc\u00e9 en 2009 et la s\u00e9rie compte actuellement une dizaine de tomes. J&rsquo;ai eu l&rsquo;occasion de d\u00e9couvrir ce manga au printemps dernier en feuilletant un des volumes japonais qui m&rsquo;avait tap\u00e9 \u00e0 [&hellip;]<\/p>\n","protected":false},"author":3,"featured_media":0,"comment_status":"open","ping_status":"closed","sticky":false,"template":"","format":"standard","meta":{"ngg_post_thumbnail":0,"jetpack_post_was_ever_published":false,"_jetpack_newsletter_access":"","_jetpack_dont_email_post_to_subs":false,"_jetpack_newsletter_tier_id":0,"_jetpack_memberships_contains_paywalled_content":false,"_jetpack_memberships_contains_paid_content":false,"footnotes":"","jetpack_publicize_message":"","jetpack_publicize_feature_enabled":true,"jetpack_social_post_already_shared":false,"jetpack_social_options":{"image_generator_settings":{"template":"highway","enabled":false},"version":2}},"categories":[1],"tags":[119,120,110,121],"class_list":["post-2494","post","type-post","status-publish","format-standard","hentry","category-frais","tag-adaptation-de-manga","tag-aku-no-hana","tag-printemps-2013","tag-zexcs"],"jetpack_publicize_connections":[],"jetpack_featured_media_url":"","jetpack_sharing_enabled":true,"jetpack_shortlink":"https:\/\/wp.me\/p4IbxV-Ee","_links":{"self":[{"href":"https:\/\/neantvert.eu\/minorin\/index.php?rest_route=\/wp\/v2\/posts\/2494"}],"collection":[{"href":"https:\/\/neantvert.eu\/minorin\/index.php?rest_route=\/wp\/v2\/posts"}],"about":[{"href":"https:\/\/neantvert.eu\/minorin\/index.php?rest_route=\/wp\/v2\/types\/post"}],"author":[{"embeddable":true,"href":"https:\/\/neantvert.eu\/minorin\/index.php?rest_route=\/wp\/v2\/users\/3"}],"replies":[{"embeddable":true,"href":"https:\/\/neantvert.eu\/minorin\/index.php?rest_route=%2Fwp%2Fv2%2Fcomments&post=2494"}],"version-history":[{"count":32,"href":"https:\/\/neantvert.eu\/minorin\/index.php?rest_route=\/wp\/v2\/posts\/2494\/revisions"}],"predecessor-version":[{"id":2538,"href":"https:\/\/neantvert.eu\/minorin\/index.php?rest_route=\/wp\/v2\/posts\/2494\/revisions\/2538"}],"wp:attachment":[{"href":"https:\/\/neantvert.eu\/minorin\/index.php?rest_route=%2Fwp%2Fv2%2Fmedia&parent=2494"}],"wp:term":[{"taxonomy":"category","embeddable":true,"href":"https:\/\/neantvert.eu\/minorin\/index.php?rest_route=%2Fwp%2Fv2%2Fcategories&post=2494"},{"taxonomy":"post_tag","embeddable":true,"href":"https:\/\/neantvert.eu\/minorin\/index.php?rest_route=%2Fwp%2Fv2%2Ftags&post=2494"}],"curies":[{"name":"wp","href":"https:\/\/api.w.org\/{rel}","templated":true}]}}