{"id":2682,"date":"2013-04-10T16:34:35","date_gmt":"2013-04-10T14:34:35","guid":{"rendered":"http:\/\/neantvert.eu\/minorin\/?p=2682"},"modified":"2013-04-10T16:39:33","modified_gmt":"2013-04-10T14:39:33","slug":"karneval-01-my-little-circus-cant-be-this-gay","status":"publish","type":"post","link":"https:\/\/neantvert.eu\/minorin\/?p=2682","title":{"rendered":"Karneval 01 \u2013 My Little Circus Can&rsquo;t Be This Gay"},"content":{"rendered":"<div id=\"attachment_2684\" style=\"width: 510px\" class=\"wp-caption aligncenter\"><a href=\"http:\/\/neantvert.eu\/minorin\/wp-content\/uploads\/2013\/04\/Karneval0101.png\"><img loading=\"lazy\" decoding=\"async\" aria-describedby=\"caption-attachment-2684\" class=\"size-medium wp-image-2684\" alt=\"Karneval0101\" src=\"http:\/\/neantvert.eu\/minorin\/wp-content\/uploads\/2013\/04\/Karneval0101-500x281.png\" width=\"500\" height=\"281\" srcset=\"https:\/\/neantvert.eu\/minorin\/wp-content\/uploads\/2013\/04\/Karneval0101-500x281.png 500w, https:\/\/neantvert.eu\/minorin\/wp-content\/uploads\/2013\/04\/Karneval0101-1024x576.png 1024w, https:\/\/neantvert.eu\/minorin\/wp-content\/uploads\/2013\/04\/Karneval0101.png 1280w\" sizes=\"(max-width: 500px) 100vw, 500px\" \/><\/a><p id=\"caption-attachment-2684\" class=\"wp-caption-text\"><strong>\u00ab The Human Centiped: The Animation \u00bb<\/strong><\/p><\/div>\n<p>&nbsp;<\/p>\n[avatar user=\u00a0\u00bbNady\u00a0\u00bb size=\u00a0\u00bboriginal\u00a0\u00bb align=\u00a0\u00bbleft\u00a0\u00bb]\n<p align=\"LEFT\">Si vous aussi vous tra\u00eenez parfois au rayon \u00ab\u00a0Manga\u00a0\u00bb, il vous est peut-\u00eatre arriv\u00e9 de voir du coin de l\u2019\u0153il <a href=\"http:\/\/myanimelist.net\/manga\/10270\/Karneval\"><i>Karneval <\/i><\/a>avec ses couvertures over satur\u00e9es de beaux gar\u00e7ons aux allures d&rsquo;homosexuels. Eh bien, voil\u00e0 <a href=\"http:\/\/myanimelist.net\/anime\/16035\/Karneval_%28TV%29\">l&rsquo;anime<\/a>. AUTANT DIRE QUE J&rsquo;AVAIS H\u00c2TE\u00a0! On va dire que c&rsquo;est la suite spirituelle d&rsquo;Amnesia, et DIEU SAIT QU&rsquo;AMNESIA C&rsquo;\u00c9TAIT <a href=\"http:\/\/media-cache-ak0.pinimg.com\/550x\/4d\/08\/04\/4d0804fc4147aa9ad9088983ac2ff9bc.jpg\">PAS DU TOUT CHIANT<\/a> COMME ANIME\u00a0! Regardons donc ce premier \u00e9pisode avec enthousiasme. Attention aux abus de CAPSLOCK et de PONCTUATIONS\u00a0!!!!!<\/p>\n<p align=\"LEFT\">\u00a0<strong><del>Carnaval<\/del> <a href=\"http:\/\/us.123rf.com\/400wm\/400\/400\/nito500\/nito5001102\/nito500110200385\/8919563-masques-de-carnaval-et-de-confettis-de-differentes-couleurs.jpg\">Karneval<\/a>\u00a0<\/strong>\/\/ Manglobe \/\/ Pr\u00e9vu pour 13 \u00e9pisodes \/\/ D\u00e9but\u00e9 le 4 avril 2013 \/\/ R\u00e9alisateur : Eiji Suganuma (<a href=\"http:\/\/myanimelist.net\/anime\/2403\/Kodomo_no_Jikan\">Kodomo no Jikan<\/a> (<a href=\"http:\/\/media-cache-ec2.pinterest.com\/550x\/1f\/93\/3b\/1f933b2032cf64f4c3a7e2f2ace5406f.jpg\">what the fuck<\/a>), <a href=\"http:\/\/myanimelist.net\/anime\/10397\/Mashiroiro_Symphony:_The_Color_of_Lovers\">Mashiroiro Symphony: The Color of Lovers<\/a>)<\/p>\n<p align=\"LEFT\">\u00a0<!--more--><\/p>\n<div id=\"attachment_2685\" style=\"width: 510px\" class=\"wp-caption aligncenter\"><a href=\"http:\/\/neantvert.eu\/minorin\/wp-content\/uploads\/2013\/04\/Karneval0102.png\"><img loading=\"lazy\" decoding=\"async\" aria-describedby=\"caption-attachment-2685\" class=\"size-medium wp-image-2685\" alt=\"Sur l'\u00e9chelle de l'homosexualit\u00e9 : 7\/10, le viol n'est pas loin \u00e0 ce stade-l\u00e0.\" src=\"http:\/\/neantvert.eu\/minorin\/wp-content\/uploads\/2013\/04\/Karneval0102-500x281.png\" width=\"500\" height=\"281\" srcset=\"https:\/\/neantvert.eu\/minorin\/wp-content\/uploads\/2013\/04\/Karneval0102-500x281.png 500w, https:\/\/neantvert.eu\/minorin\/wp-content\/uploads\/2013\/04\/Karneval0102-1024x576.png 1024w, https:\/\/neantvert.eu\/minorin\/wp-content\/uploads\/2013\/04\/Karneval0102.png 1280w\" sizes=\"(max-width: 500px) 100vw, 500px\" \/><\/a><p id=\"caption-attachment-2685\" class=\"wp-caption-text\"><strong>Sur l&rsquo;\u00e9chelle de l&rsquo;homosexualit\u00e9 : 7\/10, le viol n&rsquo;est pas loin \u00e0 ce stade-l\u00e0.<\/strong><\/p><\/div>\n<p align=\"LEFT\">\u00a0Je vais \u00eatre honn\u00eate l&rsquo;histoire je n&rsquo;ai rieeeen compris \u00e0 part qu&rsquo;ils parlaient de temps en temps de mafia aux allures de cirque. Du coup je vais plut\u00f4t commenter le peu que j&rsquo;ai compris. D\u00e9j\u00e0, l&rsquo;animation n&rsquo;est pas trop laide et le character design non plus. Comme dans beaucoup de truc pour fifilles, il y a PLEIN de couleurs qui te FLASHENT DANS LA T\u00caTE. Les \u00e9pileptiques, passez votre chemin ou vous risquez de faire un arr\u00eat cardiaque apr\u00e8s ce d\u00e9luge de personnages FABULOUS. En plus y a pas de contexte pour le sc\u00e9nario, \u00e7a veut se la jouer confusion. Du coup les seuls indices qu&rsquo;on a c&rsquo;est qu&rsquo;il y a des pr\u00e9noms pseudo-japonais (Nai, Gareki\u00a0? Je suis m\u00eame pas s\u00fbre en fait) et des gens qui s&rsquo;habillent comme au XVIIIe (pour les non-romains, \u00e7a veut dire dix-huit) si\u00e8cle tout en faisant de la magie-magie avec des \u00e9tincelles bleues. Non je n&rsquo;exag\u00e8re pas.<\/p>\n<div id=\"attachment_2686\" style=\"width: 510px\" class=\"wp-caption aligncenter\"><a href=\"http:\/\/neantvert.eu\/minorin\/wp-content\/uploads\/2013\/04\/Karneval0103.png\"><img loading=\"lazy\" decoding=\"async\" aria-describedby=\"caption-attachment-2686\" class=\"size-medium wp-image-2686\" alt=\"Il a les bouts de cheveux violets. VIOLEEEEEETS.\" src=\"http:\/\/neantvert.eu\/minorin\/wp-content\/uploads\/2013\/04\/Karneval0103-500x281.png\" width=\"500\" height=\"281\" srcset=\"https:\/\/neantvert.eu\/minorin\/wp-content\/uploads\/2013\/04\/Karneval0103-500x281.png 500w, https:\/\/neantvert.eu\/minorin\/wp-content\/uploads\/2013\/04\/Karneval0103-1024x576.png 1024w, https:\/\/neantvert.eu\/minorin\/wp-content\/uploads\/2013\/04\/Karneval0103.png 1280w\" sizes=\"(max-width: 500px) 100vw, 500px\" \/><\/a><p id=\"caption-attachment-2686\" class=\"wp-caption-text\"><strong>Il a les bouts de cheveux violets. VIOLEEEEEETS.<\/strong><\/p><\/div>\n<p align=\"LEFT\">J&rsquo;ai tout de m\u00eame \u00e9t\u00e9 \u00e9tonn\u00e9e de voir un peu de violence\u00a0! Il y a eu genre, au moins trois coups de feu. Non, allez, y avait quand m\u00eame un peu d&rsquo;action et j&rsquo;avoue que ce n&rsquo;\u00e9tait pas trop mal fait. Par contre ce type, Nai l\u00e0, il ressemble \u00e0 un shota trap avec ses petits shorts violets (comme ses cheveux\u00a0? Il a le sens de la mode le petit) tout serr\u00e9s autour de ses fesses et son tee-shirt blanc trop large. En plus, c&rsquo;est moi ou il \u00e9tait bel et bien l&rsquo;esclave sexuel de la CHOSE du d\u00e9but\u00a0? Regardez-moi cet air innocent, avec ses champignons des deux c\u00f4t\u00e9s de la t\u00eate\u00a0! Comment ceci peut \u00eatre de sexe masculin\u00a0? Plot twist\u00a0: c&rsquo;est un hermaphrodite complex\u00e9 et albinos (on peut toujours r\u00eaver).<\/p>\n<div id=\"attachment_2687\" style=\"width: 510px\" class=\"wp-caption aligncenter\"><a href=\"http:\/\/neantvert.eu\/minorin\/wp-content\/uploads\/2013\/04\/Karneval0104.png\"><img loading=\"lazy\" decoding=\"async\" aria-describedby=\"caption-attachment-2687\" class=\"size-medium wp-image-2687\" alt=\"UNE FILLE !!! Mal habill\u00e9e mais bon.\" src=\"http:\/\/neantvert.eu\/minorin\/wp-content\/uploads\/2013\/04\/Karneval0104-500x281.png\" width=\"500\" height=\"281\" srcset=\"https:\/\/neantvert.eu\/minorin\/wp-content\/uploads\/2013\/04\/Karneval0104-500x281.png 500w, https:\/\/neantvert.eu\/minorin\/wp-content\/uploads\/2013\/04\/Karneval0104-1024x576.png 1024w, https:\/\/neantvert.eu\/minorin\/wp-content\/uploads\/2013\/04\/Karneval0104.png 1280w\" sizes=\"(max-width: 500px) 100vw, 500px\" \/><\/a><p id=\"caption-attachment-2687\" class=\"wp-caption-text\"><strong>UNE FILLE !!! Mal habill\u00e9e mais bon.<\/strong><\/p><\/div>\n<p align=\"LEFT\">\u00a0Cette sc\u00e8ne dans le train. C&rsquo;\u00e9tait super cool. Je pense qu&rsquo;elle risque d&rsquo;\u00eatre le perso le plus int\u00e9ressant de l&rsquo;anime. En fait le probl\u00e8me, c&rsquo;est que l&rsquo;histoire essaye de se prendre au s\u00e9rieux pour l&rsquo;instant donc c&rsquo;est difficile de regarder l&rsquo;anime ironiquement. Enfin, bien s\u00fbr, vous pouvez vous amuser en essayant de rep\u00e9rer tous les moindres signes homosexuels cach\u00e9s dans l&rsquo;anime\u00a0! Mais au bout d&rsquo;un moment vous allez vous lasser. On peut toujours esp\u00e9rer un peu de <a href=\"http:\/\/avvesione.files.wordpress.com\/2012\/10\/k-02-neko-naked-boobs-ecchi-fanservice-catgirl-cat_smile-collar-wallpaper.jpg\">fanservice comme dans K project<\/a>, mais si j&rsquo;\u00e9tais vous je ne miserais pas l\u00e0-dessus.<\/p>\n<div id=\"attachment_2688\" style=\"width: 510px\" class=\"wp-caption aligncenter\"><a href=\"http:\/\/neantvert.eu\/minorin\/wp-content\/uploads\/2013\/04\/Karneval0106.png\"><img loading=\"lazy\" decoding=\"async\" aria-describedby=\"caption-attachment-2688\" class=\"size-medium wp-image-2688\" alt=\"\u00ab Fiouuuu ! \u00bb fait la baguette du magicien.\" src=\"http:\/\/neantvert.eu\/minorin\/wp-content\/uploads\/2013\/04\/Karneval0106-500x281.png\" width=\"500\" height=\"281\" srcset=\"https:\/\/neantvert.eu\/minorin\/wp-content\/uploads\/2013\/04\/Karneval0106-500x281.png 500w, https:\/\/neantvert.eu\/minorin\/wp-content\/uploads\/2013\/04\/Karneval0106-1024x576.png 1024w, https:\/\/neantvert.eu\/minorin\/wp-content\/uploads\/2013\/04\/Karneval0106.png 1280w\" sizes=\"(max-width: 500px) 100vw, 500px\" \/><\/a><p id=\"caption-attachment-2688\" class=\"wp-caption-text\"><strong>\u00ab Fiouuuu ! \u00bb fait la baguette du magicien.<\/strong><\/p><\/div>\n<p align=\"LEFT\">\u00a0L\u00e0 j&rsquo;ai commenc\u00e9 \u00e0 perdre un peu espoir. On sent qu&rsquo;on perd le sens de la r\u00e9alit\u00e9 quand des PAILLETTES SE TRANSFORMENT EN&#8230; machin. Qu&rsquo;est-ce que c&rsquo;est en fait\u00a0? Une baguette magique\u00a0? Un fouet\u00a0? Un b\u00e2ton\u00a0? Une cane\u00a0? ET QU&rsquo;EST-CE QUI SE PASSE BON SANG. Je veux bien un peu de science-fiction (si on peut appeler \u00e7a comme \u00e7a) dans mon anime pour filles mais l\u00e0 les pouvoirs magiques \u00e7a fait un peu beaucoup quand m\u00eame. Et pourquoi on dirait qu&rsquo;il sort d&rsquo;une agence de gigolo\u00a0? D&rsquo;accord, leur groupe s&rsquo;appelle \u00ab\u00a0Circus\u00a0\u00bb mais est-ce que \u00e7a veut dire qu&rsquo;ils doivent tous <a href=\"http:\/\/static.metanorn.net\/wp-content\/uploads\/2013\/01\/amnesia-00008-650x365.png\">s&rsquo;habiller comme des idiots <\/a>? Je n&rsquo;approuve pas.<\/p>\n<div id=\"attachment_2689\" style=\"width: 510px\" class=\"wp-caption aligncenter\"><a href=\"http:\/\/neantvert.eu\/minorin\/wp-content\/uploads\/2013\/04\/Karneval0107.png\"><img loading=\"lazy\" decoding=\"async\" aria-describedby=\"caption-attachment-2689\" class=\"size-medium wp-image-2689\" alt=\"Si un jour mon m\u00e9decin me fait \u00e7a, je l'accuse de harc\u00e8lement sexuel.\" src=\"http:\/\/neantvert.eu\/minorin\/wp-content\/uploads\/2013\/04\/Karneval0107-500x281.png\" width=\"500\" height=\"281\" srcset=\"https:\/\/neantvert.eu\/minorin\/wp-content\/uploads\/2013\/04\/Karneval0107-500x281.png 500w, https:\/\/neantvert.eu\/minorin\/wp-content\/uploads\/2013\/04\/Karneval0107-1024x576.png 1024w, https:\/\/neantvert.eu\/minorin\/wp-content\/uploads\/2013\/04\/Karneval0107.png 1280w\" sizes=\"(max-width: 500px) 100vw, 500px\" \/><\/a><p id=\"caption-attachment-2689\" class=\"wp-caption-text\"><strong>Si un jour mon m\u00e9decin me fait \u00e7a, je l&rsquo;accuse de harc\u00e8lement sexuel.<\/strong><\/p><\/div>\n<p align=\"LEFT\">Cette fin. Je n&rsquo;ai pas pu me retenir de rire tellement c&rsquo;\u00e9tait ridicule. Plus gay tu meurs. Et puis ce dialogue. Cette ambiance. Ce non-sens. JE N&rsquo;AI AUCUNE ID\u00c9E DE CE QUI VIENT DE SE PASSER. Heureusement, l&rsquo;\u00e9pisode est bient\u00f4t fini, je pourrais remettre mon cerveau sur \u00ab\u00a0on\u00a0\u00bb tr\u00e8s prochainement. Les points positifs de l&rsquo;\u00e9pisode\u00a0: la fille blonde et la loli qui pleure. En fait, le probl\u00e8me c&rsquo;est pas que c&rsquo;est ennuyeux, c&rsquo;est que j&rsquo;ai rien compris. C&rsquo;est pour \u00e7a que, pour votre plus grand malheur, je n&rsquo;ai pas grand chose \u00e0 dire sur cet \u00e9pisode qui m&rsquo;a laiss\u00e9 plus que perplexe.<\/p>\n<p align=\"LEFT\">ET L\u00c0, l&rsquo;ending.<\/p>\n<div id=\"attachment_2683\" style=\"width: 510px\" class=\"wp-caption aligncenter\"><a href=\"http:\/\/neantvert.eu\/minorin\/wp-content\/uploads\/2013\/04\/Karneval0108.png\"><img loading=\"lazy\" decoding=\"async\" aria-describedby=\"caption-attachment-2683\" class=\"size-medium wp-image-2683\" alt=\"PLUS DE COULEURS, PLUS DE TRUCS NIAIS, GLOIRE \u00c0 SATAN !\" src=\"http:\/\/neantvert.eu\/minorin\/wp-content\/uploads\/2013\/04\/Karneval0108-500x281.png\" width=\"500\" height=\"281\" srcset=\"https:\/\/neantvert.eu\/minorin\/wp-content\/uploads\/2013\/04\/Karneval0108-500x281.png 500w, https:\/\/neantvert.eu\/minorin\/wp-content\/uploads\/2013\/04\/Karneval0108-1024x576.png 1024w, https:\/\/neantvert.eu\/minorin\/wp-content\/uploads\/2013\/04\/Karneval0108.png 1280w\" sizes=\"(max-width: 500px) 100vw, 500px\" \/><\/a><p id=\"caption-attachment-2683\" class=\"wp-caption-text\"><strong>PLUS DE COULEURS, PLUS DE TRUCS NIAIS, GLOIRE \u00c0 SATAN !<\/strong><\/p><\/div>\n<p align=\"CENTER\"><b><span style=\"font-size: large\">Rang\u00a0:<\/span> <span style=\"color: #ff0000\"><span style=\"font-size: xx-large\">C<\/span><\/span><\/b><\/p>\n","protected":false},"excerpt":{"rendered":"<p>&nbsp; [avatar user=\u00a0\u00bbNady\u00a0\u00bb size=\u00a0\u00bboriginal\u00a0\u00bb align=\u00a0\u00bbleft\u00a0\u00bb] Si vous aussi vous tra\u00eenez parfois au rayon \u00ab\u00a0Manga\u00a0\u00bb, il vous est peut-\u00eatre arriv\u00e9 de voir du coin de l\u2019\u0153il Karneval avec ses couvertures over satur\u00e9es de beaux gar\u00e7ons aux allures d&rsquo;homosexuels. Eh bien, voil\u00e0 l&rsquo;anime. AUTANT DIRE QUE J&rsquo;AVAIS H\u00c2TE\u00a0! On va dire que c&rsquo;est la suite spirituelle d&rsquo;Amnesia, [&hellip;]<\/p>\n","protected":false},"author":5,"featured_media":0,"comment_status":"open","ping_status":"closed","sticky":false,"template":"","format":"standard","meta":{"ngg_post_thumbnail":0,"jetpack_post_was_ever_published":false,"_jetpack_newsletter_access":"","_jetpack_dont_email_post_to_subs":false,"_jetpack_newsletter_tier_id":0,"_jetpack_memberships_contains_paywalled_content":false,"_jetpack_memberships_contains_paid_content":false,"footnotes":"","jetpack_publicize_message":"","jetpack_publicize_feature_enabled":true,"jetpack_social_post_already_shared":false,"jetpack_social_options":{"image_generator_settings":{"template":"highway","enabled":false},"version":2}},"categories":[1],"tags":[132,131,134,110,133],"class_list":["post-2682","post","type-post","status-publish","format-standard","hentry","category-frais","tag-fujoshi","tag-karneval","tag-manglobe","tag-printemps-2013","tag-rang-c"],"jetpack_publicize_connections":[],"jetpack_featured_media_url":"","jetpack_sharing_enabled":true,"jetpack_shortlink":"https:\/\/wp.me\/p4IbxV-Hg","_links":{"self":[{"href":"https:\/\/neantvert.eu\/minorin\/index.php?rest_route=\/wp\/v2\/posts\/2682"}],"collection":[{"href":"https:\/\/neantvert.eu\/minorin\/index.php?rest_route=\/wp\/v2\/posts"}],"about":[{"href":"https:\/\/neantvert.eu\/minorin\/index.php?rest_route=\/wp\/v2\/types\/post"}],"author":[{"embeddable":true,"href":"https:\/\/neantvert.eu\/minorin\/index.php?rest_route=\/wp\/v2\/users\/5"}],"replies":[{"embeddable":true,"href":"https:\/\/neantvert.eu\/minorin\/index.php?rest_route=%2Fwp%2Fv2%2Fcomments&post=2682"}],"version-history":[{"count":8,"href":"https:\/\/neantvert.eu\/minorin\/index.php?rest_route=\/wp\/v2\/posts\/2682\/revisions"}],"predecessor-version":[{"id":2699,"href":"https:\/\/neantvert.eu\/minorin\/index.php?rest_route=\/wp\/v2\/posts\/2682\/revisions\/2699"}],"wp:attachment":[{"href":"https:\/\/neantvert.eu\/minorin\/index.php?rest_route=%2Fwp%2Fv2%2Fmedia&parent=2682"}],"wp:term":[{"taxonomy":"category","embeddable":true,"href":"https:\/\/neantvert.eu\/minorin\/index.php?rest_route=%2Fwp%2Fv2%2Fcategories&post=2682"},{"taxonomy":"post_tag","embeddable":true,"href":"https:\/\/neantvert.eu\/minorin\/index.php?rest_route=%2Fwp%2Fv2%2Ftags&post=2682"}],"curies":[{"name":"wp","href":"https:\/\/api.w.org\/{rel}","templated":true}]}}