{"id":2958,"date":"2013-04-13T21:47:09","date_gmt":"2013-04-13T19:47:09","guid":{"rendered":"http:\/\/neantvert.eu\/minorin\/?p=2958"},"modified":"2013-07-15T18:34:00","modified_gmt":"2013-07-15T16:34:00","slug":"aiura-01-des-crabes-et-euh-des-lyceennes","status":"publish","type":"post","link":"https:\/\/neantvert.eu\/minorin\/?p=2958","title":{"rendered":"Aiura 01 &#8211; Des crabes et&#8230; euh&#8230; des lyc\u00e9ennes (?)"},"content":{"rendered":"<div id=\"attachment_2968\" style=\"width: 510px\" class=\"wp-caption aligncenter\"><a href=\"http:\/\/neantvert.eu\/minorin\/wp-content\/uploads\/2013\/04\/aiura0101.jpg\"><img loading=\"lazy\" decoding=\"async\" aria-describedby=\"caption-attachment-2968\" class=\"size-medium wp-image-2968\" alt=\"aiura0101\" src=\"http:\/\/neantvert.eu\/minorin\/wp-content\/uploads\/2013\/04\/aiura0101-500x281.jpg\" width=\"500\" height=\"281\" srcset=\"https:\/\/neantvert.eu\/minorin\/wp-content\/uploads\/2013\/04\/aiura0101-500x281.jpg 500w, https:\/\/neantvert.eu\/minorin\/wp-content\/uploads\/2013\/04\/aiura0101.jpg 640w\" sizes=\"(max-width: 500px) 100vw, 500px\" \/><\/a><p id=\"caption-attachment-2968\" class=\"wp-caption-text\"><em>Aiura<\/em>, une \u00e9mouvante histoire d&rsquo;amiti\u00e9 entre une jeune fille et un crabe.<\/p><\/div>\n<p style=\"text-align: justify;\"><span style=\"color: #ffffff;\">&#8211;<\/span><\/p>\n<p style=\"text-align: justify;\">[avatar user=\u00a0\u00bbNock\u00a0\u00bb size=\u00a0\u00bboriginal\u00a0\u00bb align=\u00a0\u00bbleft\u00a0\u00bb]Tout au cours de notre vie, nous sommes amen\u00e9 \u00e0 faire des exp\u00e9riences. Certaines, particuli\u00e8rement d\u00e9sagr\u00e9ables ou douloureuses nous serviront de le\u00e7ons, nous apprendront que l&rsquo;on fait parfois des erreurs qu&rsquo;il ne faut pas r\u00e9it\u00e9rer.<br \/>\nChat \u00e9chaud\u00e9 craint l&rsquo;eau froide dit-on.<\/p>\n<p style=\"text-align: justify;\">Foutaises.<br \/>\nAujourd&rsquo;hui, je viens vous montrer que je n&rsquo;ai rien appris de mes exp\u00e9riences minorinesques, puisque \u00e0 peine la saison hiver 2013 finie, je me relance d\u00e9j\u00e0 sur un anime reprenant la formule \u00ab\u00a0tranches de vie + format ultra court\u00a0\u00bb.<\/p>\n<p style=\"text-align: justify;\">Il est temps de repartir sur de nouvelles bases. Et cette fois-ci, je ne ferai plus la m\u00eame erreur. S&rsquo;il y a une chose que le traumatisme <i>Yama no Susume<\/i> m&rsquo;a appris, c&rsquo;est de ne rien attendre de ces animes ultra-courts.<\/p>\n<p style=\"text-align: justify;\"><strong><em>Aiura<\/em> <\/strong>\/\/ Liden Films (<em>Senyuu<\/em>) \/\/ D\u00e9but\u00e9 en avril 2013 \/\/ 12 \u00e9pisodes pr\u00e9vus \/\/ R\u00e9alisateur\u00a0: Ryousuke Nakamura (<em>Melos<\/em>, <em>Nerawareta Gakuen<\/em>&#8230;)<\/p>\n<p style=\"text-align: justify;\"><span style=\"color: #ffffff;\"><!--more-->&#8211;<\/span><\/p>\n<p style=\"text-align: justify;\">L&rsquo;avantage par rapport \u00e0 ma mauvaise exp\u00e9rience de cette hiver, c&rsquo;est que cette fois, le synopsis d&rsquo;<em>Aiura<\/em> ne fait rien miroiter du tout. En l\u2019occurrence, il est tr\u00e8s lapidaire et ressemble \u00e0 peu pr\u00e8s \u00e0 ce qui suit [traduction de l&rsquo;anglais et adaptation assez libre] :<\/p>\n<p style=\"text-align: justify;\"><em>\u00ab\u00a0L&rsquo;histoire se focalise sur Amaya, Iwasawa et Uehara \u2014 trois lyc\u00e9ennes ennuyeuses et sans aucune motivation \u2014 et leurs petits camarades. Leur vie quotidienne est totalement normale et on d\u00e9couvrira ce qu&rsquo;il se passe lorsque rien ne se passe.\u00a0\u00bb<\/em><\/p>\n<p style=\"text-align: justify;\"><span style=\"color: #ffffff;\">&#8211;<\/span><\/p>\n<div id=\"attachment_2973\" style=\"width: 510px\" class=\"wp-caption aligncenter\"><a href=\"http:\/\/neantvert.eu\/minorin\/wp-content\/uploads\/2013\/04\/aiura0102.jpg\"><img loading=\"lazy\" decoding=\"async\" aria-describedby=\"caption-attachment-2973\" class=\"size-medium wp-image-2973 \" alt=\"aiura0102\" src=\"http:\/\/neantvert.eu\/minorin\/wp-content\/uploads\/2013\/04\/aiura0102-500x281.jpg\" width=\"500\" height=\"281\" srcset=\"https:\/\/neantvert.eu\/minorin\/wp-content\/uploads\/2013\/04\/aiura0102-500x281.jpg 500w, https:\/\/neantvert.eu\/minorin\/wp-content\/uploads\/2013\/04\/aiura0102.jpg 640w\" sizes=\"(max-width: 500px) 100vw, 500px\" \/><\/a><p id=\"caption-attachment-2973\" class=\"wp-caption-text\">La vie quotidienne <del>d&rsquo;\u00e9l\u00e8ves de primaire<\/del> de lyc\u00e9ennes.<br \/>(De g. \u00e0 d. Kanaka Amaya, Ayuko Uehara et Saki Iwasawa)<\/p><\/div>\n<p style=\"text-align: justify;\">Ceci dit, l&rsquo;anime commence par ce que l&rsquo;on pourrait appeler une bonne surprise. Son opening totalement loufoque.<br \/>\nComme tout bon opening, il nous pr\u00e9sente les diff\u00e9rents personnages (les 3 h\u00e9ro\u00efnes et d&rsquo;autres filles et gar\u00e7ons) et nous laisse entrapercevoir leurs caract\u00e8res respectifs, le tout dans un style m\u00e9langeant le \u00ab\u00a0graphisme\u00a0\u00bb utilis\u00e9 dans cet anime et, \u00e0 plusieurs reprises, les personnages dessin\u00e9s en SD.<br \/>\nMais surtout ce g\u00e9n\u00e9rique est un v\u00e9ritable d\u00e9lire \u00e0 base de crabes et de&#8230; Steve Jobs (?) ?! S\u00e9rieusement ?! Bien, la drogue ?!<\/p>\n<div id=\"attachment_2984\" style=\"width: 510px\" class=\"wp-caption aligncenter\"><a href=\"http:\/\/neantvert.eu\/minorin\/wp-content\/uploads\/2013\/04\/aiura0103.jpg\"><img loading=\"lazy\" decoding=\"async\" aria-describedby=\"caption-attachment-2984\" class=\"size-medium wp-image-2984\" alt=\"aiura0103\" src=\"http:\/\/neantvert.eu\/minorin\/wp-content\/uploads\/2013\/04\/aiura0103-500x281.jpg\" width=\"500\" height=\"281\" srcset=\"https:\/\/neantvert.eu\/minorin\/wp-content\/uploads\/2013\/04\/aiura0103-500x281.jpg 500w, https:\/\/neantvert.eu\/minorin\/wp-content\/uploads\/2013\/04\/aiura0103.jpg 640w\" sizes=\"(max-width: 500px) 100vw, 500px\" \/><\/a><p id=\"caption-attachment-2984\" class=\"wp-caption-text\">En tout cas, \u00e7a y ressemble<\/p><\/div>\n<div id=\"attachment_2985\" style=\"width: 510px\" class=\"wp-caption aligncenter\"><a href=\"http:\/\/neantvert.eu\/minorin\/wp-content\/uploads\/2013\/04\/aiura0104.jpg\"><img loading=\"lazy\" decoding=\"async\" aria-describedby=\"caption-attachment-2985\" class=\"size-medium wp-image-2985\" alt=\"aiura0104\" src=\"http:\/\/neantvert.eu\/minorin\/wp-content\/uploads\/2013\/04\/aiura0104-500x281.jpg\" width=\"500\" height=\"281\" srcset=\"https:\/\/neantvert.eu\/minorin\/wp-content\/uploads\/2013\/04\/aiura0104-500x281.jpg 500w, https:\/\/neantvert.eu\/minorin\/wp-content\/uploads\/2013\/04\/aiura0104.jpg 640w\" sizes=\"(max-width: 500px) 100vw, 500px\" \/><\/a><p id=\"caption-attachment-2985\" class=\"wp-caption-text\">Des papouilles \u00e0 un crabe ? Euh, ok&#8230; pourquoi pas ?<\/p><\/div>\n<div id=\"attachment_2986\" style=\"width: 510px\" class=\"wp-caption aligncenter\"><a href=\"http:\/\/neantvert.eu\/minorin\/wp-content\/uploads\/2013\/04\/aiura0105.jpg\"><img loading=\"lazy\" decoding=\"async\" aria-describedby=\"caption-attachment-2986\" class=\"size-medium wp-image-2986\" alt=\"aiura0105\" src=\"http:\/\/neantvert.eu\/minorin\/wp-content\/uploads\/2013\/04\/aiura0105-500x281.jpg\" width=\"500\" height=\"281\" srcset=\"https:\/\/neantvert.eu\/minorin\/wp-content\/uploads\/2013\/04\/aiura0105-500x281.jpg 500w, https:\/\/neantvert.eu\/minorin\/wp-content\/uploads\/2013\/04\/aiura0105.jpg 640w\" sizes=\"(max-width: 500px) 100vw, 500px\" \/><\/a><p id=\"caption-attachment-2986\" class=\"wp-caption-text\">Cet anime est sponsoris\u00e9 par la SPA.<\/p><\/div>\n<div id=\"attachment_2987\" style=\"width: 510px\" class=\"wp-caption aligncenter\"><a href=\"http:\/\/neantvert.eu\/minorin\/wp-content\/uploads\/2013\/04\/aiura0106.jpg\"><img loading=\"lazy\" decoding=\"async\" aria-describedby=\"caption-attachment-2987\" class=\"size-medium wp-image-2987\" alt=\"aiura0106\" src=\"http:\/\/neantvert.eu\/minorin\/wp-content\/uploads\/2013\/04\/aiura0106-500x281.jpg\" width=\"500\" height=\"281\" srcset=\"https:\/\/neantvert.eu\/minorin\/wp-content\/uploads\/2013\/04\/aiura0106-500x281.jpg 500w, https:\/\/neantvert.eu\/minorin\/wp-content\/uploads\/2013\/04\/aiura0106.jpg 640w\" sizes=\"(max-width: 500px) 100vw, 500px\" \/><\/a><p id=\"caption-attachment-2987\" class=\"wp-caption-text\">Pourquoi est-ce que je trouve \u00e7a aussi g\u00e9nial ?<\/p><\/div>\n<div id=\"attachment_2988\" style=\"width: 510px\" class=\"wp-caption aligncenter\"><a href=\"http:\/\/neantvert.eu\/minorin\/wp-content\/uploads\/2013\/04\/aiura0107.jpg\"><img loading=\"lazy\" decoding=\"async\" aria-describedby=\"caption-attachment-2988\" class=\"size-medium wp-image-2988\" alt=\"aiura0107\" src=\"http:\/\/neantvert.eu\/minorin\/wp-content\/uploads\/2013\/04\/aiura0107-500x281.jpg\" width=\"500\" height=\"281\" srcset=\"https:\/\/neantvert.eu\/minorin\/wp-content\/uploads\/2013\/04\/aiura0107-500x281.jpg 500w, https:\/\/neantvert.eu\/minorin\/wp-content\/uploads\/2013\/04\/aiura0107.jpg 640w\" sizes=\"(max-width: 500px) 100vw, 500px\" \/><\/a><p id=\"caption-attachment-2988\" class=\"wp-caption-text\">\u00c7a va quand m\u00eame loin dans le d\u00e9lire&#8230;<\/p><\/div>\n<div id=\"attachment_2989\" style=\"width: 510px\" class=\"wp-caption aligncenter\"><a href=\"http:\/\/neantvert.eu\/minorin\/wp-content\/uploads\/2013\/04\/aiura0108.jpg\"><img loading=\"lazy\" decoding=\"async\" aria-describedby=\"caption-attachment-2989\" class=\"size-medium wp-image-2989\" alt=\"aiura0108\" src=\"http:\/\/neantvert.eu\/minorin\/wp-content\/uploads\/2013\/04\/aiura0108-500x281.jpg\" width=\"500\" height=\"281\" srcset=\"https:\/\/neantvert.eu\/minorin\/wp-content\/uploads\/2013\/04\/aiura0108-500x281.jpg 500w, https:\/\/neantvert.eu\/minorin\/wp-content\/uploads\/2013\/04\/aiura0108.jpg 640w\" sizes=\"(max-width: 500px) 100vw, 500px\" \/><\/a><p id=\"caption-attachment-2989\" class=\"wp-caption-text\">On en conclura que ce crabe est une femelle (ou que ces filles sont peu pudiques)<\/p><\/div>\n<div id=\"attachment_2990\" style=\"width: 510px\" class=\"wp-caption aligncenter\"><a href=\"http:\/\/neantvert.eu\/minorin\/wp-content\/uploads\/2013\/04\/aiura0109.jpg\"><img loading=\"lazy\" decoding=\"async\" aria-describedby=\"caption-attachment-2990\" class=\"size-medium wp-image-2990\" alt=\"aiura0109\" src=\"http:\/\/neantvert.eu\/minorin\/wp-content\/uploads\/2013\/04\/aiura0109-500x281.jpg\" width=\"500\" height=\"281\" srcset=\"https:\/\/neantvert.eu\/minorin\/wp-content\/uploads\/2013\/04\/aiura0109-500x281.jpg 500w, https:\/\/neantvert.eu\/minorin\/wp-content\/uploads\/2013\/04\/aiura0109.jpg 640w\" sizes=\"(max-width: 500px) 100vw, 500px\" \/><\/a><p id=\"caption-attachment-2990\" class=\"wp-caption-text\">Ouais, je le redis une nouvelle fois, ce g\u00e9n\u00e9rique est g\u00e9nial.<\/p><\/div>\n<p style=\"text-align: justify;\">Nous sommes au printemps. En tout cas, c&rsquo;est ce que laissent supposer les p\u00e9tales de cerisiers qui sont en train de tomber (\u00e0 5 cm par seconde bien s\u00fbr). La jeune Ayuko est tranquillement assise sur sa terrasse pour boire un bon th\u00e9 vert.<br \/>\nEt puis la voil\u00e0 qui part, sac sur le dos, \u00e0 travers la petite (?) ville o\u00f9 se situe l&rsquo;action. Soit dit en passant, cette ville est assez color\u00e9e\u00a0 et jolie<em>.<\/em><\/p>\n<div id=\"attachment_3000\" style=\"width: 510px\" class=\"wp-caption aligncenter\"><a href=\"http:\/\/neantvert.eu\/minorin\/wp-content\/uploads\/2013\/04\/aiura0112.jpg\"><img loading=\"lazy\" decoding=\"async\" aria-describedby=\"caption-attachment-3000\" class=\"size-medium wp-image-3000\" alt=\"aiura0112\" src=\"http:\/\/neantvert.eu\/minorin\/wp-content\/uploads\/2013\/04\/aiura0112-500x281.jpg\" width=\"500\" height=\"281\" srcset=\"https:\/\/neantvert.eu\/minorin\/wp-content\/uploads\/2013\/04\/aiura0112-500x281.jpg 500w, https:\/\/neantvert.eu\/minorin\/wp-content\/uploads\/2013\/04\/aiura0112.jpg 640w\" sizes=\"(max-width: 500px) 100vw, 500px\" \/><\/a><p id=\"caption-attachment-3000\" class=\"wp-caption-text\">C&rsquo;est plus joyeux que dans Aku no Hana.<\/p><\/div>\n<p style=\"text-align: justify;\"><em><br \/>\n<\/em>Notre jeune h\u00e9ro\u00efne fait quelque courses, croise une employ\u00e9e de cr\u00e8che (\u00e0 moins que ce ne soit une jeune m\u00e8re de quintupl\u00e9es) trimbalant de jeunes enfants dans une grande \u00ab\u00a0poussette\u00a0\u00bb. Puis elle s&rsquo;installe sur un banc \u00e0 la terrasse d&rsquo;un caf\u00e9 pour manger une glace.<\/p>\n<div id=\"attachment_3001\" style=\"width: 510px\" class=\"wp-caption aligncenter\"><a href=\"http:\/\/neantvert.eu\/minorin\/wp-content\/uploads\/2013\/04\/aiura0113.jpg\"><img loading=\"lazy\" decoding=\"async\" aria-describedby=\"caption-attachment-3001\" class=\"size-medium wp-image-3001\" alt=\"aiura0113\" src=\"http:\/\/neantvert.eu\/minorin\/wp-content\/uploads\/2013\/04\/aiura0113-500x281.jpg\" width=\"500\" height=\"281\" srcset=\"https:\/\/neantvert.eu\/minorin\/wp-content\/uploads\/2013\/04\/aiura0113-500x281.jpg 500w, https:\/\/neantvert.eu\/minorin\/wp-content\/uploads\/2013\/04\/aiura0113.jpg 640w\" sizes=\"(max-width: 500px) 100vw, 500px\" \/><\/a><p id=\"caption-attachment-3001\" class=\"wp-caption-text\">J&rsquo;esp\u00e8re pour elle que c&rsquo;est son boulot, et pas ses enfants.<\/p><\/div>\n<p style=\"text-align: justify;\">Un \u00e9l\u00e9ment perturbateur approche cependant. On entend une voix, hors champ, qui annonce une connerie du genre \u00ab\u00a0Regarde, je te fais ma l\u00e9gendaire danse du Tayaki\u00a0\u00bb, tandis qu&rsquo;une seconde voix d\u00e9conseille \u00e0 la premi\u00e8re de danser en ces lieux&#8230; Diantre.<\/p>\n<p style=\"text-align: justify;\">Une jeune fille (Kanaka) entre dans le champ, en marchant \u00e0 l&rsquo;envers et percute la jeune Ayuko qui n&rsquo;a rien demand\u00e9 \u00e0 personne et dont la glace se retrouve par terre \u00e0 cause du choc.<\/p>\n<div id=\"attachment_3002\" style=\"width: 510px\" class=\"wp-caption aligncenter\"><a href=\"http:\/\/neantvert.eu\/minorin\/wp-content\/uploads\/2013\/04\/aiura0114.jpg\"><img loading=\"lazy\" decoding=\"async\" aria-describedby=\"caption-attachment-3002\" class=\"size-medium wp-image-3002\" alt=\"aiura0114\" src=\"http:\/\/neantvert.eu\/minorin\/wp-content\/uploads\/2013\/04\/aiura0114-500x281.jpg\" width=\"500\" height=\"281\" srcset=\"https:\/\/neantvert.eu\/minorin\/wp-content\/uploads\/2013\/04\/aiura0114-500x281.jpg 500w, https:\/\/neantvert.eu\/minorin\/wp-content\/uploads\/2013\/04\/aiura0114.jpg 640w\" sizes=\"(max-width: 500px) 100vw, 500px\" \/><\/a><p id=\"caption-attachment-3002\" class=\"wp-caption-text\">Et l\u00e0, c&rsquo;est le drame.<\/p><\/div>\n<p style=\"text-align: justify;\">Kanaka pr\u00e9sente ses excuses \u00e0 Ayuko, qui lui r\u00e9pond que ce n&rsquo;est pas bien grave, mais la premi\u00e8re r\u00e9it\u00e8re ses excuses et va m\u00eame jusqu&rsquo;\u00e0 arracher les tayakis des mains de son amie (Saki, donc), pour les donner \u00e0 Ayuko en guise d&rsquo;excuse&#8230; Quelle g\u00e9n\u00e9rosit\u00e9, c&rsquo;est impressionnant.<\/p>\n<div id=\"attachment_3003\" style=\"width: 510px\" class=\"wp-caption aligncenter\"><a href=\"http:\/\/neantvert.eu\/minorin\/wp-content\/uploads\/2013\/04\/aiura0115.jpg\"><img loading=\"lazy\" decoding=\"async\" aria-describedby=\"caption-attachment-3003\" class=\"size-medium wp-image-3003\" alt=\"aiura0115\" src=\"http:\/\/neantvert.eu\/minorin\/wp-content\/uploads\/2013\/04\/aiura0115-500x281.jpg\" width=\"500\" height=\"281\" srcset=\"https:\/\/neantvert.eu\/minorin\/wp-content\/uploads\/2013\/04\/aiura0115-500x281.jpg 500w, https:\/\/neantvert.eu\/minorin\/wp-content\/uploads\/2013\/04\/aiura0115.jpg 640w\" sizes=\"(max-width: 500px) 100vw, 500px\" \/><\/a><p id=\"caption-attachment-3003\" class=\"wp-caption-text\">Dr\u00f4le de fa\u00e7on de s&rsquo;excuser. Mieux vaut froisser une amie qu&rsquo;une \u00e9trang\u00e8re&#8230;<\/p><\/div>\n<p style=\"text-align: justify;\">Trop tard, Kanaka est d\u00e9j\u00e0 parti et Saki se lance \u00e0 sa poursuite pour se venger (en m\u00eame temps, elle n&rsquo;avait rien demand\u00e9, elle non plus) tout en lui criant que ce n&rsquo;est ni raisonnable, ni mature pour une lyc\u00e9enne de renverser la glace d&rsquo;une \u00e9coli\u00e8re.<br \/>\nOn entend la voix de Kanaka dire que jusqu&rsquo;au lendemain, elle n&rsquo;est pas encore lyc\u00e9enne, puis quelque cris de douleur&#8230;<\/p>\n<p style=\"text-align: justify;\">Quand \u00e0 Ayuko, qui n&rsquo;a pas tout compris ce qui vient de se passer, elle grommelle, vex\u00e9e&#8230; elle aussi entre au lyc\u00e9e le lendemain. Et elle entreprend de manger ses tayaki (enfin ceux de Saki) avant de se rendre compte qu&rsquo;ils sont super \u00e9pic\u00e9s&#8230;<\/p>\n<p style=\"text-align: justify;\">Yeah ! Quelle tension ! G\u00e9n\u00e9rique de fin&#8230;<\/p>\n<div id=\"attachment_2999\" style=\"width: 510px\" class=\"wp-caption aligncenter\"><a href=\"http:\/\/neantvert.eu\/minorin\/wp-content\/uploads\/2013\/04\/aiura0111.jpg\"><img loading=\"lazy\" decoding=\"async\" aria-describedby=\"caption-attachment-2999\" class=\"size-medium wp-image-2999\" alt=\"aiura0111\" src=\"http:\/\/neantvert.eu\/minorin\/wp-content\/uploads\/2013\/04\/aiura0111-500x281.jpg\" width=\"500\" height=\"281\" srcset=\"https:\/\/neantvert.eu\/minorin\/wp-content\/uploads\/2013\/04\/aiura0111-500x281.jpg 500w, https:\/\/neantvert.eu\/minorin\/wp-content\/uploads\/2013\/04\/aiura0111.jpg 640w\" sizes=\"(max-width: 500px) 100vw, 500px\" \/><\/a><p id=\"caption-attachment-2999\" class=\"wp-caption-text\">L&rsquo;ending utilise la bonne vieille tactique de l&rsquo;image fixe avec cam\u00e9ra qui bouge. Ceci dit, l&rsquo;image n&rsquo;est pas moche et la chanson assez sympa.<\/p><\/div>\n<p style=\"text-align: justify;\">Apr\u00e8s 30 secondes de g\u00e9n\u00e9rique, tandis que la musique continue, on retrouve Ayuko, le soir -m\u00eame, avec sa veste d&rsquo;uniforme de lyc\u00e9enne&#8230; Trop grande pour elle ? C&rsquo;est en tout cas la question qu&rsquo;elle se pose. Bah, elle a encore le temps de grandir (se dit-elle).<\/p>\n<div id=\"attachment_3004\" style=\"width: 510px\" class=\"wp-caption aligncenter\"><a href=\"http:\/\/neantvert.eu\/minorin\/wp-content\/uploads\/2013\/04\/aiura0116.jpg\"><img loading=\"lazy\" decoding=\"async\" aria-describedby=\"caption-attachment-3004\" class=\"size-medium wp-image-3004\" alt=\"aiura0116\" src=\"http:\/\/neantvert.eu\/minorin\/wp-content\/uploads\/2013\/04\/aiura0116-500x281.jpg\" width=\"500\" height=\"281\" srcset=\"https:\/\/neantvert.eu\/minorin\/wp-content\/uploads\/2013\/04\/aiura0116-500x281.jpg 500w, https:\/\/neantvert.eu\/minorin\/wp-content\/uploads\/2013\/04\/aiura0116.jpg 640w\" sizes=\"(max-width: 500px) 100vw, 500px\" \/><\/a><p id=\"caption-attachment-3004\" class=\"wp-caption-text\">Elle est moins plate que ce que j&rsquo;aurais cru.<\/p><\/div>\n<p style=\"text-align: justify;\"><span style=\"text-decoration: underline;\">Pour en finir avec ce billet (rapide), un bilan (rapide aussi, j&rsquo;esp\u00e8re).<\/span><\/p>\n<p style=\"text-align: justify;\">Je n&rsquo;irai pas parler de bonne surprise, parce que franchement, j&rsquo;ai trouv\u00e9 ce premier \u00e9pisode totalement insignifiant. Ceci-dit, osons la comparaison, j&rsquo;ai plus accroch\u00e9 que devant le premier \u00e9pisode de <em>Yama no Susume<\/em>, et contrairement \u00e0 <em>Yuyushiki<\/em>, je ne me suis pas emmerd\u00e9.<\/p>\n<p style=\"text-align: justify;\">Le g\u00e9n\u00e9rique de d\u00e9but est vraiment amusant et il met de bonne humeur. Du coup, on passe les deux minutes et demi d&rsquo;anime qui suivent avec un sourire sur le visage. Et tant pis s&rsquo;il ne se passe rien de m\u00e9morable ou de particuli\u00e8rement amusant, on gardera quand m\u00eame un bon souvenir de l&rsquo;\u00e9pisode.<\/p>\n<div id=\"attachment_3005\" style=\"width: 510px\" class=\"wp-caption aligncenter\"><a href=\"http:\/\/neantvert.eu\/minorin\/wp-content\/uploads\/2013\/04\/aiura0117.jpg\"><img loading=\"lazy\" decoding=\"async\" aria-describedby=\"caption-attachment-3005\" class=\"size-medium wp-image-3005\" alt=\"aiura0117\" src=\"http:\/\/neantvert.eu\/minorin\/wp-content\/uploads\/2013\/04\/aiura0117-500x281.jpg\" width=\"500\" height=\"281\" srcset=\"https:\/\/neantvert.eu\/minorin\/wp-content\/uploads\/2013\/04\/aiura0117-500x281.jpg 500w, https:\/\/neantvert.eu\/minorin\/wp-content\/uploads\/2013\/04\/aiura0117.jpg 640w\" sizes=\"(max-width: 500px) 100vw, 500px\" \/><\/a><p id=\"caption-attachment-3005\" class=\"wp-caption-text\">Des ann\u00e9es plus tard, Andy Warhol continue de faire des \u00e9mules.<\/p><\/div>\n<p style=\"text-align: justify;\">Graphiquement, on a le droit \u00e0 un chara-design tr\u00e8s mignon et, ma foi, pas d\u00e9sagr\u00e9able. Les d\u00e9cors ne sont pas tr\u00e8s d\u00e9taill\u00e9s ou r\u00e9alistes, mais plut\u00f4t jolis eux aussi. Le tout est tr\u00e8s color\u00e9, mais pas criard. Alors m\u00eame si du point de vue de l&rsquo;animation, le studio se contente (et \/ ou se contentera) vraisemblablement du minimum syndical, on a un r\u00e9sultat assez agr\u00e9able pour l\u2019\u0153il.<\/p>\n<div id=\"attachment_3007\" style=\"width: 510px\" class=\"wp-caption aligncenter\"><a href=\"http:\/\/neantvert.eu\/minorin\/wp-content\/uploads\/2013\/04\/aiura0119.jpg\"><img loading=\"lazy\" decoding=\"async\" aria-describedby=\"caption-attachment-3007\" class=\"size-medium wp-image-3007\" alt=\"aiura0119\" src=\"http:\/\/neantvert.eu\/minorin\/wp-content\/uploads\/2013\/04\/aiura0119-500x281.jpg\" width=\"500\" height=\"281\" srcset=\"https:\/\/neantvert.eu\/minorin\/wp-content\/uploads\/2013\/04\/aiura0119-500x281.jpg 500w, https:\/\/neantvert.eu\/minorin\/wp-content\/uploads\/2013\/04\/aiura0119.jpg 640w\" sizes=\"(max-width: 500px) 100vw, 500px\" \/><\/a><p id=\"caption-attachment-3007\" class=\"wp-caption-text\">Si si, je vous jure, je trouve \u00e7a plut\u00f4t joli.<\/p><\/div>\n<p style=\"text-align: justify;\">Les personnages seront surement tr\u00e8s st\u00e9r\u00e9otyp\u00e9s et il ne fait aucun doute que, surprise, les trois jeunes filles vont se retrouver dans la m\u00eame classe au prochain \u00e9pisode. La musique a un c\u00f4t\u00e9 musique d\u2019ascenseur. En m\u00eame temps, pas s\u00fbr que le studio ait d\u00e9ploy\u00e9 des moyens colossaux pour l&rsquo;ambiance musicale d&rsquo;\u00e9pisodes de 4 minutes.<\/p>\n<p style=\"text-align: justify;\"><em>Aiura<\/em> est une s\u00e9rie sans pr\u00e9tention que je recommanderais aux amateurs de tranches de vie toutes simples, sans fioritures, sans d\u00e9lires omnipr\u00e9sents. Pour ma part, j&rsquo;ai d\u00e9cid\u00e9 de regarder les \u00e9pisodes suivants, quitte \u00e0 vivre un <em>Yama no Susume 2<\/em>. Au pire, \u00e0 4 minutes par \u00e9pisode, ce ne sera pas non plus une \u00e9norme perte de temps.<br \/>\nLes autres, je vous conseille au moins de regarder son opening qui, \u00e0 mon sens, vaut le d\u00e9tour.<\/p>\n<div id=\"attachment_3006\" style=\"width: 510px\" class=\"wp-caption aligncenter\"><a href=\"http:\/\/neantvert.eu\/minorin\/wp-content\/uploads\/2013\/04\/aiura0118.jpg\"><img loading=\"lazy\" decoding=\"async\" aria-describedby=\"caption-attachment-3006\" class=\"size-medium wp-image-3006\" alt=\"aiura0118\" src=\"http:\/\/neantvert.eu\/minorin\/wp-content\/uploads\/2013\/04\/aiura0118-500x281.jpg\" width=\"500\" height=\"281\" srcset=\"https:\/\/neantvert.eu\/minorin\/wp-content\/uploads\/2013\/04\/aiura0118-500x281.jpg 500w, https:\/\/neantvert.eu\/minorin\/wp-content\/uploads\/2013\/04\/aiura0118.jpg 640w\" sizes=\"(max-width: 500px) 100vw, 500px\" \/><\/a><p id=\"caption-attachment-3006\" class=\"wp-caption-text\">&#8211; Allez les filles ! On est parties pour 12 semaines !<\/p><\/div>\n","protected":false},"excerpt":{"rendered":"<p>&#8211; [avatar user=\u00a0\u00bbNock\u00a0\u00bb size=\u00a0\u00bboriginal\u00a0\u00bb align=\u00a0\u00bbleft\u00a0\u00bb]Tout au cours de notre vie, nous sommes amen\u00e9 \u00e0 faire des exp\u00e9riences. Certaines, particuli\u00e8rement d\u00e9sagr\u00e9ables ou douloureuses nous serviront de le\u00e7ons, nous apprendront que l&rsquo;on fait parfois des erreurs qu&rsquo;il ne faut pas r\u00e9it\u00e9rer. Chat \u00e9chaud\u00e9 craint l&rsquo;eau froide dit-on. Foutaises. Aujourd&rsquo;hui, je viens vous montrer que je n&rsquo;ai rien [&hellip;]<\/p>\n","protected":false},"author":3,"featured_media":0,"comment_status":"open","ping_status":"closed","sticky":false,"template":"","format":"standard","meta":{"ngg_post_thumbnail":0,"jetpack_post_was_ever_published":false,"_jetpack_newsletter_access":"","_jetpack_dont_email_post_to_subs":false,"_jetpack_newsletter_tier_id":0,"_jetpack_memberships_contains_paywalled_content":false,"_jetpack_memberships_contains_paid_content":false,"footnotes":"","jetpack_publicize_message":"","jetpack_publicize_feature_enabled":true,"jetpack_social_post_already_shared":false,"jetpack_social_options":{"image_generator_settings":{"template":"highway","enabled":false},"version":2}},"categories":[1],"tags":[330,331,15,332],"class_list":["post-2958","post","type-post","status-publish","format-standard","hentry","category-frais","tag-aiura","tag-lyceennes","tag-printemps-2012","tag-tranche-de-vie"],"jetpack_publicize_connections":[],"jetpack_featured_media_url":"","jetpack_sharing_enabled":true,"jetpack_shortlink":"https:\/\/wp.me\/p4IbxV-LI","_links":{"self":[{"href":"https:\/\/neantvert.eu\/minorin\/index.php?rest_route=\/wp\/v2\/posts\/2958"}],"collection":[{"href":"https:\/\/neantvert.eu\/minorin\/index.php?rest_route=\/wp\/v2\/posts"}],"about":[{"href":"https:\/\/neantvert.eu\/minorin\/index.php?rest_route=\/wp\/v2\/types\/post"}],"author":[{"embeddable":true,"href":"https:\/\/neantvert.eu\/minorin\/index.php?rest_route=\/wp\/v2\/users\/3"}],"replies":[{"embeddable":true,"href":"https:\/\/neantvert.eu\/minorin\/index.php?rest_route=%2Fwp%2Fv2%2Fcomments&post=2958"}],"version-history":[{"count":41,"href":"https:\/\/neantvert.eu\/minorin\/index.php?rest_route=\/wp\/v2\/posts\/2958\/revisions"}],"predecessor-version":[{"id":5309,"href":"https:\/\/neantvert.eu\/minorin\/index.php?rest_route=\/wp\/v2\/posts\/2958\/revisions\/5309"}],"wp:attachment":[{"href":"https:\/\/neantvert.eu\/minorin\/index.php?rest_route=%2Fwp%2Fv2%2Fmedia&parent=2958"}],"wp:term":[{"taxonomy":"category","embeddable":true,"href":"https:\/\/neantvert.eu\/minorin\/index.php?rest_route=%2Fwp%2Fv2%2Fcategories&post=2958"},{"taxonomy":"post_tag","embeddable":true,"href":"https:\/\/neantvert.eu\/minorin\/index.php?rest_route=%2Fwp%2Fv2%2Ftags&post=2958"}],"curies":[{"name":"wp","href":"https:\/\/api.w.org\/{rel}","templated":true}]}}