{"id":3490,"date":"2013-05-03T16:51:53","date_gmt":"2013-05-03T14:51:53","guid":{"rendered":"http:\/\/neantvert.eu\/minorin\/?p=3490"},"modified":"2013-05-10T02:18:13","modified_gmt":"2013-05-10T00:18:13","slug":"oreimo-s2-ep-3-lepisode-de-la-soudainete","status":"publish","type":"post","link":"https:\/\/neantvert.eu\/minorin\/?p=3490","title":{"rendered":"Oreimo S2 \u00e9p.3 &#8211; L&rsquo;\u00e9pisode de la soudainet\u00e9"},"content":{"rendered":"<div id=\"attachment_3584\" style=\"width: 510px\" class=\"wp-caption aligncenter\"><a href=\"http:\/\/neantvert.eu\/minorin\/wp-content\/uploads\/2013\/05\/vlcsnap-2013-05-03-14h47m53s42.png\" target=\"_blank\"><img loading=\"lazy\" decoding=\"async\" aria-describedby=\"caption-attachment-3584\" class=\"size-medium wp-image-3584 \" alt=\"OreimoS2EP3-01\" src=\"http:\/\/neantvert.eu\/minorin\/wp-content\/uploads\/2013\/05\/vlcsnap-2013-05-03-14h47m53s42-500x281.png\" width=\"500\" height=\"281\" srcset=\"https:\/\/neantvert.eu\/minorin\/wp-content\/uploads\/2013\/05\/vlcsnap-2013-05-03-14h47m53s42-500x281.png 500w, https:\/\/neantvert.eu\/minorin\/wp-content\/uploads\/2013\/05\/vlcsnap-2013-05-03-14h47m53s42-1024x576.png 1024w, https:\/\/neantvert.eu\/minorin\/wp-content\/uploads\/2013\/05\/vlcsnap-2013-05-03-14h47m53s42.png 1920w\" sizes=\"(max-width: 500px) 100vw, 500px\" \/><\/a><p id=\"caption-attachment-3584\" class=\"wp-caption-text\"><em>Tsuruya avec un AK-47, ton argument est invalide.<\/em><\/p><\/div>\n<p>&nbsp;<\/p>\n<p style=\"text-align: justify\">[avatar user=\u00a0\u00bbSuryce\u00a0\u00bb size=\u00a0\u00bboriginal\u00a0\u00bb align=\u00a0\u00bbleft\u00a0\u00bb link=\u00a0\u00bbhttp:\/\/neantvert.eu\/minorin\/?author=4&Prime; target=\u00a0\u00bb_blank\u00a0\u00bb]\u00c9pisodes\u00a0pr\u00e9c\u00e9dents : <a href=\"http:\/\/neantvert.eu\/minorin\/?p=2575\" target=\"_blank\">1<\/a>, <a href=\"http:\/\/neantvert.eu\/minorin\/?p=3318\" target=\"_blank\">2<\/a><\/p>\n<p style=\"text-align: justify\">Apr\u00e8s un \u00e9pisode un peu idiot centr\u00e9 sur Ayase, on s&rsquo;attaque de nouveau \u00e0 un personnage secondaire, en l&rsquo;occurrence Saori, l&rsquo;amie-encore-plus-otaku-que-Kirino-et-Kuroneko-r\u00e9unies. Pour le coup on a le droit \u00e0 un vrai d\u00e9veloppement de la jeune fille, et pas juste \u00e0 un gag marrant mais mal exploit\u00e9.<\/p>\n<p style=\"text-align: justify\">Par contre, on a \u00e0 peine vu Saori depuis le d\u00e9but de la saison ; elle n&rsquo;a eu le droit qu&rsquo;\u00e0\u00a0<em>une seule<\/em> sc\u00e8ne avant ce troisi\u00e8me \u00e9pisode, est-ce qu&rsquo;il n&rsquo;aurait pas \u00e9t\u00e9 pr\u00e9f\u00e9rable de laisser le spectateur se re-familiariser avec le personnage d&rsquo;abord&#8230; ?<\/p>\n<p style=\"text-align: justify\">NOPE, d\u00e9veloppement de personnage, NOW!<\/p>\n<p style=\"text-align: justify\"><strong>Ore no Im\u00f4to ga Konna Ni Kawaii Wake Ga Nai.<\/strong>\u00a0\/\/ Studio A-1 Pictures \/\/ D\u00e9but\u00e9 en avril 2013 \/\/ Pr\u00e9vu pour 13 \u00e9pisodes \/\/ R\u00e9alisateur : Hiroyuki Kanbe<\/p>\n<p><!--more--><\/p>\n<p style=\"text-align: center\"><a href=\"http:\/\/neantvert.eu\/minorin\/wp-content\/uploads\/2013\/05\/vlcsnap-2013-05-02-18h05m00s210.png\" target=\"_blank\"><img loading=\"lazy\" decoding=\"async\" class=\"aligncenter size-medium wp-image-3585\" alt=\"OreimoS2EP3-02\" src=\"http:\/\/neantvert.eu\/minorin\/wp-content\/uploads\/2013\/05\/vlcsnap-2013-05-02-18h05m00s210-500x281.png\" width=\"500\" height=\"281\" srcset=\"https:\/\/neantvert.eu\/minorin\/wp-content\/uploads\/2013\/05\/vlcsnap-2013-05-02-18h05m00s210-500x281.png 500w, https:\/\/neantvert.eu\/minorin\/wp-content\/uploads\/2013\/05\/vlcsnap-2013-05-02-18h05m00s210-1024x576.png 1024w, https:\/\/neantvert.eu\/minorin\/wp-content\/uploads\/2013\/05\/vlcsnap-2013-05-02-18h05m00s210.png 1920w\" sizes=\"(max-width: 500px) 100vw, 500px\" \/><\/a><\/p>\n<p style=\"text-align: justify\">Donc, Saori, pour quand m\u00eame faire un rappel, c&rsquo;est la grande fille qui toujours porte une paire de lunettes en culs de bouteilles, une tenue de vrai gar\u00e7on manqu\u00e9, et qui est un peu l&rsquo;adulte responsable du trio qu&rsquo;elle forme avec Kirino et Kuroneko. On n&rsquo;a jamais vu son visage derri\u00e8re ses lunettes de toute la saison 1 ; m\u00eame durant la sc\u00e8ne chez elle o\u00f9 elle ne les portait pas la \u00ab\u00a0cam\u00e9ra\u00a0\u00bb \u00e9vitait soigneusement de monter au-dessus de son nez.<\/p>\n<p style=\"text-align: justify\">Et pis l\u00e0, l&rsquo;\u00e9pisode a commenc\u00e9 depuis moins de dix secondes que, SBLAFF, le visage de Saori est r\u00e9v\u00e9l\u00e9 au grand jour !<\/p>\n<p style=\"text-align: justify\">Mais bon, reprenons du d\u00e9but. Ky\u00f4suke, Kirino et Kuroneko rendent une visite surprise \u00e0 Saori le jour de son anniversaire gr\u00e2ce \u00e0 l&rsquo;adresse indiqu\u00e9e sur le colis qu&rsquo;elle avait envoy\u00e9 \u00e0 Kirino dans la saison 1. Prise au d\u00e9pourvue, Saori arrive, visage \u00e0 d\u00e9couvert, et fait une crise de timidit\u00e9 en se cachant le visage.<\/p>\n<p style=\"text-align: justify\">Et paf, g\u00e9n\u00e9rique. D&rsquo;ailleurs j&rsquo;en ai pas encore parl\u00e9.\u00a0Je ne sais pas pour vous, mais je ne trouve pas \u00e7a tr\u00e8s int\u00e9ressant le coup du g\u00e9n\u00e9rique qui change l\u00e9g\u00e8rement \u00e0 chaque \u00e9pisode. Du coup, il utilise pas mal d&rsquo;extraits des \u00e9pisodes eux-m\u00eames pour \u00e9conomiser sur les nouvelles animations et le rendu est donc peu int\u00e9ressant parce qu&rsquo;il fait plus penser \u00e0 un AMV qu&rsquo;\u00e0 un g\u00e9n\u00e9rique.<\/p>\n<p style=\"text-align: justify\">Et juste apr\u00e8s \u00e7a, PAF flashback !<\/p>\n<div id=\"attachment_3586\" style=\"width: 510px\" class=\"wp-caption aligncenter\"><a href=\"http:\/\/neantvert.eu\/minorin\/wp-content\/uploads\/2013\/05\/vlcsnap-2013-05-03-14h48m20s68.png\" target=\"_blank\"><img loading=\"lazy\" decoding=\"async\" aria-describedby=\"caption-attachment-3586\" class=\"size-medium wp-image-3586 \" alt=\"OreimoS2EP3-03\" src=\"http:\/\/neantvert.eu\/minorin\/wp-content\/uploads\/2013\/05\/vlcsnap-2013-05-03-14h48m20s68-500x281.png\" width=\"500\" height=\"281\" srcset=\"https:\/\/neantvert.eu\/minorin\/wp-content\/uploads\/2013\/05\/vlcsnap-2013-05-03-14h48m20s68-500x281.png 500w, https:\/\/neantvert.eu\/minorin\/wp-content\/uploads\/2013\/05\/vlcsnap-2013-05-03-14h48m20s68-1024x576.png 1024w, https:\/\/neantvert.eu\/minorin\/wp-content\/uploads\/2013\/05\/vlcsnap-2013-05-03-14h48m20s68.png 1920w\" sizes=\"(max-width: 500px) 100vw, 500px\" \/><\/a><p id=\"caption-attachment-3586\" class=\"wp-caption-text\"><em>L\u00e9gale ou pas l\u00e9gale ? Telle est la question&#8230;<\/em><\/p><\/div>\n<p style=\"text-align: justify\">Saori nous raconte qu&rsquo;elle \u00e9tait une jeune fille de bonne famille \u00ab\u00a0farouche et ch\u00e9tive\u00a0\u00bb, et qu&rsquo;elle fut un jour r\u00e9veill\u00e9e en pleine nuit par sa grande soeur, <del>Tsuruya<\/del> Kaori, pour l&#8217;emmener dans son repaire secret, le \u00ab\u00a0pretty garden\u00a0\u00bb, un appartement qui sert d&rsquo;entrep\u00f4t pour sa collection et de lieu de rencontre avec ses potes otakus. Saori fait donc leur rencontre et devient notamment amie avec Kanata, une artiste amateure aux multiples noms de plume, qui est un peu la combinaison de la personnalit\u00e9 \u00e9nergique et passionn\u00e9e de Kirino, avec le c\u00f4t\u00e9 artiste de Kuroneko, et le physique de loli de Kanako (et fid\u00e8le \u00e0 son nom, Kanata est bien s\u00fbr une loli \u00e9ternelle). On notera qu&rsquo;il est sous-entendu tr\u00e8s fortement que Kanata est la future cr\u00e9atrice de l&rsquo;anime dont est fan Kuroneko, et je ne serais pas \u00e9tonn\u00e9e si elle \u00e9tait aussi l&rsquo;auteur de l&rsquo;anime magical girl de Kirino ; l&rsquo;ironie de la chose serait amusante et c&rsquo;est tout \u00e0 fait possible avec le coup des noms de plume.<\/p>\n<p style=\"text-align: justify\">Mais Kaori finit apparemment par \u00eatre agac\u00e9 de voir Saori s&rsquo;investir autant dans <em>son<\/em> groupe d&rsquo;amis, donc elle annonce \u00e0 tout le monde qu&rsquo;elle va se marier et partir vivre \u00e0 l&rsquo;\u00e9tranger, et sur ce, elle se casse.\u00a0Je veux dire, vraiment, le dialogue c&rsquo;est litt\u00e9ralement \u00e7a : \u00ab\u00a0Salut les gars ! Je me marie et je pars \u00e0 l&rsquo;\u00e9tranger ! A plus !\u00a0\u00bb<\/p>\n<p style=\"text-align: justify\">Ce qu&rsquo;on est cens\u00e9 comprendre de cette s\u00e9quence, c&rsquo;est que Kaori veut que sa petite soeur se d\u00e9brouille un peu par elle-m\u00eame et se fasse ses propres amis, mais cette id\u00e9e est assez mal montr\u00e9e. Tout ce qu&rsquo;on voit, c&rsquo;est Kaori qui boude dans son coin pendant que Saori\u00a0interagit\u00a0avec les autres, ce qui donne plus l&rsquo;impression qu&rsquo;elle s&rsquo;est fait voler la vedette et qu&rsquo;elle est jalouse. C&rsquo;est bien de faire l&rsquo;effort de montrer au lieu de dire, mais encore faut-il le faire correctement.<\/p>\n<div id=\"attachment_3587\" style=\"width: 510px\" class=\"wp-caption aligncenter\"><a href=\"http:\/\/neantvert.eu\/minorin\/wp-content\/uploads\/2013\/05\/vlcsnap-2013-05-03-15h06m18s96.png\" target=\"_blank\"><img loading=\"lazy\" decoding=\"async\" aria-describedby=\"caption-attachment-3587\" class=\"size-medium wp-image-3587 \" alt=\"OreimoS2EP3-04\" src=\"http:\/\/neantvert.eu\/minorin\/wp-content\/uploads\/2013\/05\/vlcsnap-2013-05-03-15h06m18s96-500x281.png\" width=\"500\" height=\"281\" srcset=\"https:\/\/neantvert.eu\/minorin\/wp-content\/uploads\/2013\/05\/vlcsnap-2013-05-03-15h06m18s96-500x281.png 500w, https:\/\/neantvert.eu\/minorin\/wp-content\/uploads\/2013\/05\/vlcsnap-2013-05-03-15h06m18s96-1024x576.png 1024w, https:\/\/neantvert.eu\/minorin\/wp-content\/uploads\/2013\/05\/vlcsnap-2013-05-03-15h06m18s96.png 1920w\" sizes=\"(max-width: 500px) 100vw, 500px\" \/><\/a><p id=\"caption-attachment-3587\" class=\"wp-caption-text\"><em>Cet \u00e9pisode contient quelques plans plus ambitieux que d&rsquo;habitude, comme la sc\u00e8ne de Saori avec l&rsquo;AK en vue subjective.<\/em><\/p><\/div>\n<p style=\"text-align: justify\">Bref, avec le d\u00e9part de Kaori, le groupe se dissout rapidement, et m\u00eame Kanata finit par s&rsquo;en aller. Mais avant cela, elle remonte le moral \u00e0 Saori et lui offre ses lunettes en culs de bouteilles pour qu&rsquo;elle puisse copier son gimmick de changer de personnalit\u00e9 en changeant de lunettes, et ainsi adopter une attitude plus positive. L&rsquo;histoire se rattache ensuite au d\u00e9but de la saison 1. Saori veut former son propre\u00a0groupe\u00a0d&rsquo;amis et pour cela organise des r\u00e9unions IRL durant lesquelles elle va rencontrer Kirino et Kuroneko.<\/p>\n<p style=\"text-align: justify\">On revient ensuite au pr\u00e9sent et Saori, qui a enfin termin\u00e9 de raconter son histoire au miroir de sa salle de bain, se d\u00e9cide \u00e0 rejoindre ses amis qui l&rsquo;attendant dans le salon, mais sans ses lunettes. Mais c&rsquo;est aussi ce moment que\u00a0choisissent\u00a0Kaori et sa bande d&rsquo;amis pour d\u00e9barquer et passer un coucou \u00e0 Saori pour son anniversaire. Cette derni\u00e8re en profite pour montrer sa propre bande d&rsquo;amis \u00e0 sa soeur et faire la fi\u00e8re, laquelle s&rsquo;en va rapidement, contente de voir que Saori a fait quelque chose par elle-m\u00eame. Et l&rsquo;\u00e9pisode se termine sur une s\u00e9ance cosplay entre Saori et ses amis.<\/p>\n<div id=\"attachment_3583\" style=\"width: 510px\" class=\"wp-caption aligncenter\"><a href=\"http:\/\/neantvert.eu\/minorin\/wp-content\/uploads\/2013\/05\/vlcsnap-2013-05-03-15h29m08s218.png\" target=\"_blank\"><img loading=\"lazy\" decoding=\"async\" aria-describedby=\"caption-attachment-3583\" class=\"size-medium wp-image-3583  \" alt=\"OreimoS2EP3-05\" src=\"http:\/\/neantvert.eu\/minorin\/wp-content\/uploads\/2013\/05\/vlcsnap-2013-05-03-15h29m08s218-500x281.png\" width=\"500\" height=\"281\" srcset=\"https:\/\/neantvert.eu\/minorin\/wp-content\/uploads\/2013\/05\/vlcsnap-2013-05-03-15h29m08s218-500x281.png 500w, https:\/\/neantvert.eu\/minorin\/wp-content\/uploads\/2013\/05\/vlcsnap-2013-05-03-15h29m08s218-1024x576.png 1024w, https:\/\/neantvert.eu\/minorin\/wp-content\/uploads\/2013\/05\/vlcsnap-2013-05-03-15h29m08s218.png 1920w\" sizes=\"(max-width: 500px) 100vw, 500px\" \/><\/a><p id=\"caption-attachment-3583\" class=\"wp-caption-text\"><em>Quand Kaori a d\u00e9couvert que sa petite soeur faisait maintenant 2 m\u00e8tres de haut, elle s&rsquo;est dit qu&rsquo;elle avait bien fait de ne pas la martyriser quand elle \u00e9tait petite&#8230;<\/em><\/p><\/div>\n<p style=\"text-align: justify\">Cet \u00e9pisode n&rsquo;\u00e9tait clairement pas mauvais mais je le trouve un peu\u00a0<em>brusque<\/em>, aussi bien dans son contexte que dans son contenu, Saori a \u00e0 peine \u00e9t\u00e9 r\u00e9-introduite dans l&rsquo;histoire et les diff\u00e9rents\u00a0\u00e9v\u00e9nements\u00a0de son pass\u00e9 s&rsquo;encha\u00eenent tr\u00e8s vite et prennent des proportions pas vraiment justifi\u00e9es. Aussi, le fait que ce soit surtout la petite vengeance personnelle de Saori contre sa soeur qui soit mise en avant comme sa motivation principale m&#8217;emb\u00eate un peu. Je peux tout \u00e0 fait comprendre le sentiment, mais il n&rsquo;est pas sp\u00e9cialement honorable pour le personnage.<\/p>\n<p style=\"text-align: justify\">Cette saison semble bien partie pour \u00eatre une grosse succession d&rsquo;\u00e9pisodes ind\u00e9pendants d\u00e9veloppant un par un les personnages sans aucune logique d&rsquo;ensemble. Le studio serait-il en train de rusher les choses parce que c&rsquo;est la derni\u00e8re saison et qu&rsquo;ils veulent adapter tous les moments int\u00e9ressants restants avec un nombre limit\u00e9 d&rsquo;\u00e9pisodes ? Ou alors adaptent-ils trop fid\u00e8lement des chapitres qui n&rsquo;ont pas \u00e9t\u00e9 pr\u00e9vus pour \u00eatre le d\u00e9but d&rsquo;une nouvelle saison ?<\/p>\n<p style=\"text-align: center\"><a href=\"http:\/\/neantvert.eu\/minorin\/wp-content\/uploads\/2013\/05\/Oreimo3.jpg\" target=\"_blank\"><img loading=\"lazy\" decoding=\"async\" class=\"aligncenter  wp-image-3588\" alt=\"OreimoS2EP3-06\" src=\"http:\/\/neantvert.eu\/minorin\/wp-content\/uploads\/2013\/05\/Oreimo3-500x594.jpg\" width=\"400\" height=\"475\" srcset=\"https:\/\/neantvert.eu\/minorin\/wp-content\/uploads\/2013\/05\/Oreimo3-500x594.jpg 500w, https:\/\/neantvert.eu\/minorin\/wp-content\/uploads\/2013\/05\/Oreimo3.jpg 538w\" sizes=\"(max-width: 400px) 100vw, 400px\" \/><\/a><\/p>\n","protected":false},"excerpt":{"rendered":"<p>&nbsp; [avatar user=\u00a0\u00bbSuryce\u00a0\u00bb size=\u00a0\u00bboriginal\u00a0\u00bb align=\u00a0\u00bbleft\u00a0\u00bb link=\u00a0\u00bbhttp:\/\/neantvert.eu\/minorin\/?author=4&Prime; target=\u00a0\u00bb_blank\u00a0\u00bb]\u00c9pisodes\u00a0pr\u00e9c\u00e9dents : 1, 2 Apr\u00e8s un \u00e9pisode un peu idiot centr\u00e9 sur Ayase, on s&rsquo;attaque de nouveau \u00e0 un personnage secondaire, en l&rsquo;occurrence Saori, l&rsquo;amie-encore-plus-otaku-que-Kirino-et-Kuroneko-r\u00e9unies. Pour le coup on a le droit \u00e0 un vrai d\u00e9veloppement de la jeune fille, et pas juste \u00e0 un gag marrant mais mal [&hellip;]<\/p>\n","protected":false},"author":4,"featured_media":0,"comment_status":"open","ping_status":"closed","sticky":false,"template":"","format":"standard","meta":{"ngg_post_thumbnail":0,"jetpack_post_was_ever_published":false,"_jetpack_newsletter_access":"","_jetpack_dont_email_post_to_subs":false,"_jetpack_newsletter_tier_id":0,"_jetpack_memberships_contains_paywalled_content":false,"_jetpack_memberships_contains_paid_content":false,"footnotes":"","jetpack_publicize_message":"","jetpack_publicize_feature_enabled":true,"jetpack_social_post_already_shared":false,"jetpack_social_options":{"image_generator_settings":{"template":"highway","enabled":false},"version":2}},"categories":[1],"tags":[72,123,124,110],"class_list":["post-3490","post","type-post","status-publish","format-standard","hentry","category-frais","tag-a-1-pictures","tag-ore-no-imouto-ga-konna-ni-kawaii-ga-nai","tag-oreimo","tag-printemps-2013"],"jetpack_publicize_connections":[],"jetpack_featured_media_url":"","jetpack_sharing_enabled":true,"jetpack_shortlink":"https:\/\/wp.me\/p4IbxV-Ui","_links":{"self":[{"href":"https:\/\/neantvert.eu\/minorin\/index.php?rest_route=\/wp\/v2\/posts\/3490"}],"collection":[{"href":"https:\/\/neantvert.eu\/minorin\/index.php?rest_route=\/wp\/v2\/posts"}],"about":[{"href":"https:\/\/neantvert.eu\/minorin\/index.php?rest_route=\/wp\/v2\/types\/post"}],"author":[{"embeddable":true,"href":"https:\/\/neantvert.eu\/minorin\/index.php?rest_route=\/wp\/v2\/users\/4"}],"replies":[{"embeddable":true,"href":"https:\/\/neantvert.eu\/minorin\/index.php?rest_route=%2Fwp%2Fv2%2Fcomments&post=3490"}],"version-history":[{"count":7,"href":"https:\/\/neantvert.eu\/minorin\/index.php?rest_route=\/wp\/v2\/posts\/3490\/revisions"}],"predecessor-version":[{"id":3709,"href":"https:\/\/neantvert.eu\/minorin\/index.php?rest_route=\/wp\/v2\/posts\/3490\/revisions\/3709"}],"wp:attachment":[{"href":"https:\/\/neantvert.eu\/minorin\/index.php?rest_route=%2Fwp%2Fv2%2Fmedia&parent=3490"}],"wp:term":[{"taxonomy":"category","embeddable":true,"href":"https:\/\/neantvert.eu\/minorin\/index.php?rest_route=%2Fwp%2Fv2%2Fcategories&post=3490"},{"taxonomy":"post_tag","embeddable":true,"href":"https:\/\/neantvert.eu\/minorin\/index.php?rest_route=%2Fwp%2Fv2%2Ftags&post=3490"}],"curies":[{"name":"wp","href":"https:\/\/api.w.org\/{rel}","templated":true}]}}