{"id":3758,"date":"2013-05-16T17:46:50","date_gmt":"2013-05-16T15:46:50","guid":{"rendered":"http:\/\/neantvert.eu\/minorin\/?p=3758"},"modified":"2022-04-01T22:32:37","modified_gmt":"2022-04-01T20:32:37","slug":"oreimo-s2-ep-5-pas-vu-pas-pris","status":"publish","type":"post","link":"https:\/\/neantvert.eu\/minorin\/?p=3758","title":{"rendered":"Oreimo S2 \u00e9p 5 &#8211; Pas vu, pas pris !"},"content":{"rendered":"<div id=\"attachment_3842\" style=\"width: 510px\" class=\"wp-caption aligncenter\"><img loading=\"lazy\" decoding=\"async\" aria-describedby=\"caption-attachment-3842\" class=\"size-medium wp-image-3842 \" src=\"http:\/\/neantvert.eu\/minorin\/wp-content\/uploads\/2013\/05\/vlcsnap-2013-05-15-21h36m13s107-500x281.png\" alt=\"OreimoS2ep5-01\" width=\"500\" height=\"281\" srcset=\"https:\/\/neantvert.eu\/minorin\/wp-content\/uploads\/2013\/05\/vlcsnap-2013-05-15-21h36m13s107-500x281.png 500w, https:\/\/neantvert.eu\/minorin\/wp-content\/uploads\/2013\/05\/vlcsnap-2013-05-15-21h36m13s107-1024x576.png 1024w, https:\/\/neantvert.eu\/minorin\/wp-content\/uploads\/2013\/05\/vlcsnap-2013-05-15-21h36m13s107.png 1920w\" sizes=\"(max-width: 500px) 100vw, 500px\" \/><p id=\"caption-attachment-3842\" class=\"wp-caption-text\"><em>In siscon we trust<\/em><\/p><\/div>\n<p style=\"text-align: justify;\">[avatar user=\u00a0\u00bbSuryce\u00a0\u00bb size=\u00a0\u00bboriginal\u00a0\u00bb align=\u00a0\u00bbleft\u00a0\u00bb link=\u00a0\u00bbhttp:\/\/neantvert.eu\/minorin\/?author=4&Prime; target=\u00a0\u00bb_blank\u00a0\u00bb]\u00c9pisodes&nbsp;pr\u00e9c\u00e9dents :&nbsp;<a href=\"http:\/\/neantvert.eu\/minorin\/?p=2575\" target=\"_blank\" rel=\"noopener\">1<\/a>,&nbsp;<a href=\"http:\/\/neantvert.eu\/minorin\/?p=3318\" target=\"_blank\" rel=\"noopener\">2<\/a>,&nbsp;<a href=\"http:\/\/neantvert.eu\/minorin\/?p=3490\" target=\"_blank\" rel=\"noopener\">3<\/a>, <a href=\"http:\/\/neantvert.eu\/minorin\/?p=3667\" target=\"_blank\" rel=\"noopener\">4<\/a><\/p>\n<p style=\"text-align: justify;\">Un nouvel \u00e9pisode centr\u00e9 sur Kirino !<\/p>\n<p style=\"text-align: justify;\">Et devinez quoi ? Je l&rsquo;ai bien aim\u00e9.<\/p>\n<p style=\"text-align: justify;\"><strong>Ore no Im\u00f4to ga Konna Ni Kawaii Wake Ga Nai.<\/strong>&nbsp;\/\/ Studio A-1 Pictures \/\/ D\u00e9but\u00e9 en avril 2013 \/\/ Pr\u00e9vu pour 13 \u00e9pisodes \/\/ R\u00e9alisateur : Hiroyuki Kanbe<\/p>\n<p><!--more--><\/p>\n<p style=\"text-align: justify;\"><a href=\"http:\/\/neantvert.eu\/minorin\/wp-content\/uploads\/2013\/05\/vlcsnap-2013-05-15-21h07m27s227.png\"><img loading=\"lazy\" decoding=\"async\" class=\"aligncenter size-medium wp-image-3841\" src=\"http:\/\/neantvert.eu\/minorin\/wp-content\/uploads\/2013\/05\/vlcsnap-2013-05-15-21h07m27s227-500x281.png\" alt=\"OreimoS2ep5-02\" width=\"500\" height=\"281\" srcset=\"https:\/\/neantvert.eu\/minorin\/wp-content\/uploads\/2013\/05\/vlcsnap-2013-05-15-21h07m27s227-500x281.png 500w, https:\/\/neantvert.eu\/minorin\/wp-content\/uploads\/2013\/05\/vlcsnap-2013-05-15-21h07m27s227-1024x576.png 1024w, https:\/\/neantvert.eu\/minorin\/wp-content\/uploads\/2013\/05\/vlcsnap-2013-05-15-21h07m27s227.png 1920w\" sizes=\"(max-width: 500px) 100vw, 500px\" \/><\/a><\/p>\n<p style=\"text-align: justify;\">L&rsquo;\u00e9pisode reprend l&rsquo;action l\u00e0 o\u00f9 s&rsquo;\u00e9tait termin\u00e9 le pr\u00e9c\u00e9dent : Kirino veut que son grand fr\u00e8re devienne son petit ami, pour de faux bien \u00e9videmment. La personne a tromp\u00e9 est Misaki Fujima, la PDG d&rsquo;une agence de mannequin qui voudrait que Kirino bosse exclusivement pour eux, mais cela implique que Kirino parte une nouvelle fois \u00e0 l&rsquo;\u00e9tranger, ce qu&rsquo;elle ne veut pas faire parce que comme cela a \u00e9t\u00e9 \u00e9tablit pr\u00e9c\u00e9demment, son coeur est au Japon avec ses amis et son hobby. Le r\u00f4le de Ky\u00f4suke en tant que faux petit ami est donc de donner une bonne excuse \u00e0 Kirino pour affirmer son d\u00e9sir de rester au Japon et refuser poliment la proposition. Mais Miss Fujima n&rsquo;est pas totalement convaincu et le faux couple devra faire semblant d&rsquo;avoir un rendez-vous pour rendre le tableau plus convaincant.<\/p>\n<p style=\"text-align: justify;\">Et cette petite intrigue va amener trois choses diff\u00e9rentes : d&rsquo;abord du fanservice bien s\u00fbr, puisque les deux fr\u00e8re et soeur vont pouvoir ouvertement se comporter comme un couple et s&rsquo;avoueront m\u00eame pourquoi ils s&rsquo;aiment l&rsquo;un l&rsquo;autre en essayant de maintenir leur fa\u00e7ade. Mais aussi et surtout de l&rsquo;humour : le faux couple va croiser <em>toutes<\/em> les personnes qu&rsquo;ils connaissent (\u00e0 part Ayase, une belle occasion de rat\u00e9 de faire un truc dr\u00f4le avec ce personnage), ce qui va provoquer toutes sortes de r\u00e9actions tordantes chez un parti comme chez l&rsquo;autre, entre Kirino qui se r\u00e9jouit d&rsquo;avoir \u00e9t\u00e9 vue par Manami-la-voisine (qu&rsquo;elle consid\u00e8re comme une rivale) ou Kuroneko qui est \u00e0 la limite du choc et en perd sa monnaie. Pour une fois, l&rsquo;humour de la s\u00e9rie fait vraiment mouche. Je m&rsquo;attendais \u00e0 une blague plus classique du genre \u00ab\u00a0en fait Fujima ne les &nbsp;surveillait pas et ils ont fait \u00e7a pour rien\u00a0\u00bb (d&rsquo;autant plus que celle-ci n&rsquo;appara\u00eet jamais \u00e0 l&rsquo;\u00e9cran durant le rendez-vous), mais la premi\u00e8re moiti\u00e9 de cet \u00e9pisode m&rsquo;a agr\u00e9ablement surpris.<\/p>\n<div id=\"attachment_3839\" style=\"width: 510px\" class=\"wp-caption aligncenter\"><a href=\"http:\/\/neantvert.eu\/minorin\/wp-content\/uploads\/2013\/05\/vlcsnap-2013-05-15-21h26m41s5.png\" target=\"_blank\" rel=\"noopener\"><img loading=\"lazy\" decoding=\"async\" aria-describedby=\"caption-attachment-3839\" class=\"size-medium wp-image-3839\" src=\"http:\/\/neantvert.eu\/minorin\/wp-content\/uploads\/2013\/05\/vlcsnap-2013-05-15-21h26m41s5-500x281.png\" alt=\"OreimoS2ep5-03\" width=\"500\" height=\"281\" srcset=\"https:\/\/neantvert.eu\/minorin\/wp-content\/uploads\/2013\/05\/vlcsnap-2013-05-15-21h26m41s5-500x281.png 500w, https:\/\/neantvert.eu\/minorin\/wp-content\/uploads\/2013\/05\/vlcsnap-2013-05-15-21h26m41s5-1024x576.png 1024w, https:\/\/neantvert.eu\/minorin\/wp-content\/uploads\/2013\/05\/vlcsnap-2013-05-15-21h26m41s5.png 1920w\" sizes=\"(max-width: 500px) 100vw, 500px\" \/><\/a><p id=\"caption-attachment-3839\" class=\"wp-caption-text\"><em>Miss \u00ab\u00a0Vous \u00eates gouines ?\u00a0\u00bb se retrouve associ\u00e9e avec une autre loli. Le karma !<\/em><\/p><\/div>\n<p style=\"text-align: justify;\">Car oui, le rendez-vous ne prend qu&rsquo;une partie de l&rsquo;\u00e9pisode, le troisi\u00e8me \u00e9l\u00e9ment qu&rsquo;il am\u00e8ne \u00e9tant&#8230; un myst\u00e8re ! Ky\u00f4suke et Kirino se dispute \u00e0 la fin de la journ\u00e9e et cette derni\u00e8re laisse entendre qu&rsquo;elle aurait vraiment un petit ami, ce qui inqui\u00e8te Monsieur Siscon. Le truc, c&rsquo;est qu&rsquo;il est parfaitement \u00e9vident que la pique de Kirino n&rsquo;\u00e9tait qu&rsquo;une pique : si elle avait v\u00e9ritablement un petit ami, pourquoi diable s&#8217;emb\u00eater \u00e0 demander \u00e0 quelqu&rsquo;un d&rsquo;autre de faire semblant de l&rsquo;\u00eatre ? Et l\u00e0 c&rsquo;est le moment o\u00f9 Ky\u00f4suke est <em>un peu<\/em> con parce que d&rsquo;abord cette \u00e9vidence ne lui vient jamais \u00e0 l&rsquo;esprit, et ensuite, quand il demande son avis \u00e0 Kuroneko sur la question, il est tr\u00e8s surpris parce qu&rsquo;il ne comprend pas le sous-entendu qu&rsquo;elle essaye de faire passer quand elle lui dit qu&rsquo;elle serait contente si Kirino avait un petit copain.<\/p>\n<p style=\"text-align: justify;\">On revient ensuite \u00e0 Kirino, son grand fr\u00e8re essayant de se r\u00e9concilier avec elle en lui proposant d&rsquo;aider Kuroneko pour son prochain doujin, le Comiket approchant. Kirino l&rsquo;ignore \u00e0 moiti\u00e9 jusqu&rsquo;\u00e0 ce que Ky\u00f4suke repasse en mode siscon d\u00e9sesp\u00e9r\u00e9 et lui demande si cette histoire de petit ami est bien vrai. Kirino en se rendant compte que Ky\u00f4suke est s\u00e9rieusement inquiet et se r\u00e9concilie avec lui apr\u00e8s avoir rigol\u00e9 un bon coup, mais elle laisse toujours planer l&rsquo;id\u00e9e qu&rsquo;elle aurait un copain. Vous pouvez me recouvrir de goudron et de plumes si vous voulez mais&#8230; j&rsquo;ai trouv\u00e9 cette sc\u00e8ne touchante. Un peu. Probablement parce que malgr\u00e9 le sujet un peu pervers, les deux personnages ont des r\u00e9actions assez humaines pour la premi\u00e8re fois dans cette foutue s\u00e9rie, se r\u00e9conciliant de mani\u00e8re raisonnable seulement deux sc\u00e8nes apr\u00e8s leur dispute.<\/p>\n<div id=\"attachment_3837\" style=\"width: 510px\" class=\"wp-caption aligncenter\"><a href=\"http:\/\/neantvert.eu\/minorin\/wp-content\/uploads\/2013\/05\/vlcsnap-2013-05-15-22h13m08s225.png\" target=\"_blank\" rel=\"noopener\"><img loading=\"lazy\" decoding=\"async\" aria-describedby=\"caption-attachment-3837\" class=\"size-medium wp-image-3837 \" src=\"http:\/\/neantvert.eu\/minorin\/wp-content\/uploads\/2013\/05\/vlcsnap-2013-05-15-22h13m08s225-500x281.png\" alt=\"OreimoS2ep5-04\" width=\"500\" height=\"281\" srcset=\"https:\/\/neantvert.eu\/minorin\/wp-content\/uploads\/2013\/05\/vlcsnap-2013-05-15-22h13m08s225-500x281.png 500w, https:\/\/neantvert.eu\/minorin\/wp-content\/uploads\/2013\/05\/vlcsnap-2013-05-15-22h13m08s225-1024x576.png 1024w, https:\/\/neantvert.eu\/minorin\/wp-content\/uploads\/2013\/05\/vlcsnap-2013-05-15-22h13m08s225.png 1920w\" sizes=\"(max-width: 500px) 100vw, 500px\" \/><\/a><p id=\"caption-attachment-3837\" class=\"wp-caption-text\"><em>Je suis un homme bon, je vous offre un screenshot de Kuroneko.<\/em><\/p><\/div>\n<p style=\"text-align: justify;\">Kirino accepte donc de participer \u00e0 la prochaine oeuvre de Kuroneko, avec aussi Saori et Ky\u00f4suke. Ce dernier participe avec des photos de lui-m\u00eame en cosplay, mais pour une raison qui m&rsquo;\u00e9chappe, tout le monde soupire en les regardant. Le costume vient de la collection de Saori et est de bonne facture, et Ky\u00f4suke ressemble assez bien au personnage et y met de l&rsquo;enthousiasme, donc o\u00f9 est le probl\u00e8me ? Mais malgr\u00e9 ce quart de contenu assez d\u00e9cri\u00e9, ils arrivent \u00e0 vendre toutes leurs copies, ce qui est une premi\u00e8re pour Kuroneko qui est un peu \u00e9mue.<\/p>\n<p style=\"text-align: justify;\">Maintenant qu&rsquo;ils ont \u00e9coul\u00e9 leur stock, le groupe s&rsquo;en va faire eux-m\u00eame le tour des stands&#8230; quand soudain un \u00e9l\u00e9gant jeune homme reconna\u00eet Kirino dans la foule et l&rsquo;appelle par son pr\u00e9nom ! Serait-ce son v\u00e9ritable petit ami !? Elle en a vraiment un !? La r\u00e9ponse au prochain \u00e9pisode bien \u00e9videmment&#8230;<\/p>\n<p style=\"text-align: justify;\">Je dois admettre que je suis r\u00e9ellement surpris par l&rsquo;introduction de ce nouveau personnage, mais reste \u00e0 voir s&rsquo;il est bien le petit ami de Kirino. J&rsquo;ai un peu de mal \u00e0 croire que l&rsquo;anime aurait le culot. Au final, j&rsquo;ai trouv\u00e9 cet \u00e9pisode assez plaisant. Le coup du faux petit ami est assez clich\u00e9, mais fort bien utilis\u00e9 pour cr\u00e9er des situations vraiment dr\u00f4les et m\u00eame int\u00e9ressantes pour certaines. De plus, les personnages ont pour une fois un comportement raisonnable, ce qui les rend plus attachants.<\/p>\n<div id=\"attachment_3838\" style=\"width: 510px\" class=\"wp-caption aligncenter\"><a href=\"http:\/\/neantvert.eu\/minorin\/wp-content\/uploads\/2013\/05\/vlcsnap-2013-05-16-00h03m39s237.png\" target=\"_blank\" rel=\"noopener\"><img loading=\"lazy\" decoding=\"async\" aria-describedby=\"caption-attachment-3838\" class=\"size-medium wp-image-3838 \" src=\"http:\/\/neantvert.eu\/minorin\/wp-content\/uploads\/2013\/05\/vlcsnap-2013-05-16-00h03m39s237-500x281.png\" alt=\"OreimoS2ep5-05\" width=\"500\" height=\"281\" srcset=\"https:\/\/neantvert.eu\/minorin\/wp-content\/uploads\/2013\/05\/vlcsnap-2013-05-16-00h03m39s237-500x281.png 500w, https:\/\/neantvert.eu\/minorin\/wp-content\/uploads\/2013\/05\/vlcsnap-2013-05-16-00h03m39s237-1024x576.png 1024w, https:\/\/neantvert.eu\/minorin\/wp-content\/uploads\/2013\/05\/vlcsnap-2013-05-16-00h03m39s237.png 1920w\" sizes=\"(max-width: 500px) 100vw, 500px\" \/><\/a><p id=\"caption-attachment-3838\" class=\"wp-caption-text\">Le seul mauvais point de cet \u00e9pisode, c&rsquo;est que le visage Kirino est dessin\u00e9 de travers dans pas mal de plans.<\/p><\/div>\n","protected":false},"excerpt":{"rendered":"<p>[avatar user=\u00a0\u00bbSuryce\u00a0\u00bb size=\u00a0\u00bboriginal\u00a0\u00bb align=\u00a0\u00bbleft\u00a0\u00bb link=\u00a0\u00bbhttp:\/\/neantvert.eu\/minorin\/?author=4&Prime; target=\u00a0\u00bb_blank\u00a0\u00bb]\u00c9pisodes&nbsp;pr\u00e9c\u00e9dents :&nbsp;1,&nbsp;2,&nbsp;3, 4 Un nouvel \u00e9pisode centr\u00e9 sur Kirino ! Et devinez quoi ? Je l&rsquo;ai bien aim\u00e9. Ore no Im\u00f4to ga Konna Ni Kawaii Wake Ga Nai.&nbsp;\/\/ Studio A-1 Pictures \/\/ D\u00e9but\u00e9 en avril 2013 \/\/ Pr\u00e9vu pour 13 \u00e9pisodes \/\/ R\u00e9alisateur : Hiroyuki Kanbe<\/p>\n","protected":false},"author":4,"featured_media":0,"comment_status":"open","ping_status":"closed","sticky":false,"template":"","format":"standard","meta":{"ngg_post_thumbnail":0,"jetpack_post_was_ever_published":false,"_jetpack_newsletter_access":"","_jetpack_dont_email_post_to_subs":false,"_jetpack_newsletter_tier_id":0,"_jetpack_memberships_contains_paywalled_content":false,"_jetpack_memberships_contains_paid_content":false,"footnotes":"","jetpack_publicize_message":"","jetpack_publicize_feature_enabled":true,"jetpack_social_post_already_shared":false,"jetpack_social_options":{"image_generator_settings":{"template":"highway","enabled":false},"version":2}},"categories":[1],"tags":[72,123,124,196],"class_list":["post-3758","post","type-post","status-publish","format-standard","hentry","category-frais","tag-a-1-pictures","tag-ore-no-imouto-ga-konna-ni-kawaii-ga-nai","tag-oreimo","tag-siscon"],"jetpack_publicize_connections":[],"jetpack_featured_media_url":"","jetpack_sharing_enabled":true,"jetpack_shortlink":"https:\/\/wp.me\/p4IbxV-YC","_links":{"self":[{"href":"https:\/\/neantvert.eu\/minorin\/index.php?rest_route=\/wp\/v2\/posts\/3758"}],"collection":[{"href":"https:\/\/neantvert.eu\/minorin\/index.php?rest_route=\/wp\/v2\/posts"}],"about":[{"href":"https:\/\/neantvert.eu\/minorin\/index.php?rest_route=\/wp\/v2\/types\/post"}],"author":[{"embeddable":true,"href":"https:\/\/neantvert.eu\/minorin\/index.php?rest_route=\/wp\/v2\/users\/4"}],"replies":[{"embeddable":true,"href":"https:\/\/neantvert.eu\/minorin\/index.php?rest_route=%2Fwp%2Fv2%2Fcomments&post=3758"}],"version-history":[{"count":12,"href":"https:\/\/neantvert.eu\/minorin\/index.php?rest_route=\/wp\/v2\/posts\/3758\/revisions"}],"predecessor-version":[{"id":13609,"href":"https:\/\/neantvert.eu\/minorin\/index.php?rest_route=\/wp\/v2\/posts\/3758\/revisions\/13609"}],"wp:attachment":[{"href":"https:\/\/neantvert.eu\/minorin\/index.php?rest_route=%2Fwp%2Fv2%2Fmedia&parent=3758"}],"wp:term":[{"taxonomy":"category","embeddable":true,"href":"https:\/\/neantvert.eu\/minorin\/index.php?rest_route=%2Fwp%2Fv2%2Fcategories&post=3758"},{"taxonomy":"post_tag","embeddable":true,"href":"https:\/\/neantvert.eu\/minorin\/index.php?rest_route=%2Fwp%2Fv2%2Ftags&post=3758"}],"curies":[{"name":"wp","href":"https:\/\/api.w.org\/{rel}","templated":true}]}}