{"id":8695,"date":"2014-08-07T12:56:56","date_gmt":"2014-08-07T10:56:56","guid":{"rendered":"http:\/\/neantvert.eu\/minorin\/?p=8695"},"modified":"2014-08-07T12:56:56","modified_gmt":"2014-08-07T10:56:56","slug":"natsu-no-sora-01-apprentie-magicienne-et-neige-en-ete","status":"publish","type":"post","link":"https:\/\/neantvert.eu\/minorin\/?p=8695","title":{"rendered":"Natsu no Sora 01 &#8211; Apprentie magicienne et neige en \u00e9t\u00e9"},"content":{"rendered":"<div id=\"attachment_9213\" style=\"width: 510px\" class=\"wp-caption aligncenter\"><a href=\"http:\/\/neantvert.eu\/minorin\/wp-content\/uploads\/2014\/08\/natsu_no_sora0113.jpg\"><img loading=\"lazy\" decoding=\"async\" aria-describedby=\"caption-attachment-9213\" class=\"wp-image-9213 size-full\" src=\"http:\/\/neantvert.eu\/minorin\/wp-content\/uploads\/2014\/08\/natsu_no_sora0113.jpg\" alt=\"natsu_no_sora0113\" width=\"500\" height=\"615\" \/><\/a><p id=\"caption-attachment-9213\" class=\"wp-caption-text\">Afin de conserver une certaine coh\u00e9rence avec le cadre rural de cet \u00e9pisode, ce billet a \u00e9t\u00e9 enti\u00e8rement r\u00e9dig\u00e9 depuis un petit village de la Mayenne.<\/p><\/div>\n<p><span style=\"color: #ffffff;\">&#8211;<\/span><\/p>\n[avatar user=\u00a0\u00bbNock\u00a0\u00bb size=\u00a0\u00bboriginal\u00a0\u00bb align=\u00a0\u00bbleft\u00a0\u00bb link=\u00a0\u00bbhttp:\/\/neantvert.eu\/minorin\/?author=3&Prime; \/]Je ne sais pas si j&rsquo;en ai un jour parl\u00e9 par ici (je dis tellement de conneries que j&rsquo;oublie un peu ce que je raconte) mais il y a un genre que j&rsquo;aime beaucoup lorsqu&rsquo;il est bien utilis\u00e9, c&rsquo;est le m\u00e9lange entre tranches de vie toutes simples et fantastique.<\/p>\n<p>Un tr\u00e8s bon exemple en est <em>Windy Tales<\/em> (<em>Fuujin Monogatari<\/em> en VO). Dans un genre un peu diff\u00e9rent, on trouve la sympathique s\u00e9rie <em>Someday&rsquo;s Dreamers<\/em> (<em>Mahou Tsukai ni Taisetsu na Koto<\/em> en VO) et son <em>spin-off<\/em> <em>Mahou Tsukai ni Taisetsu na Koto \u2013 Natsu no Sora<\/em> (que l&rsquo;on nommera d\u00e9sormais <em>Natsu no Sora<\/em>, par facilit\u00e9).<\/p>\n<p><strong><em>Mahou Tsukai ni Taisetsu na Koto &#8211; Natsu no Sora<\/em><\/strong> \/\/ Studio Hal Film Maker \/\/ S\u00e9rie de l&rsquo;\u00e9t\u00e9 2008, finie en 12 \u00e9pisodes \/\/ R\u00e9alisateur : Osamu Kobayashi (<em>Beck<\/em>, <em>Paradise Kiss<\/em>) \/\/ D&rsquo;apr\u00e8s un manga de Norie Yamada.<!--more--><\/p>\n<p><span style=\"color: #999999;\"><em>A noter qu&rsquo;il s&rsquo;agit bien d&rsquo;un spin-off de Someday&rsquo;s Dreamer et qu&rsquo;il n&rsquo;est pas n\u00e9cessaire d&rsquo;avoir vu la-dite s\u00e9rie pour regarder et appr\u00e9cier Natsu no Sora.<\/em><\/span><\/p>\n<p><span style=\"color: #ffffff;\"><em>&#8211;<\/em><\/span><\/p>\n<p><em>Natsu no Sora<\/em> fait un peu figure d&rsquo;OVNI parmi les s\u00e9ries que j&rsquo;ai eu l&rsquo;occasion de voir. Sortie \u00e0 l&rsquo;\u00e9t\u00e9 2008, en m\u00eame temps que la premi\u00e8re saison de <em>Natsume Yuujinchou<\/em> ou la 2e de <em>Hidamari Sketch<\/em> (sans oublier des grands anime comme <em>Sekirei<\/em>, <em>Strike Witches<\/em> ou <em>Zero no Tsukaima 2<\/em>), la s\u00e9rie n&rsquo;a jamais beaucoup fait parler d&rsquo;elle.<\/p>\n<p>L&rsquo;univers de <em>Someday&rsquo;s Dreamers<\/em> (et de <em>Natsu no Sora<\/em>, du coup) est le n\u00f4tre. Enfin presque.<br \/>\nComme dans des bouquins de fantasy pour ados, il s&rsquo;agit d&rsquo;un univers fortement similaire \u00e0 ce que l&rsquo;on conna\u00eet, \u00e0 ceci pr\u00eat que la magie y est pr\u00e9sente.<br \/>\nL&rsquo;originalit\u00e9 de ces s\u00e9ries est le traitement r\u00e9serv\u00e9 \u00e0 la magie et ceux qui la pratique\u00a0: point de secret ici. La magie est un outil de travail, les magiciens des employ\u00e9s comme les autres, et l&rsquo;usage de pouvoirs est r\u00e9glement\u00e9.<\/p>\n<p>Les deux s\u00e9ries mettent en sc\u00e8ne des jeunes magiciennes qui montent \u00e0 Tokyo un \u00e9t\u00e9 afin d&rsquo;y subir une formation, pour \u00eatre jug\u00e9es aptes \u00e0 pratiquer la magie. Ces deux personnages vont d\u00e9couvrir la vie et, parfois, transgresser les interdits, car les magiciens sont noy\u00e9s sous les r\u00e9glementations absurdes.<\/p>\n<p>Mais l\u00e0, j&rsquo;extrapole un peu, parce que l&rsquo;arriv\u00e9e de Sora (l&rsquo;h\u00e9ro\u00efne de <em>Natsu no Sora<\/em>) \u00e0 Tokyo, ce n&rsquo;est que dans l&rsquo;\u00e9pisode 2.<br \/>\nEn effet, pour mieux comprendre le d\u00e9paysement que le personnage va vivre par la suite, autant commencer par introduire son cadre de vie habituel.<\/p>\n<div id=\"attachment_9200\" style=\"width: 510px\" class=\"wp-caption aligncenter\"><a href=\"http:\/\/neantvert.eu\/minorin\/wp-content\/uploads\/2014\/08\/natsu_no_sora0101.jpg\"><img loading=\"lazy\" decoding=\"async\" aria-describedby=\"caption-attachment-9200\" class=\"wp-image-9200 size-medium\" src=\"http:\/\/neantvert.eu\/minorin\/wp-content\/uploads\/2014\/08\/natsu_no_sora0101-500x281.jpg\" alt=\"natsu_no_sora0101\" width=\"500\" height=\"281\" srcset=\"https:\/\/neantvert.eu\/minorin\/wp-content\/uploads\/2014\/08\/natsu_no_sora0101-500x281.jpg 500w, https:\/\/neantvert.eu\/minorin\/wp-content\/uploads\/2014\/08\/natsu_no_sora0101.jpg 640w\" sizes=\"(max-width: 500px) 100vw, 500px\" \/><\/a><p id=\"caption-attachment-9200\" class=\"wp-caption-text\">Le premier \u00e9pisode se d\u00e9roule donc \u00e0 Biei (Hokkaido).<\/p><\/div>\n<p>Eh oui. Sora est une jeune fille qui vit avec sa m\u00e8re et son chien en pleine campagne japonaise.<\/p>\n<p><a href=\"http:\/\/neantvert.eu\/minorin\/wp-content\/uploads\/2014\/08\/natsu_no_sora0108.jpg\"><img loading=\"lazy\" decoding=\"async\" class=\"aligncenter wp-image-9207 size-medium\" src=\"http:\/\/neantvert.eu\/minorin\/wp-content\/uploads\/2014\/08\/natsu_no_sora0108-500x281.jpg\" alt=\"natsu_no_sora0108\" width=\"500\" height=\"281\" srcset=\"https:\/\/neantvert.eu\/minorin\/wp-content\/uploads\/2014\/08\/natsu_no_sora0108-500x281.jpg 500w, https:\/\/neantvert.eu\/minorin\/wp-content\/uploads\/2014\/08\/natsu_no_sora0108.jpg 640w\" sizes=\"(max-width: 500px) 100vw, 500px\" \/><\/a><\/p>\n<p><a href=\"http:\/\/neantvert.eu\/minorin\/wp-content\/uploads\/2014\/08\/natsu_no_sora0107.jpg\"><img loading=\"lazy\" decoding=\"async\" class=\"aligncenter wp-image-9206 size-medium\" src=\"http:\/\/neantvert.eu\/minorin\/wp-content\/uploads\/2014\/08\/natsu_no_sora0107-500x281.jpg\" alt=\"natsu_no_sora0107\" width=\"500\" height=\"281\" srcset=\"https:\/\/neantvert.eu\/minorin\/wp-content\/uploads\/2014\/08\/natsu_no_sora0107-500x281.jpg 500w, https:\/\/neantvert.eu\/minorin\/wp-content\/uploads\/2014\/08\/natsu_no_sora0107.jpg 640w\" sizes=\"(max-width: 500px) 100vw, 500px\" \/><\/a><\/p>\n<p>Son p\u00e8re \u00ab\u00a0vit\u00a0\u00bb l\u00e0 aussi, mais c&rsquo;est un peu particulier.<\/p>\n<div id=\"attachment_9204\" style=\"width: 510px\" class=\"wp-caption aligncenter\"><a href=\"http:\/\/neantvert.eu\/minorin\/wp-content\/uploads\/2014\/08\/natsu_no_sora0105.jpg\"><img loading=\"lazy\" decoding=\"async\" aria-describedby=\"caption-attachment-9204\" class=\"wp-image-9204 size-medium\" src=\"http:\/\/neantvert.eu\/minorin\/wp-content\/uploads\/2014\/08\/natsu_no_sora0105-500x281.jpg\" alt=\"natsu_no_sora0105\" width=\"500\" height=\"281\" srcset=\"https:\/\/neantvert.eu\/minorin\/wp-content\/uploads\/2014\/08\/natsu_no_sora0105-500x281.jpg 500w, https:\/\/neantvert.eu\/minorin\/wp-content\/uploads\/2014\/08\/natsu_no_sora0105.jpg 640w\" sizes=\"(max-width: 500px) 100vw, 500px\" \/><\/a><p id=\"caption-attachment-9204\" class=\"wp-caption-text\">Non, son p\u00e8re n&rsquo;est pas vraiment cet arbre, mais je pense que vous \u00eates suffisamment malin pour comprendre le sens de tout cela.<\/p><\/div>\n<p>Mais voil\u00e0, c&rsquo;est officiel, Sora va partir \u00e9tudier la magie \u00e0 Tokyo et dans ce premier \u00e9pisode, elle fait le tour de ses connaissances pour leur annoncer son d\u00e9part prochain.<\/p>\n<div id=\"attachment_9201\" style=\"width: 510px\" class=\"wp-caption aligncenter\"><a href=\"http:\/\/neantvert.eu\/minorin\/wp-content\/uploads\/2014\/08\/natsu_no_sora0102.jpg\"><img loading=\"lazy\" decoding=\"async\" aria-describedby=\"caption-attachment-9201\" class=\"wp-image-9201 size-medium\" src=\"http:\/\/neantvert.eu\/minorin\/wp-content\/uploads\/2014\/08\/natsu_no_sora0102-500x281.jpg\" alt=\"natsu_no_sora0102\" width=\"500\" height=\"281\" srcset=\"https:\/\/neantvert.eu\/minorin\/wp-content\/uploads\/2014\/08\/natsu_no_sora0102-500x281.jpg 500w, https:\/\/neantvert.eu\/minorin\/wp-content\/uploads\/2014\/08\/natsu_no_sora0102.jpg 640w\" sizes=\"(max-width: 500px) 100vw, 500px\" \/><\/a><p id=\"caption-attachment-9201\" class=\"wp-caption-text\">Tout commence avec un coup de fil d&rsquo;un futur personnage important.<\/p><\/div>\n<div id=\"attachment_9205\" style=\"width: 510px\" class=\"wp-caption aligncenter\"><a href=\"http:\/\/neantvert.eu\/minorin\/wp-content\/uploads\/2014\/08\/natsu_no_sora0106.jpg\"><img loading=\"lazy\" decoding=\"async\" aria-describedby=\"caption-attachment-9205\" class=\"wp-image-9205 size-medium\" src=\"http:\/\/neantvert.eu\/minorin\/wp-content\/uploads\/2014\/08\/natsu_no_sora0106-500x281.jpg\" alt=\"natsu_no_sora0106\" width=\"500\" height=\"281\" srcset=\"https:\/\/neantvert.eu\/minorin\/wp-content\/uploads\/2014\/08\/natsu_no_sora0106-500x281.jpg 500w, https:\/\/neantvert.eu\/minorin\/wp-content\/uploads\/2014\/08\/natsu_no_sora0106.jpg 640w\" sizes=\"(max-width: 500px) 100vw, 500px\" \/><\/a><p id=\"caption-attachment-9205\" class=\"wp-caption-text\">Michiku, l&rsquo;amie de Sora. Une jeune fille bien sympathique que l&rsquo;on ne reverra plus par la suite.<\/p><\/div>\n<p>Sa meilleure amie \u00e9tant attrist\u00e9e d&rsquo;apprendre la nouvelle, Sora d\u00e9cide de la consoler en usant de son pouvoir pour lui rendre service.<\/p>\n<p>Comment ?<br \/>\nEn l&rsquo;aidant \u00e0 d\u00e9clarer son amour \u00e0 un gar\u00e7on qui va bient\u00f4t d\u00e9m\u00e9nager (avant qu&rsquo;il ne soit trop tard, donc).<\/p>\n<div id=\"attachment_9208\" style=\"width: 510px\" class=\"wp-caption aligncenter\"><a href=\"http:\/\/neantvert.eu\/minorin\/wp-content\/uploads\/2014\/08\/natsu_no_sora0108-2.jpg\"><img loading=\"lazy\" decoding=\"async\" aria-describedby=\"caption-attachment-9208\" class=\"wp-image-9208 size-medium\" src=\"http:\/\/neantvert.eu\/minorin\/wp-content\/uploads\/2014\/08\/natsu_no_sora0108-2-500x281.jpg\" alt=\"natsu_no_sora0108-2\" width=\"500\" height=\"281\" srcset=\"https:\/\/neantvert.eu\/minorin\/wp-content\/uploads\/2014\/08\/natsu_no_sora0108-2-500x281.jpg 500w, https:\/\/neantvert.eu\/minorin\/wp-content\/uploads\/2014\/08\/natsu_no_sora0108-2.jpg 640w\" sizes=\"(max-width: 500px) 100vw, 500px\" \/><\/a><p id=\"caption-attachment-9208\" class=\"wp-caption-text\">Pour aider son amie&#8230;<\/p><\/div>\n<div id=\"attachment_9209\" style=\"width: 510px\" class=\"wp-caption aligncenter\"><a href=\"http:\/\/neantvert.eu\/minorin\/wp-content\/uploads\/2014\/08\/natsu_no_sora0109.jpg\"><img loading=\"lazy\" decoding=\"async\" aria-describedby=\"caption-attachment-9209\" class=\"wp-image-9209 size-medium\" src=\"http:\/\/neantvert.eu\/minorin\/wp-content\/uploads\/2014\/08\/natsu_no_sora0109-500x281.jpg\" alt=\"natsu_no_sora0109\" width=\"500\" height=\"281\" srcset=\"https:\/\/neantvert.eu\/minorin\/wp-content\/uploads\/2014\/08\/natsu_no_sora0109-500x281.jpg 500w, https:\/\/neantvert.eu\/minorin\/wp-content\/uploads\/2014\/08\/natsu_no_sora0109.jpg 640w\" sizes=\"(max-width: 500px) 100vw, 500px\" \/><\/a><p id=\"caption-attachment-9209\" class=\"wp-caption-text\">&#8230; Sora va utiliser ses pouvoirs&#8230;<\/p><\/div>\n<div id=\"attachment_9210\" style=\"width: 510px\" class=\"wp-caption aligncenter\"><a href=\"http:\/\/neantvert.eu\/minorin\/wp-content\/uploads\/2014\/08\/natsu_no_sora0110.jpg\"><img loading=\"lazy\" decoding=\"async\" aria-describedby=\"caption-attachment-9210\" class=\"wp-image-9210 size-medium\" src=\"http:\/\/neantvert.eu\/minorin\/wp-content\/uploads\/2014\/08\/natsu_no_sora0110-500x281.jpg\" alt=\"natsu_no_sora0110\" width=\"500\" height=\"281\" srcset=\"https:\/\/neantvert.eu\/minorin\/wp-content\/uploads\/2014\/08\/natsu_no_sora0110-500x281.jpg 500w, https:\/\/neantvert.eu\/minorin\/wp-content\/uploads\/2014\/08\/natsu_no_sora0110.jpg 640w\" sizes=\"(max-width: 500px) 100vw, 500px\" \/><\/a><p id=\"caption-attachment-9210\" class=\"wp-caption-text\">&#8230; afin de cr\u00e9er une atmosph\u00e8re propice \u00e0 une d\u00e9claration.<\/p><\/div>\n<div id=\"attachment_9211\" style=\"width: 510px\" class=\"wp-caption aligncenter\"><a href=\"http:\/\/neantvert.eu\/minorin\/wp-content\/uploads\/2014\/08\/natsu_no_sora0111.jpg\"><img loading=\"lazy\" decoding=\"async\" aria-describedby=\"caption-attachment-9211\" class=\"wp-image-9211 size-medium\" src=\"http:\/\/neantvert.eu\/minorin\/wp-content\/uploads\/2014\/08\/natsu_no_sora0111-500x281.jpg\" alt=\"natsu_no_sora0111\" width=\"500\" height=\"281\" srcset=\"https:\/\/neantvert.eu\/minorin\/wp-content\/uploads\/2014\/08\/natsu_no_sora0111-500x281.jpg 500w, https:\/\/neantvert.eu\/minorin\/wp-content\/uploads\/2014\/08\/natsu_no_sora0111.jpg 640w\" sizes=\"(max-width: 500px) 100vw, 500px\" \/><\/a><p id=\"caption-attachment-9211\" class=\"wp-caption-text\">Pourquoi la neige me direz-vous ?<br \/> Toyama (le gar\u00e7on) arriv\u00e9 peu de temps avant, aurait souhait\u00e9 voir l&rsquo;hiver \u00e0 Hokkaido avant de partir.<\/p><\/div>\n<p>Une fois ce \u00ab\u00a0petit\u00a0\u00bb tour de magie r\u00e9alis\u00e9, Sora rentre chez elle. Et le lendemain, elle part pour Tokyo.<\/p>\n<p><a href=\"http:\/\/neantvert.eu\/minorin\/wp-content\/uploads\/2014\/08\/natsu_no_sora0112.jpg\"><img loading=\"lazy\" decoding=\"async\" class=\"aligncenter wp-image-9212 size-medium\" src=\"http:\/\/neantvert.eu\/minorin\/wp-content\/uploads\/2014\/08\/natsu_no_sora0112-500x281.jpg\" alt=\"natsu_no_sora0112\" width=\"500\" height=\"281\" srcset=\"https:\/\/neantvert.eu\/minorin\/wp-content\/uploads\/2014\/08\/natsu_no_sora0112-500x281.jpg 500w, https:\/\/neantvert.eu\/minorin\/wp-content\/uploads\/2014\/08\/natsu_no_sora0112.jpg 640w\" sizes=\"(max-width: 500px) 100vw, 500px\" \/><\/a><\/p>\n<p>Oui, c&rsquo;est le contenu de l&rsquo;\u00e9pisode. Et oui \u00e7a para\u00eet maigre dit comme \u00e7a.<\/p>\n<p><em>Natsu no Sora<\/em> fait en effet partie des s\u00e9ries paisibles, qui ne cherchent pas \u00e0 trop en dire, qui prennent le temps de se poser.<\/p>\n<p>C&rsquo;est une s\u00e9rie de tranches de vie, mais pas une com\u00e9die.<br \/>\nLe but ici, ce n&rsquo;est pas d&rsquo;amuser, mais de proposer une histoire touchante et toute en finesse. La magie est pr\u00e9sente et pourtant c&rsquo;est une \u0153uvre tr\u00e8s \u00ab\u00a0r\u00e9aliste\u00a0\u00bb. La dimension fantastique n&rsquo;est finalement l\u00e0 que pour sublimer le r\u00e9el.<br \/>\nLa phrase est r\u00e9p\u00e9t\u00e9e \u00e0 plusieurs reprises dans la s\u00e9rie\u00a0: la magie ne permet pas de faire des miracles. Elle ne doit donc pas se substituer au reste, ce n&rsquo;est pas le propos.<\/p>\n<p><em>Natsu no Sora<\/em> est une s\u00e9rie tr\u00e8s po\u00e9tique, assez contemplative o\u00f9 le rythme (tr\u00e8s) lent est au service de l&rsquo;atmosph\u00e8re agr\u00e9able du titre, m\u00eame si anime \u00ab\u00a0r\u00e9aliste\u00a0\u00bb oblige, les personnages vont parfois traverser des \u00e9preuves assez d\u00e9sagr\u00e9ables.<br \/>\nSous l&rsquo;aspect assez \u00ab\u00a0vide\u00a0\u00bb de ce premier \u00e9pisode se cache en fait une \u0153uvre d&rsquo;une grande richesse et pleine d&rsquo;\u00e9motions, mais qui sait rester simple et ne jamais trop en faire (par exemple, en ne faisant pas l\u2019erreur de tomber dans le registre path\u00e9tique quand elle en aurait la possibilit\u00e9).<\/p>\n<p>Voil\u00e0 pour le contenu, mais peut-on vraiment parler de cette s\u00e9rie sans aborder la question de sa forme\u00a0?<\/p>\n<p>En effet, l&rsquo;une des particularit\u00e9 de Natsu no Sora est son style graphique. Le choix de cet univers visuel particulier qui laisse s\u00fbrement les spectateurs partag\u00e9s peut para\u00eetre surprenant \u00e0 premi\u00e8re vue, mais semble finalement assez judicieux quand on prend la peine de le rapprocher du contenu de la s\u00e9rie.<\/p>\n<div id=\"attachment_9203\" style=\"width: 510px\" class=\"wp-caption aligncenter\"><a href=\"http:\/\/neantvert.eu\/minorin\/wp-content\/uploads\/2014\/08\/natsu_no_sora0104.jpg\"><img loading=\"lazy\" decoding=\"async\" aria-describedby=\"caption-attachment-9203\" class=\"wp-image-9203 size-medium\" src=\"http:\/\/neantvert.eu\/minorin\/wp-content\/uploads\/2014\/08\/natsu_no_sora0104-500x281.jpg\" alt=\"natsu_no_sora0104\" width=\"500\" height=\"281\" srcset=\"https:\/\/neantvert.eu\/minorin\/wp-content\/uploads\/2014\/08\/natsu_no_sora0104-500x281.jpg 500w, https:\/\/neantvert.eu\/minorin\/wp-content\/uploads\/2014\/08\/natsu_no_sora0104.jpg 640w\" sizes=\"(max-width: 500px) 100vw, 500px\" \/><\/a><p id=\"caption-attachment-9203\" class=\"wp-caption-text\">Capture assez random qui illustre cependant assez bien le propos.<\/p><\/div>\n<p>J&rsquo;ai parl\u00e9 plut t\u00f4t de r\u00e9alisme, de simplicit\u00e9, d&rsquo;\u00e9motions&#8230; des \u00e9l\u00e9ments que l&rsquo;on va retrouver dans les visuels.<\/p>\n<p>R\u00e9alisme, tout d&rsquo;abord, pour le traitement des d\u00e9cors\u00a0: le choix qui a \u00e9t\u00e9 fait est l&rsquo;utilisation d&rsquo;images en prise de vue r\u00e9elle. Paysages, villes, habitations, v\u00e9g\u00e9tation, v\u00e9hicules (\u00e0 l&rsquo;arr\u00eat surtout)\u00a0: tout cela, c&rsquo;est de la photographie. Les images anim\u00e9es (majoritairement les personnages) viendront se greffer par dessus, \u00e9voluant ainsi dans un monde ultra-r\u00e9aliste qui, pour le coup, est vraiment le n\u00f4tre (en apparence en tout cas).<\/p>\n<div id=\"attachment_9202\" style=\"width: 510px\" class=\"wp-caption aligncenter\"><a href=\"http:\/\/neantvert.eu\/minorin\/wp-content\/uploads\/2014\/08\/natsu_no_sora0103.jpg\"><img loading=\"lazy\" decoding=\"async\" aria-describedby=\"caption-attachment-9202\" class=\"wp-image-9202 size-medium\" src=\"http:\/\/neantvert.eu\/minorin\/wp-content\/uploads\/2014\/08\/natsu_no_sora0103-500x281.jpg\" alt=\"natsu_no_sora0103\" width=\"500\" height=\"281\" srcset=\"https:\/\/neantvert.eu\/minorin\/wp-content\/uploads\/2014\/08\/natsu_no_sora0103-500x281.jpg 500w, https:\/\/neantvert.eu\/minorin\/wp-content\/uploads\/2014\/08\/natsu_no_sora0103.jpg 640w\" sizes=\"(max-width: 500px) 100vw, 500px\" \/><\/a><p id=\"caption-attachment-9202\" class=\"wp-caption-text\">Exemple de personnage dessin\u00e9 \u00e9voluant dans un d\u00e9cor photographique.<\/p><\/div>\n<p>On appr\u00e9cie ou non, mais le studio use l\u00e0 d&rsquo;une technique plut\u00f4t originale qui se r\u00e9v\u00e8le tr\u00e8s efficace car en bonne ad\u00e9quation avec le message de la s\u00e9rie. Sans oublier la beaut\u00e9 de certains clich\u00e9s (surtout ceux de la campagne japonaise). Dommage qu&rsquo;\u00e0 c\u00f4t\u00e9, le niveau de l&rsquo;animation soit globalement assez faible.<\/p>\n<p>La simplicit\u00e9, on la retrouve dans les \u00e9l\u00e9ments anim\u00e9s et en particulier les personnages. On ne peut pas dire que l&rsquo;\u00e9quipe ait d\u00e9ploy\u00e9 des efforts de chara-design surhumains\u00a0: le trait est simple, les visages ronds. Aucun personnage ne poss\u00e8de un design abus\u00e9 et l&rsquo;h\u00e9ro\u00efne est un mod\u00e8le de sobri\u00e9t\u00e9\u00a0: de longs cheveux noirs, une garde-robe constitu\u00e9e de robes blanches d&rsquo;\u00e9t\u00e9, pas de signes distinctifs.<br \/>\nCependant, si quelque chose me d\u00e9range dans le style graphique de la s\u00e9rie, c&rsquo;est ce point\u00a0: je trouve certains personnages assez rat\u00e9s.<\/p>\n<div id=\"attachment_9220\" style=\"width: 510px\" class=\"wp-caption aligncenter\"><a href=\"http:\/\/neantvert.eu\/minorin\/wp-content\/uploads\/2014\/08\/natsu_no_sora0115.jpg\"><img loading=\"lazy\" decoding=\"async\" aria-describedby=\"caption-attachment-9220\" class=\"wp-image-9220 size-medium\" src=\"http:\/\/neantvert.eu\/minorin\/wp-content\/uploads\/2014\/08\/natsu_no_sora0115-500x281.jpg\" alt=\"natsu_no_sora0115\" width=\"500\" height=\"281\" srcset=\"https:\/\/neantvert.eu\/minorin\/wp-content\/uploads\/2014\/08\/natsu_no_sora0115-500x281.jpg 500w, https:\/\/neantvert.eu\/minorin\/wp-content\/uploads\/2014\/08\/natsu_no_sora0115.jpg 640w\" sizes=\"(max-width: 500px) 100vw, 500px\" \/><\/a><p id=\"caption-attachment-9220\" class=\"wp-caption-text\">L\u00e0, \u00e7a va, mais le chara-design de <i>Natsu no Sora<\/i>, est, \u00e0 mon avis, un des \u00e9l\u00e9ments les plus susceptibles de rebuter le spectateur.<\/p><\/div>\n<p>Toutefois, et c&rsquo;est l\u00e0 que je reviens sur les \u00e9motions pr\u00e9sentes dans la s\u00e9rie, les personnages, m\u00eame s&rsquo;ils peuvent para\u00eetre un peu grossier, sont extr\u00eamement expressifs. Le travail sur l&rsquo;animation des visages est bon.<\/p>\n<p><a href=\"http:\/\/neantvert.eu\/minorin\/wp-content\/uploads\/2014\/08\/natsu_no_sora0116.jpg\"><img loading=\"lazy\" decoding=\"async\" class=\"aligncenter wp-image-9221 size-medium\" title=\"Une image anim\u00e9e aurait-\u00e9t\u00e9 plus \u00e0 propos ici, certes.\" src=\"http:\/\/neantvert.eu\/minorin\/wp-content\/uploads\/2014\/08\/natsu_no_sora0116-500x281.jpg\" alt=\"natsu_no_sora0116\" width=\"500\" height=\"281\" srcset=\"https:\/\/neantvert.eu\/minorin\/wp-content\/uploads\/2014\/08\/natsu_no_sora0116-500x281.jpg 500w, https:\/\/neantvert.eu\/minorin\/wp-content\/uploads\/2014\/08\/natsu_no_sora0116.jpg 640w\" sizes=\"(max-width: 500px) 100vw, 500px\" \/><\/a><\/p>\n<p>Et puis outre le ton et le style de la s\u00e9rie, il faut aussi dire quelques mots sur les personnages, qui sont dans l&rsquo;ensemble, plut\u00f4t attachants, avec leurs qualit\u00e9s et leurs d\u00e9fauts (car oui, \u00e7a serait plus difficile de faire une \u0153uvre r\u00e9aliste avec des personnages sans mauvais c\u00f4t\u00e9s).<\/p>\n<p>Sora est, entre autres, un personnage que j&rsquo;appr\u00e9cie beaucoup. C&rsquo;est une fille adorable, un peu na\u00efve (enfin c&rsquo;est l&rsquo;impression qu&rsquo;elle donne) et tr\u00e8s curieuse qui, sous des dehors de fille gentille comme tout (elle est doubl\u00e9e par Kana Hanazawa en m\u00eame temps) ne manque pas de caract\u00e8re. Chose dont on se rend de plus en plus compte alors que la s\u00e9rie avance.<\/p>\n<p>Je parlerai volontiers des autres personnages, mais comme ils n&rsquo;apparaissent pas dans cet \u00e9pisode, le fait que je digresse depuis le d\u00e9but et que cet article couvre bien plus que les 25 premi\u00e8res minutes de la s\u00e9rie ne serait m\u00eame plus d\u00e9guis\u00e9.<\/p>\n<p>N\u00e9anmoins, je me dois de dire que s&rsquo;il y a une chose que la s\u00e9rie g\u00e8re tr\u00e8s bien, ce sont les relations entre les personnages, qui sont bien (voire tr\u00e8s bien) \u00e9crites. Par ailleurs, les personnages secondaires ne sont pas laiss\u00e9 de c\u00f4t\u00e9. Leur traitement est int\u00e9ressant et ils sont aussi plaisants \u00e0 suivre que l&rsquo;h\u00e9ro\u00efne.<\/p>\n<div id=\"attachment_9222\" style=\"width: 510px\" class=\"wp-caption aligncenter\"><a href=\"http:\/\/neantvert.eu\/minorin\/wp-content\/uploads\/2014\/08\/natsu_no_sora0114.jpg\"><img loading=\"lazy\" decoding=\"async\" aria-describedby=\"caption-attachment-9222\" class=\"wp-image-9222 size-full\" src=\"http:\/\/neantvert.eu\/minorin\/wp-content\/uploads\/2014\/08\/natsu_no_sora0114.jpg\" alt=\"natsu_no_sora0114\" width=\"500\" height=\"703\" \/><\/a><p id=\"caption-attachment-9222\" class=\"wp-caption-text\">Sora par Kumichi Yoshizuki, l&rsquo;illustrateur des <i>Mahou Tsukai ni Taisetsu na Koto<\/i>.<\/p><\/div>\n<p>La musique de la s\u00e9rie est \u00e9galement tr\u00e8s sympathique. Elle se d\u00e9compose en deux partie\u00a0: l&rsquo;OST et ses m\u00e9lodies aux consonances tr\u00e8s celtiques, compos\u00e9es par Takefumi Haketa (qui a \u0153uvr\u00e9 sur les bandes-sons de <em>Muujin Wakusei Survive<\/em> ou <em>Aoi Hana<\/em>) et une dizaine d&rsquo;<em>insert songs<\/em>. En fait, un des personnages de la s\u00e9rie est une \u00ab\u00a0guitariste errante\u00a0\u00bb qui se produit dans la rue, au hasard des rencontres. Cette jeune femme myst\u00e9rieuse, mais souvent de bon conseil, est doubl\u00e9e (voix et chansons) par la chanteuse Micc, \u00e0 qui l&rsquo;on doit \u00e9galement le tr\u00e8s bel ending de la s\u00e9rie (cette chanteuse n&rsquo;a jamais particip\u00e9 \u00e0 d&rsquo;autres anime, \u00e0 mon grand dam).<\/p>\n<p>Car effectivement, m\u00eame si l&rsquo;<em>opening<\/em> est s\u00fbrement un des \u00e9l\u00e9ments de la s\u00e9rie qui me plaisent le moins (images banales, typiques des <em>opening<\/em> de ce genre d&rsquo;anime\u00a0; chanson que je n&rsquo;appr\u00e9cie pas plus que \u00e7a et qui ne se m\u00eale finalement pas tr\u00e8s bien au reste de la bande-son), l&rsquo;<em>ending<\/em> est vraiment un de mes coups de c\u0153ur en la mati\u00e8re. Et c&rsquo;est purement hypocrite, parce que je pourrais totalement sortir ma sempiternelle ritournelle sur la banalit\u00e9 des images, mais derri\u00e8re, la chanson est belle, \u00e9mouvante, pos\u00e9e. L\u00e0 o\u00f9 l&rsquo;<em>opening<\/em> me g\u00e8ne un peu parce que je trouve qu&rsquo;il ne colle pas particuli\u00e8rement \u00e0 l&rsquo;ambiance, l&rsquo;<em>ending<\/em> est, lui, totalement \u00e0 propos.<\/p>\n<p><a href=\"http:\/\/neantvert.eu\/minorin\/wp-content\/uploads\/2014\/08\/natsu_no_sora0117.jpg\"><img loading=\"lazy\" decoding=\"async\" class=\"aligncenter size-medium wp-image-9232\" src=\"http:\/\/neantvert.eu\/minorin\/wp-content\/uploads\/2014\/08\/natsu_no_sora0117-500x281.jpg\" alt=\"natsu_no_sora0117\" width=\"500\" height=\"281\" srcset=\"https:\/\/neantvert.eu\/minorin\/wp-content\/uploads\/2014\/08\/natsu_no_sora0117-500x281.jpg 500w, https:\/\/neantvert.eu\/minorin\/wp-content\/uploads\/2014\/08\/natsu_no_sora0117.jpg 640w\" sizes=\"(max-width: 500px) 100vw, 500px\" \/><\/a><\/p>\n<p>Me voil\u00e0 au bout de ce billet. Mon argumentaire est totalement bancal, mais ce qu&rsquo;il faut en retenir, c&rsquo;est tout de m\u00eame que si vous voulez voir une belle s\u00e9rie, agr\u00e9able, avec des personnages attachants, un ton juste et un peu d&rsquo;originalit\u00e9 aussi bien sur le fond que la forme, je vous conseille fortement <em>Natsu no Sora<\/em>.<\/p>\n<p>&nbsp;<\/p>\n<p>&nbsp;<\/p>\n","protected":false},"excerpt":{"rendered":"<p>&#8211; [avatar user=\u00a0\u00bbNock\u00a0\u00bb size=\u00a0\u00bboriginal\u00a0\u00bb align=\u00a0\u00bbleft\u00a0\u00bb link=\u00a0\u00bbhttp:\/\/neantvert.eu\/minorin\/?author=3&Prime; \/]Je ne sais pas si j&rsquo;en ai un jour parl\u00e9 par ici (je dis tellement de conneries que j&rsquo;oublie un peu ce que je raconte) mais il y a un genre que j&rsquo;aime beaucoup lorsqu&rsquo;il est bien utilis\u00e9, c&rsquo;est le m\u00e9lange entre tranches de vie toutes simples et fantastique. [&hellip;]<\/p>\n","protected":false},"author":3,"featured_media":0,"comment_status":"open","ping_status":"closed","sticky":false,"template":"","format":"standard","meta":{"ngg_post_thumbnail":0,"jetpack_post_was_ever_published":false,"_jetpack_newsletter_access":"","_jetpack_dont_email_post_to_subs":false,"_jetpack_newsletter_tier_id":0,"_jetpack_memberships_contains_paywalled_content":false,"_jetpack_memberships_contains_paid_content":false,"footnotes":"","jetpack_publicize_message":"","jetpack_publicize_feature_enabled":true,"jetpack_social_post_already_shared":true,"jetpack_social_options":{"image_generator_settings":{"template":"highway","enabled":false},"version":2}},"categories":[2],"tags":[617,12,615,614,616,288,613],"class_list":["post-8695","post","type-post","status-publish","format-standard","hentry","category-recents","tag-hal-film-maker","tag-kana-hanazawa","tag-magie","tag-natsu-no-sora","tag-serie-posee","tag-slice-of-life","tag-somedays-dreamer"],"jetpack_publicize_connections":[],"jetpack_featured_media_url":"","jetpack_sharing_enabled":true,"jetpack_shortlink":"https:\/\/wp.me\/p4IbxV-2gf","_links":{"self":[{"href":"https:\/\/neantvert.eu\/minorin\/index.php?rest_route=\/wp\/v2\/posts\/8695"}],"collection":[{"href":"https:\/\/neantvert.eu\/minorin\/index.php?rest_route=\/wp\/v2\/posts"}],"about":[{"href":"https:\/\/neantvert.eu\/minorin\/index.php?rest_route=\/wp\/v2\/types\/post"}],"author":[{"embeddable":true,"href":"https:\/\/neantvert.eu\/minorin\/index.php?rest_route=\/wp\/v2\/users\/3"}],"replies":[{"embeddable":true,"href":"https:\/\/neantvert.eu\/minorin\/index.php?rest_route=%2Fwp%2Fv2%2Fcomments&post=8695"}],"version-history":[{"count":22,"href":"https:\/\/neantvert.eu\/minorin\/index.php?rest_route=\/wp\/v2\/posts\/8695\/revisions"}],"predecessor-version":[{"id":9236,"href":"https:\/\/neantvert.eu\/minorin\/index.php?rest_route=\/wp\/v2\/posts\/8695\/revisions\/9236"}],"wp:attachment":[{"href":"https:\/\/neantvert.eu\/minorin\/index.php?rest_route=%2Fwp%2Fv2%2Fmedia&parent=8695"}],"wp:term":[{"taxonomy":"category","embeddable":true,"href":"https:\/\/neantvert.eu\/minorin\/index.php?rest_route=%2Fwp%2Fv2%2Fcategories&post=8695"},{"taxonomy":"post_tag","embeddable":true,"href":"https:\/\/neantvert.eu\/minorin\/index.php?rest_route=%2Fwp%2Fv2%2Ftags&post=8695"}],"curies":[{"name":"wp","href":"https:\/\/api.w.org\/{rel}","templated":true}]}}