{"id":8794,"date":"2014-07-19T22:44:21","date_gmt":"2014-07-19T20:44:21","guid":{"rendered":"http:\/\/neantvert.eu\/minorin\/?p=8794"},"modified":"2014-07-19T22:44:21","modified_gmt":"2014-07-19T20:44:21","slug":"sword-art-online-ii-03-naughty-nurses-3d-premium-edition","status":"publish","type":"post","link":"https:\/\/neantvert.eu\/minorin\/?p=8794","title":{"rendered":"Sword Art Online II 03 &#8211; Naughty Nurses 3D Premium Edition"},"content":{"rendered":"<div id=\"attachment_8795\" style=\"width: 510px\" class=\"wp-caption aligncenter\"><a href=\"http:\/\/neantvert.eu\/minorin\/wp-content\/uploads\/2014\/07\/SAOII03Intro.jpg\"><img loading=\"lazy\" decoding=\"async\" aria-describedby=\"caption-attachment-8795\" class=\"size-medium wp-image-8795\" src=\"http:\/\/neantvert.eu\/minorin\/wp-content\/uploads\/2014\/07\/SAOII03Intro-500x281.jpg\" alt=\"&quot;Je suis s\u00fbr que mon cosplay de Cyclope va faire de l'effet \u00e0 ma Asuna-chan !!&quot;\" width=\"500\" height=\"281\" srcset=\"https:\/\/neantvert.eu\/minorin\/wp-content\/uploads\/2014\/07\/SAOII03Intro-500x281.jpg 500w, https:\/\/neantvert.eu\/minorin\/wp-content\/uploads\/2014\/07\/SAOII03Intro-1024x576.jpg 1024w, https:\/\/neantvert.eu\/minorin\/wp-content\/uploads\/2014\/07\/SAOII03Intro.jpg 1280w\" sizes=\"(max-width: 500px) 100vw, 500px\" \/><\/a><p id=\"caption-attachment-8795\" class=\"wp-caption-text\">Pendant ce temps, on nous annonce Kirito pour le r\u00f4le de Cyclope dans le prochain X-Men<\/p><\/div>\n<p>&nbsp;<\/p>\n[avatar user=\u00a0\u00bbAmo\u00a0\u00bb size=\u00a0\u00bboriginal\u00a0\u00bb align=\u00a0\u00bbleft\u00a0\u00bb link=\u00a0\u00bbhttp:\/\/neantvert.eu\/minorin\/wp-content\/uploads\/2014\/07\/Avatar4.jpg\u00a0\u00bb target=\u00a0\u00bb_blank\u00a0\u00bb \/]\n<p>Il est 22h et on a beau \u00eatre en Ile de France, une putain de cigale squatte mon toit et fait un boucan INFERNAL. J&rsquo;ai mis l&rsquo;OST de Bravely Default \u00e0 fond pour couvrir son bruit d\u00e9moniaque. Bon. En attendant lan\u00e7ons dans une analyse foutrement profonde de l&rsquo;\u00e9pisode 3 de Sword Art Online II. Pourquoi l&rsquo;\u00e9pisode 3 ? Jsais pas, <a href=\"http:\/\/neantvert.eu\/minorin\/?p=2185\">mais j&rsquo;avais d\u00e9j\u00e0 fait l&rsquo;\u00e9pisode 3 de la premi\u00e8re saison<\/a> alors je me disais que par sym\u00e9trisme \u00e7a pourrait \u00eatre fun.<\/p>\n<p>Pour rappel j&rsquo;ai un sentiment simple vis \u00e0 vis de Sword Art Online: je kiffe \u00e0 mort, j&rsquo;ai d\u00e9pense 100\u20ac de coffrets collectors DVD\/Blu Ray, je me t\u00e2te \u00e0 avoir fi\u00e8rement une figurine Leafa sur ma biblioth\u00e8que et j&rsquo;ai d\u00e9j\u00e0 craqu\u00e9 pour une petite Lisbeth MAIS JE TROUVE QUE objectivement c&rsquo;est quand m\u00eame de la litt\u00e9rature \u00e9crit pour les ados par un ado. Un ado n\u00e9 en 1977. Ah craaap.<\/p>\n<p>Ce qui m&#8217;emp\u00eache pas d&rsquo;\u00eatre hype pour cette nouvelle saison. Let&rsquo;s gooo.<\/p>\n<p><strong>Sword Art Online II \/\/\u00a0<\/strong>Studio A1 Pictures \/\/ Diffusion d\u00e9but\u00e9e en juillet 2014\u00a0\/\/Pr\u00e9vu pour 24 \u00e9pisodes\u00a0\/\/ R\u00e9alisateur: Itou Tomohiko (Sekimatsu Occult Garden, Sword Art Online)<\/p>\n<p><!--more--><\/p>\n<p><a href=\"http:\/\/neantvert.eu\/minorin\/wp-content\/uploads\/2014\/07\/SAOII0309.jpg\"><img loading=\"lazy\" decoding=\"async\" class=\"aligncenter size-medium wp-image-8798\" src=\"http:\/\/neantvert.eu\/minorin\/wp-content\/uploads\/2014\/07\/SAOII0309-500x281.jpg\" alt=\"SAOII0309\" width=\"500\" height=\"281\" srcset=\"https:\/\/neantvert.eu\/minorin\/wp-content\/uploads\/2014\/07\/SAOII0309-500x281.jpg 500w, https:\/\/neantvert.eu\/minorin\/wp-content\/uploads\/2014\/07\/SAOII0309-1024x576.jpg 1024w, https:\/\/neantvert.eu\/minorin\/wp-content\/uploads\/2014\/07\/SAOII0309.jpg 1280w\" sizes=\"(max-width: 500px) 100vw, 500px\" \/><\/a><\/p>\n<p style=\"text-align: center;\"><strong>TRISTESSE: Je suis moyen convaincu par l&rsquo;OP<\/strong><\/p>\n<p style=\"text-align: left;\">Il fonctionne pas aussi bien que les deux de la premi\u00e8re saison, ce qui me rend triste. Il me donne pas sp\u00e9cialement envie de mater la s\u00e9rie et je trouve que musicalement c&rsquo;est pas super g\u00e9nial. En outre je commence \u00e0 me mettre \u00e0 la place des mecs de chez A1 Pictures:<\/p>\n<p style=\"text-align: left;\">\u00a0\u00bb Bon on doit faire l&rsquo;opening de notre nouvelle s\u00e9rie adapt\u00e9e d&rsquo;un light novel l\u00e0.<\/p>\n<p style=\"text-align: left;\">&#8211; Ok c&rsquo;est qui qui chante ?<\/p>\n<p style=\"text-align: left;\">&#8211; Lisa.<\/p>\n<p style=\"text-align: left;\">&#8211; OH NON PAS ENCORE PUTAIN.<\/p>\n<p style=\"text-align: left;\">&#8211; OUAIS BAH C&rsquo;EST PAS MOI QUI DECIDE. C&rsquo;EST EUX ILS VEULENT LISA.<\/p>\n<p style=\"text-align: left;\">&#8211; MAIS ON A DEJA FAIT UN OP AVEC LISA POUR MAHOUKA Y&rsquo;A DEUX MOIS, SERIEUX.<\/p>\n<p style=\"text-align: left;\">&#8211; OUAIS BAH C&rsquo;EST PAS MOI J&rsquo;AI DIT. ALORS TU LE FAIS OU TU TE PENDS.<\/p>\n<p style=\"text-align: left;\">&#8211; BON BAH JE ME PENDS.<\/p>\n<p style=\"text-align: left;\">&#8211; C&rsquo;ETAIT UNE BLAGUE PUTAIN. TU VAS PAS LE FAIRE TOI AUSSI\u00a0PUTAIN\u00a0\u00bb<\/p>\n<p><a href=\"http:\/\/neantvert.eu\/minorin\/wp-content\/uploads\/2014\/07\/SAOII0308.jpg\"><img loading=\"lazy\" decoding=\"async\" class=\"aligncenter size-medium wp-image-8799\" src=\"http:\/\/neantvert.eu\/minorin\/wp-content\/uploads\/2014\/07\/SAOII0308-500x281.jpg\" alt=\"SAOII0308\" width=\"500\" height=\"281\" srcset=\"https:\/\/neantvert.eu\/minorin\/wp-content\/uploads\/2014\/07\/SAOII0308-500x281.jpg 500w, https:\/\/neantvert.eu\/minorin\/wp-content\/uploads\/2014\/07\/SAOII0308-1024x576.jpg 1024w, https:\/\/neantvert.eu\/minorin\/wp-content\/uploads\/2014\/07\/SAOII0308.jpg 1280w\" sizes=\"(max-width: 500px) 100vw, 500px\" \/><\/a><\/p>\n<p style=\"text-align: center;\"><strong>HOLALA: DES MECHANTES RACAILLES DANS UNE\u00a0ALL\u00c9E\u00a0SOMBRE<\/strong><\/p>\n<p style=\"text-align: left;\">L&rsquo;\u00e9pisode 1 \u00e9tait d\u00e9di\u00e9 \u00e0 voir Kirito dans sa NOUVELLE VIE DE MEC LIB\u00c9R\u00c9 DES MMORPG afin de pas nous effrayer et de nous dire que y&rsquo;aura toujours Kirito <del>et Asuna<\/del> dans cette s\u00e9rie donc partez pas \u00e7a va \u00eatre bien promis. Spoiler: il le faisait pas super bien.<\/p>\n<p style=\"text-align: left;\">L&rsquo;\u00e9pisode 2 \u00e9tait d\u00e9di\u00e9 \u00e0 voir le personnage de Sinon en action dans le MMORPG qui servira d&rsquo;action \u00e0 la saison afin de faire deux pierres d&rsquo;un coup en pr\u00e9sentant le max de choses en un minimum de temps. Spoiler: il le faisait tr\u00e8s bien.<\/p>\n<p style=\"text-align: left;\">Donc du coup dans cet \u00e9pisode d\u00e9couvrons le personnage de Sinon dans la vie r\u00e9elle. Fille timide et malingre qui se fait direct racketter par des racailles dans un coin sombre, essaie de r\u00e9sister par les mots et finit par se faire traumatiser la gueule \u00e0 coup de PTSD. Avant d&rsquo;\u00eatre sauv\u00e9e par son meilleur ami QUI PASSAIT PAR LA et qui fait fuir les nanas qui, \u00e0 coup s\u00fbr, n&rsquo;auront pas oubli\u00e9 et continuerons de la menacer en esp\u00e9rant que la prochaine fois y&rsquo;aura pas de mec \u00ab\u00a0qui passera par l\u00e0.\u00a0\u00bb<\/p>\n<p style=\"text-align: left;\">C&rsquo;est clich\u00e9 mais bon \u00e7a pose les bases. Voil\u00e0 une fille qui a un TRAUMATISME, holala.<\/p>\n<p style=\"text-align: left;\"><a href=\"http:\/\/neantvert.eu\/minorin\/wp-content\/uploads\/2014\/07\/SAOII0301.jpg\"><img loading=\"lazy\" decoding=\"async\" class=\"aligncenter size-medium wp-image-8806\" src=\"http:\/\/neantvert.eu\/minorin\/wp-content\/uploads\/2014\/07\/SAOII0301-500x281.jpg\" alt=\"SAOII0301\" width=\"500\" height=\"281\" srcset=\"https:\/\/neantvert.eu\/minorin\/wp-content\/uploads\/2014\/07\/SAOII0301-500x281.jpg 500w, https:\/\/neantvert.eu\/minorin\/wp-content\/uploads\/2014\/07\/SAOII0301-1024x576.jpg 1024w, https:\/\/neantvert.eu\/minorin\/wp-content\/uploads\/2014\/07\/SAOII0301.jpg 1280w\" sizes=\"(max-width: 500px) 100vw, 500px\" \/><\/a><\/p>\n<p style=\"text-align: center;\"><strong>BIEN: Shinon jeune ressemble \u00e0 Inaba jeune<\/strong><\/p>\n<p style=\"text-align: left;\">Vous savez, Inaba de Kokoro Connect. Vous savez Kokoro Connect cet anime qui date d&rsquo;il y&rsquo;a deux ans et ou des lyc\u00e9ens changeaient de corps. Mais si vous savez vous pouvez pas d\u00e9j\u00e0 avoir oubli\u00e9 c&rsquo;\u00e9tait tellement culte et holala m\u00eame moi j&rsquo;arrive pas \u00e0 me convaincre de ce que je dis. Bref, Inaba la fille qui dit au h\u00e9ros qu&rsquo;elle pense \u00e0 lui quand elle se masturbe. Ah l\u00e0 vous voyez.<\/p>\n<p style=\"text-align: left;\">Bref les deux ont une m\u00e9ga ressemblance physique et je peux pas m&#8217;emp\u00eacher de penser d\u00e9sormais que Inaba est une Shinon dont la vie n&rsquo;a pas \u00e9t\u00e9 tragique et rempli de traumatisme.<\/p>\n<p style=\"text-align: left;\">Bon pour le reste je pourrais commenter le flashback plus en d\u00e9tail mais bon il faut son taff. Il est pas sp\u00e9cialement original et le coup du braqueur cingl\u00e9 et hyst\u00e9rique qui tue tout le monde avant de voir son arme se retourner contre lui c&rsquo;est assez efficace. J&rsquo;ai bien aim\u00e9 le fait qu&rsquo;on ressente un poil le recul de l&rsquo;arme et que LoliShinon tire pas \u00ab\u00a0facilement.\u00a0\u00bb Attention hein: \u00e7a reste m\u00e9ga simpliste et normalement elle devrait avoir deux ou trois fractures et plus de tympans mais au moins ils ont pris \u00e7a UN PEU en compte.<\/p>\n<p style=\"text-align: left;\">Par contre la maman qui se met \u00e0 m\u00e9priser sa fille d&rsquo;un coup euh je pige pas. Y&rsquo;a t-il un seul adulte dans SAO qui est pas tar\u00e9 ?<\/p>\n<p style=\"text-align: left;\"><a href=\"http:\/\/neantvert.eu\/minorin\/wp-content\/uploads\/2014\/07\/SAOII0302.jpg\"><img loading=\"lazy\" decoding=\"async\" class=\"aligncenter size-medium wp-image-8805\" src=\"http:\/\/neantvert.eu\/minorin\/wp-content\/uploads\/2014\/07\/SAOII0302-500x281.jpg\" alt=\"SAOII0302\" width=\"500\" height=\"281\" srcset=\"https:\/\/neantvert.eu\/minorin\/wp-content\/uploads\/2014\/07\/SAOII0302-500x281.jpg 500w, https:\/\/neantvert.eu\/minorin\/wp-content\/uploads\/2014\/07\/SAOII0302-1024x576.jpg 1024w, https:\/\/neantvert.eu\/minorin\/wp-content\/uploads\/2014\/07\/SAOII0302.jpg 1280w\" sizes=\"(max-width: 500px) 100vw, 500px\" \/><\/a><\/p>\n<p style=\"text-align: center;\"><strong>XD: KIRITO SUR SA MOTO<\/strong><\/p>\n<p style=\"text-align: left;\"><strong>KIRITO LE BIKER WOHOHOHOH.<\/strong><\/p>\n<p style=\"text-align: left;\">Attendez.<\/p>\n<p style=\"text-align: left;\">KIRITO SUR UNE MOTO MAIS HAHA.<\/p>\n<p style=\"text-align: left;\">MAIS HAHAHAHA.<\/p>\n<p style=\"text-align: left;\"><img loading=\"lazy\" decoding=\"async\" class=\"alignnone\" src=\"http:\/\/33.media.tumblr.com\/8839c019b84792ca2724ecaff3d48252\/tumblr_mte3jieInz1qhqygio3_500.gif\" alt=\"\" width=\"500\" height=\"270\" \/><\/p>\n<p style=\"text-align: left;\">Mais chuut ne soyons pas m\u00e9chants, b\u00e9b\u00e9 Kirito a enfin de se prendre pour Celty Sturluson et c&rsquo;est son droit. Mais il devrait viser les petits scooter italiens, c&rsquo;est plus de sa taille HAHAHHA.<\/p>\n<p style=\"text-align: left;\">HAHAHHA.<\/p>\n<p style=\"text-align: left;\">HAHA :&rsquo;D.<\/p>\n<p style=\"text-align: left;\">KIRITO SUR UNE MOTO HAHA :&rsquo;D.<\/p>\n<p style=\"text-align: left;\">VIVEMENT LA KIRITOMOBILE AVEC SES MILLIARDS DE GADGETS :&rsquo;DDD.<\/p>\n<p style=\"text-align: left;\"><a href=\"http:\/\/neantvert.eu\/minorin\/wp-content\/uploads\/2014\/07\/SAO0312.jpg\"><img loading=\"lazy\" decoding=\"async\" class=\"aligncenter size-medium wp-image-8796\" src=\"http:\/\/neantvert.eu\/minorin\/wp-content\/uploads\/2014\/07\/SAO0312-500x281.jpg\" alt=\"SAO0312\" width=\"500\" height=\"281\" srcset=\"https:\/\/neantvert.eu\/minorin\/wp-content\/uploads\/2014\/07\/SAO0312-500x281.jpg 500w, https:\/\/neantvert.eu\/minorin\/wp-content\/uploads\/2014\/07\/SAO0312-1024x576.jpg 1024w, https:\/\/neantvert.eu\/minorin\/wp-content\/uploads\/2014\/07\/SAO0312.jpg 1280w\" sizes=\"(max-width: 500px) 100vw, 500px\" \/><\/a><\/p>\n<p style=\"text-align: center;\"><strong>BIEN: YUI NE PARLE PAS \\O\/<\/strong><\/p>\n<p style=\"text-align: left;\">Je suspecte qu&rsquo;ils avaient la flemme de payer la doubleuse pour une ligne. Du coup on a Yui dans son meilleur r\u00f4le: celui ou elle se tait et regarde.<\/p>\n<p style=\"text-align: left;\"><a href=\"http:\/\/neantvert.eu\/minorin\/wp-content\/uploads\/2014\/07\/SAOII0310.jpg\"><img loading=\"lazy\" decoding=\"async\" class=\"aligncenter size-medium wp-image-8797\" src=\"http:\/\/neantvert.eu\/minorin\/wp-content\/uploads\/2014\/07\/SAOII0310-500x281.jpg\" alt=\"SAOII0310\" width=\"500\" height=\"281\" srcset=\"https:\/\/neantvert.eu\/minorin\/wp-content\/uploads\/2014\/07\/SAOII0310-500x281.jpg 500w, https:\/\/neantvert.eu\/minorin\/wp-content\/uploads\/2014\/07\/SAOII0310-1024x576.jpg 1024w, https:\/\/neantvert.eu\/minorin\/wp-content\/uploads\/2014\/07\/SAOII0310.jpg 1280w\" sizes=\"(max-width: 500px) 100vw, 500px\" \/><\/a><\/p>\n<p style=\"text-align: center;\"><b>LA BROCHETTE DE WAIFUS: LA BROCHETTE DE WAIFUS<\/b><\/p>\n<p style=\"text-align: left;\">\u00ab\u00a0Et bah Kirito, regarde tes waifus elles te font coucou<\/p>\n<p style=\"text-align: left;\">&#8211; Elles sont tr\u00e8s\u00a0<em>Off Model\u00a0<\/em> aujourd&rsquo;hui, je sais pas&#8230;<\/p>\n<p style=\"text-align: left;\">&#8211; Et elles parlent pas&#8230;<\/p>\n<p style=\"text-align: left;\">&#8211; Houlala c&rsquo;est pas leur jour&#8230; C&rsquo;est le jour ou le studio en a rien \u00e0 foutre d&rsquo;elles.<\/p>\n<p style=\"text-align: left;\">&#8211; Est-ce qu&rsquo;un jour \u00e7a m&rsquo;arrivera Kirito ?<\/p>\n<p style=\"text-align: left;\">&#8211; Non rassure toi Asuna, tu seras pr\u00e9sente TOUT LE TEMPS et TOUT LE LONG DE LA S\u00c9RIE !!\u00a0\u00bb<\/p>\n<p style=\"text-align: left;\">\n<p style=\"text-align: left;\"><a href=\"http:\/\/neantvert.eu\/minorin\/wp-content\/uploads\/2014\/07\/SAOII0304.jpg\"><img loading=\"lazy\" decoding=\"async\" class=\"aligncenter size-medium wp-image-8803\" src=\"http:\/\/neantvert.eu\/minorin\/wp-content\/uploads\/2014\/07\/SAOII0304-500x281.jpg\" alt=\"SAOII0304\" width=\"500\" height=\"281\" srcset=\"https:\/\/neantvert.eu\/minorin\/wp-content\/uploads\/2014\/07\/SAOII0304-500x281.jpg 500w, https:\/\/neantvert.eu\/minorin\/wp-content\/uploads\/2014\/07\/SAOII0304-1024x576.jpg 1024w, https:\/\/neantvert.eu\/minorin\/wp-content\/uploads\/2014\/07\/SAOII0304.jpg 1280w\" sizes=\"(max-width: 500px) 100vw, 500px\" \/><\/a><\/p>\n<p style=\"text-align: center;\"><strong>BIEN: La relation entre Sinon et son BFF<\/strong><\/p>\n<p style=\"text-align: left;\">Je trouve les deux vraiment trop mignons m\u00eame si vu ce qui arrive au BFF dans l&rsquo;opening (il disparait dans une <em>gerbe de flammes<\/em>), j&rsquo;ai peur qu&rsquo;il lui arrive un\u00a0<em>gros truc.\u00a0<\/em>En attendant cette histoire mignonne offre l&rsquo;assurance de voir l&rsquo;h\u00e9ro\u00efne ne pas tomber amoureuse de Kirito et, quoi, attendez, j&rsquo;ai l&rsquo;impression que ceux qui lisent le light novel vont se foutre de ma tronche l\u00e0.<\/p>\n<p style=\"text-align: left;\">Enfin bref c&rsquo;est un gar\u00e7on plut\u00f4t cens\u00e9 et \u00e7a fait du bien de voir deux nouveaux personnages pas trop cons dans l&rsquo;univers SAO. Parce que vous vous souvenez de Recto dans Alfheim ? Vous vous en souvenez pas ? Bah googlez le et rappellez vous \u00e0 quel point il \u00e9tait nul ce perso.<\/p>\n<p style=\"text-align: left;\"><a href=\"http:\/\/neantvert.eu\/minorin\/wp-content\/uploads\/2014\/07\/SAOII0303.jpg\"><img loading=\"lazy\" decoding=\"async\" class=\"aligncenter size-medium wp-image-8804\" src=\"http:\/\/neantvert.eu\/minorin\/wp-content\/uploads\/2014\/07\/SAOII0303-500x281.jpg\" alt=\"SAOII0303\" width=\"500\" height=\"281\" srcset=\"https:\/\/neantvert.eu\/minorin\/wp-content\/uploads\/2014\/07\/SAOII0303-500x281.jpg 500w, https:\/\/neantvert.eu\/minorin\/wp-content\/uploads\/2014\/07\/SAOII0303-1024x576.jpg 1024w, https:\/\/neantvert.eu\/minorin\/wp-content\/uploads\/2014\/07\/SAOII0303.jpg 1280w\" sizes=\"(max-width: 500px) 100vw, 500px\" \/><\/a><\/p>\n<p style=\"text-align: center;\"><strong>OMG: L&rsquo;INFIRMIERE PERSO DE KIRITO<\/strong><\/p>\n<p style=\"text-align: left;\">Contexte: on est y&rsquo;a deux semaines, le vendredi soir apr\u00e8s Japan Expo. J&rsquo;suis avec Yoka et plein d&rsquo;autres gens dans le RER puis on parle de Sword Art Online entre milles autres choses. Puis je sais plus pourquoi je parle de l&rsquo;infirmi\u00e8re de Kirito pendant qu&rsquo;il \u00e9tait dans le coma li\u00e9 \u00e0 Sword Art Online. Je sais plus ce que je disais. Des conneries. Genre des vannes du type \u00ab\u00a0de toute fa\u00e7on Kirito il est plus puceau l&rsquo;infirmi\u00e8re elle a du se le faire pendant qu&rsquo;il \u00e9tait comateux, parce qu&rsquo;aucun perso f\u00e9minin ne peut r\u00e9sister au corps de Kirito\u00a0\u00bb ou bien le fantastique \u00ab\u00a0il fallait bien quelqu&rsquo;un pour laver les fameux DEUX ANS DE SPERME.\u00a0\u00bb Bref je sais vraiment plus quoi portait la discussion mais ce fourbe de Yoka m&rsquo;a dit \u00ab\u00a0et bah rigole pas elle appara\u00eet apr\u00e8s l&rsquo;infirmi\u00e8re de Kirito.\u00a0\u00bb Et moi j&rsquo;\u00e9tais l\u00e0 \u00ab\u00a0lolquoi.\u00a0\u00bb<\/p>\n<p style=\"text-align: left;\">Et effectivement oui :&rsquo;D. Et tout est l\u00e0: direct il arrive elle lui tripote le cul. Elle lui dit de se d\u00e9shabiller pour qu&rsquo;il puisse enfiler ses \u00e9lectrodes et elle lui dit qu&rsquo;elle l&rsquo;a d\u00e9j\u00e0 vu tout nu. Le mec du minist\u00e8re lui fait la remarque du genre \u00ab\u00a0EHEH T&rsquo;ES TOUT SEUL AVEC UNE JOLIE INFIRMIERE \ud83d\ude09\u00a0\u00bb et c&rsquo;est vrai qu&rsquo;elle est JOLIE. Et avant qu&rsquo;il s&rsquo;endorme elle balance un \u00ab\u00a0DE TOUTE FACON JE TE SURVEILLE HEIN ;).\u00a0\u00bb Je l&rsquo;imagine bien passer 5h juste \u00e0 mater le corps endormi de Kirito pendant qu&rsquo;elle se touche. ENFIN BREF JE SAIS PAS tout ce que je sais c&rsquo;est que CA VA PLEUVOIR DU DOUJINSHI BIEN CRADE.<\/p>\n<p style=\"text-align: left;\">Bref, infirmi\u00e8re de SAO, je suis heureux de te rencontrer m\u00eame si je disais d\u00e9j\u00e0 du mal de toi y&rsquo;a deux semaines.<\/p>\n<p style=\"text-align: left;\"><a href=\"http:\/\/neantvert.eu\/minorin\/wp-content\/uploads\/2014\/07\/SAOII0306.jpg\"><img loading=\"lazy\" decoding=\"async\" class=\"aligncenter size-medium wp-image-8801\" src=\"http:\/\/neantvert.eu\/minorin\/wp-content\/uploads\/2014\/07\/SAOII0306-500x281.jpg\" alt=\"SAOII0306\" width=\"500\" height=\"281\" srcset=\"https:\/\/neantvert.eu\/minorin\/wp-content\/uploads\/2014\/07\/SAOII0306-500x281.jpg 500w, https:\/\/neantvert.eu\/minorin\/wp-content\/uploads\/2014\/07\/SAOII0306-1024x576.jpg 1024w, https:\/\/neantvert.eu\/minorin\/wp-content\/uploads\/2014\/07\/SAOII0306.jpg 1280w\" sizes=\"(max-width: 500px) 100vw, 500px\" \/><\/a><\/p>\n<p style=\"text-align: center;\"><strong>HOLALA LE COPYRIGHT<\/strong><\/p>\n<p style=\"text-align: left;\">Grotsukushimu.<\/p>\n<p style=\"text-align: left;\"><a href=\"http:\/\/neantvert.eu\/minorin\/wp-content\/uploads\/2014\/07\/SAOII0307.jpg\"><img loading=\"lazy\" decoding=\"async\" class=\"aligncenter size-medium wp-image-8800\" src=\"http:\/\/neantvert.eu\/minorin\/wp-content\/uploads\/2014\/07\/SAOII0307-500x281.jpg\" alt=\"SAOII0307\" width=\"500\" height=\"281\" srcset=\"https:\/\/neantvert.eu\/minorin\/wp-content\/uploads\/2014\/07\/SAOII0307-500x281.jpg 500w, https:\/\/neantvert.eu\/minorin\/wp-content\/uploads\/2014\/07\/SAOII0307-1024x576.jpg 1024w, https:\/\/neantvert.eu\/minorin\/wp-content\/uploads\/2014\/07\/SAOII0307.jpg 1280w\" sizes=\"(max-width: 500px) 100vw, 500px\" \/><\/a><\/p>\n<p style=\"text-align: center;\"><strong>PAS BIEN: pFFFFfffFF<\/strong><\/p>\n<p style=\"text-align: left;\">L&rsquo;antagoniste est encore un mec tar\u00e9 et glauque.<\/p>\n<p style=\"text-align: left;\">Encore.<\/p>\n<p style=\"text-align: left;\">J&rsquo;avais espoir d&rsquo;un antagoniste un peu cool, un mec intelligent, qui sache ce qu&rsquo;il fait. La qualit\u00e9 d&rsquo;un ouvrage tient de la moiti\u00e9 de la qualit\u00e9 de son vilain. C&rsquo;est \u00e7a qui fait qu&rsquo;Alfheim Online est intrins\u00e9quement moins bien que SAO: Ob\u00e9ron \u00e9tait un\u00a0<em>p\u00e9cor.\u00a0<\/em>Mais l\u00e0 c&rsquo;est pire. On a un mec qui sourit b\u00eatement, qui touche de mani\u00e8re creepy l&rsquo;\u00e9cran pour \u00ab\u00a0marquer\u00a0\u00bb sa prochaine cible, qui a l&rsquo;air de pas pouvoir se contr\u00f4ler. Tin. C&rsquo;est d\u00e9cevant :\/\/.<\/p>\n<p style=\"text-align: left;\">Mais bon le m\u00e9chant a l&rsquo;air d&rsquo;\u00eatre un troll de l&rsquo;Internet, donc le fait qu&rsquo;il soit un loser un peu timbr\u00e9 doit \u00eatre r\u00e9aliste.<\/p>\n<p style=\"text-align: left;\">Je sais pas.<\/p>\n<p style=\"text-align: left;\"><strong>CONCLUSION DE L&rsquo;EPISODE: 13\/20<\/strong><\/p>\n<p style=\"text-align: left;\">Eh \u00e7a allait. Pas de surprises, certes, mais \u00e7a se d\u00e9roule assez normalement et efficacement. C&rsquo;est certes \u00e9crit comme si c&rsquo;\u00e9tait \u00e9crit par un ado mais au moins c&rsquo;est fluide et pas chiant. Ok.<\/p>\n<p style=\"text-align: left;\">Mais on peut avoir les guns, l&rsquo;action et Kirito en nana maintenant ?<\/p>\n","protected":false},"excerpt":{"rendered":"<p>&nbsp; [avatar user=\u00a0\u00bbAmo\u00a0\u00bb size=\u00a0\u00bboriginal\u00a0\u00bb align=\u00a0\u00bbleft\u00a0\u00bb link=\u00a0\u00bbhttp:\/\/neantvert.eu\/minorin\/wp-content\/uploads\/2014\/07\/Avatar4.jpg\u00a0\u00bb target=\u00a0\u00bb_blank\u00a0\u00bb \/] Il est 22h et on a beau \u00eatre en Ile de France, une putain de cigale squatte mon toit et fait un boucan INFERNAL. J&rsquo;ai mis l&rsquo;OST de Bravely Default \u00e0 fond pour couvrir son bruit d\u00e9moniaque. Bon. En attendant lan\u00e7ons dans une analyse foutrement profonde de [&hellip;]<\/p>\n","protected":false},"author":1,"featured_media":0,"comment_status":"open","ping_status":"closed","sticky":false,"template":"","format":"standard","meta":{"ngg_post_thumbnail":0,"jetpack_post_was_ever_published":false,"_jetpack_newsletter_access":"","_jetpack_dont_email_post_to_subs":false,"_jetpack_newsletter_tier_id":0,"_jetpack_memberships_contains_paywalled_content":false,"_jetpack_memberships_contains_paid_content":false,"footnotes":"","jetpack_publicize_message":"","jetpack_publicize_feature_enabled":true,"jetpack_social_post_already_shared":true,"jetpack_social_options":{"image_generator_settings":{"template":"highway","enabled":false},"version":2}},"categories":[1],"tags":[107,567,512,570,571,569,568,566,565,106,564],"class_list":["post-8794","post","type-post","status-publish","format-standard","hentry","category-frais","tag-a1-pictures","tag-dat-glasses","tag-ete-2014","tag-kirito-est-batman","tag-kirito-est-jesus","tag-kirito-sur-sa-moto","tag-pas-de-dat-ass-dans-cet-episode","tag-piou-piou","tag-sao","tag-sword-art-online","tag-sword-art-online-ii"],"jetpack_publicize_connections":[],"jetpack_featured_media_url":"","jetpack_sharing_enabled":true,"jetpack_shortlink":"https:\/\/wp.me\/p4IbxV-2hQ","_links":{"self":[{"href":"https:\/\/neantvert.eu\/minorin\/index.php?rest_route=\/wp\/v2\/posts\/8794"}],"collection":[{"href":"https:\/\/neantvert.eu\/minorin\/index.php?rest_route=\/wp\/v2\/posts"}],"about":[{"href":"https:\/\/neantvert.eu\/minorin\/index.php?rest_route=\/wp\/v2\/types\/post"}],"author":[{"embeddable":true,"href":"https:\/\/neantvert.eu\/minorin\/index.php?rest_route=\/wp\/v2\/users\/1"}],"replies":[{"embeddable":true,"href":"https:\/\/neantvert.eu\/minorin\/index.php?rest_route=%2Fwp%2Fv2%2Fcomments&post=8794"}],"version-history":[{"count":1,"href":"https:\/\/neantvert.eu\/minorin\/index.php?rest_route=\/wp\/v2\/posts\/8794\/revisions"}],"predecessor-version":[{"id":8811,"href":"https:\/\/neantvert.eu\/minorin\/index.php?rest_route=\/wp\/v2\/posts\/8794\/revisions\/8811"}],"wp:attachment":[{"href":"https:\/\/neantvert.eu\/minorin\/index.php?rest_route=%2Fwp%2Fv2%2Fmedia&parent=8794"}],"wp:term":[{"taxonomy":"category","embeddable":true,"href":"https:\/\/neantvert.eu\/minorin\/index.php?rest_route=%2Fwp%2Fv2%2Fcategories&post=8794"},{"taxonomy":"post_tag","embeddable":true,"href":"https:\/\/neantvert.eu\/minorin\/index.php?rest_route=%2Fwp%2Fv2%2Ftags&post=8794"}],"curies":[{"name":"wp","href":"https:\/\/api.w.org\/{rel}","templated":true}]}}