{"id":9600,"date":"2014-08-29T18:05:59","date_gmt":"2014-08-29T16:05:59","guid":{"rendered":"http:\/\/neantvert.eu\/minorin\/?p=9600"},"modified":"2014-08-29T18:10:08","modified_gmt":"2014-08-29T16:10:08","slug":"yama-no-susume-s2-03-desole","status":"publish","type":"post","link":"https:\/\/neantvert.eu\/minorin\/?p=9600","title":{"rendered":"Yama no Susume (S2) 03 &#8211; D\u00e9sol\u00e9&#8230;"},"content":{"rendered":"<div id=\"attachment_9607\" style=\"width: 510px\" class=\"wp-caption aligncenter\"><a href=\"http:\/\/neantvert.eu\/minorin\/wp-content\/uploads\/2014\/08\/yamanosusume2_0302.jpg\"><img loading=\"lazy\" decoding=\"async\" aria-describedby=\"caption-attachment-9607\" class=\"wp-image-9607 size-medium\" src=\"http:\/\/neantvert.eu\/minorin\/wp-content\/uploads\/2014\/08\/yamanosusume2_0302-500x281.jpg\" alt=\"yamanosusume2_0302\" width=\"500\" height=\"281\" srcset=\"https:\/\/neantvert.eu\/minorin\/wp-content\/uploads\/2014\/08\/yamanosusume2_0302-500x281.jpg 500w, https:\/\/neantvert.eu\/minorin\/wp-content\/uploads\/2014\/08\/yamanosusume2_0302.jpg 640w\" sizes=\"(max-width: 500px) 100vw, 500px\" \/><\/a><p id=\"caption-attachment-9607\" class=\"wp-caption-text\">Figure 1 : la motivation du blogueur (all\u00e9gorie).<\/p><\/div>\n<p><span style=\"color: #ffffff;\">&#8211;<\/span><\/p>\n<p><a href=\"http:\/\/neantvert.eu\/minorin\/?tag=yama-no-susume\">L&rsquo;aventure <em>Yama no Susume<\/em><\/a> se poursuit, en exclusivit\u00e9 sur Minorin.<\/p>\n[avatar user=\u00a0\u00bbNock\u00a0\u00bb size=\u00a0\u00bboriginal\u00a0\u00bb align=\u00a0\u00bbleft\u00a0\u00bb link=\u00a0\u00bbhttp:\/\/neantvert.eu\/minorin\/?author=3&Prime; \/]En temps normal, j&rsquo;ai tendance \u00e0 appliquer un principe simple \u00e0 ma vie de tous les jours. Une petite phrase qui se r\u00e9v\u00e8le parfois tr\u00e8s pratique que j&rsquo;ai emprunt\u00e9 aux 2 minutes du peuple : \u00ab\u00a0si tu ne sais pas quoi dire, ferme ta gueule !\u00a0\u00bb<br \/>\nCe pr\u00e9cepte peut facilement \u00eatre li\u00e9 \u00e0 une autre phrase que j&rsquo;appr\u00e9cie : \u00ab\u00a0mieux vaut se taire au risque de passer pour un con que parler et ne laisser aucun doute \u00e0 ce sujet\u00a0\u00bb.<\/p>\n<p>Tout \u00e7a pour dire que devant l&rsquo;\u00e9pisode 3 de <em>Yama no Susume<\/em>, je me suis rendu compte que je n&rsquo;avais aucune id\u00e9e de quoi dire, mais qu&rsquo;\u00e0 cela ne tienne, je fais fi de mes principes pour venir raconter du caca.<\/p>\n<p><i><b>Yama no Susume 2<\/b><\/i> \/\/ S\u00e9rie pr\u00e9vue en 24 \u00e9pisodes \/\/ \u00e9t\u00e9 2014 \/\/ Studio 8-bits \/\/ R\u00e9alisateur\u00a0: Yuusuke Yamamoto (<em>NHK ni Y\u00f4koso<\/em>, <em>Walkure Romanze<\/em>, <em>Aquarion Evol<\/em>) \/\/ d\u2019apr\u00e8s un manga de Siro.<span id=\"more-9430\"><\/span><br \/>\nLe premier \u00e9pisode est disponible sur <a href=\"http:\/\/www.crunchyroll.fr\/encouragement-of-climb-season-2\">Crunchyroll<\/a>. Le reste y sera peut-\u00eatre un jour.<!--more--><\/p>\n<p>Dans le dernier billet, j&rsquo;ai fait part de mon inqui\u00e9tude grandissante.<br \/>\nEt si la s\u00e9rie devenait soudainement potable ? Et si elle m&rsquo;offrait ce que je lui demandais ?<br \/>\nSi, d&rsquo;un coup, elle me laissait perplexe, incapable de trouver de quoi me plaindre, de quoi la charrier, de quoi continuer \u00e0 tirer au lance-flammes sur les petits d\u00e9tails ?<\/p>\n<p>L&rsquo;angoisse de la page blanche, avec <em>Yama no Susume<\/em>, je connais un peu, dans le sens o\u00f9, apr\u00e8s visionnage, je sais assez rarement ce que je vais \u00e9crire et mes articles sont improvis\u00e9s autour de captures d&rsquo;\u00e9crans que je dote pour l&rsquo;occasion de l\u00e9gendes stupides, parfois sans lien avec l&rsquo;histoire. Mais g\u00e9n\u00e9ralement, je m&rsquo;en sort apr\u00e8s quelques heures de revisionnage d&rsquo;\u00e9pisode, de tentative d&rsquo;\u00e9criture et d&rsquo;intense r\u00e9flexion (bon, OK, j&rsquo;exag\u00e8re un peu, mais pas tant que \u00e7a non plus).<br \/>\nCet \u00e9pisode est une \u00e9pine dans mon pied. Il n&rsquo;est pas mauvais. Il montre ce que j&rsquo;attends de la s\u00e9rie. Il laisse peu de place aux images rigolotes.<br \/>\nJe ne sais m\u00eame pas comment placer ma l\u00e9gende r\u00e9currente des 1001 fa\u00e7on de tuer Hinata.<\/p>\n<p>C&rsquo;est l\u00e0 toute la difficult\u00e9 de la chose. Ce troisi\u00e8me \u00e9pisode n&rsquo;est pas suffisamment mauvais pour que j&rsquo;ai envie de m&rsquo;\u00e9nerver, pas suffisamment dr\u00f4le pour me donner d&rsquo;id\u00e9es amusantes, mais pas suffisamment bon non plus pour que j&rsquo;ai \u00e0 m&rsquo;extasier.<\/p>\n<div id=\"attachment_9612\" style=\"width: 510px\" class=\"wp-caption aligncenter\"><a href=\"http:\/\/neantvert.eu\/minorin\/wp-content\/uploads\/2014\/08\/yamanosusume2_0307.jpg\"><img loading=\"lazy\" decoding=\"async\" aria-describedby=\"caption-attachment-9612\" class=\"wp-image-9612 size-medium\" src=\"http:\/\/neantvert.eu\/minorin\/wp-content\/uploads\/2014\/08\/yamanosusume2_0307-500x281.jpg\" alt=\"yamanosusume2_0307\" width=\"500\" height=\"281\" srcset=\"https:\/\/neantvert.eu\/minorin\/wp-content\/uploads\/2014\/08\/yamanosusume2_0307-500x281.jpg 500w, https:\/\/neantvert.eu\/minorin\/wp-content\/uploads\/2014\/08\/yamanosusume2_0307.jpg 640w\" sizes=\"(max-width: 500px) 100vw, 500px\" \/><\/a><p id=\"caption-attachment-9612\" class=\"wp-caption-text\">Capture random, histoire d&rsquo;habiller un peu le texte.<\/p><\/div>\n<p>Nous sommes dans une s\u00e9rie de tranches de vie avec pour contexte l&rsquo;alpinisme et la randonn\u00e9e en montagne. Le genre de s\u00e9ries reposantes, pleines de bons sentiments, avec des sous-textes sur l&rsquo;amiti\u00e9 et, avec l&rsquo;aspect un peu \u00ab\u00a0sportif\u00a0\u00bb du titre, sur le d\u00e9passement de soi.<\/p>\n<p>Et bien cet \u00e9pisode, c&rsquo;est totalement \u00e7a. Les 4 h\u00e9ro\u00efnes poursuivent leur ascension du mont Mitsutouge.<br \/>\nVoil\u00e0 d\u00e9j\u00e0 pour l&rsquo;alpinisme.<\/p>\n<div id=\"attachment_9606\" style=\"width: 510px\" class=\"wp-caption aligncenter\"><a href=\"http:\/\/neantvert.eu\/minorin\/wp-content\/uploads\/2014\/08\/yamanosusume2_0301.jpg\"><img loading=\"lazy\" decoding=\"async\" aria-describedby=\"caption-attachment-9606\" class=\"wp-image-9606 size-medium\" title=\"En fait, vous avez d\u00e9j\u00e0 entendu parler de ce manga baptis\u00e9 &quot;Z\u00e9ro pour l'\u00e9ternit\u00e9&quot; (pub \u00e9hont\u00e9e).\" src=\"http:\/\/neantvert.eu\/minorin\/wp-content\/uploads\/2014\/08\/yamanosusume2_0301-500x281.jpg\" alt=\"yamanosusume2_0301\" width=\"500\" height=\"281\" srcset=\"https:\/\/neantvert.eu\/minorin\/wp-content\/uploads\/2014\/08\/yamanosusume2_0301-500x281.jpg 500w, https:\/\/neantvert.eu\/minorin\/wp-content\/uploads\/2014\/08\/yamanosusume2_0301.jpg 640w\" sizes=\"(max-width: 500px) 100vw, 500px\" \/><\/a><p id=\"caption-attachment-9606\" class=\"wp-caption-text\">&#8211; \u00ab\u00a0Banzai !\u00a0\u00bb disait mon arri\u00e8re-grand-p\u00e8re. Celui qui a fini encastr\u00e9 dans le pont d&rsquo;un porte-avions am\u00e9ricain en 45.<\/p><\/div>\n<p>Et si le d\u00e9but se r\u00e9v\u00e8le assez facile, le chemin va se faire de moins en moins praticable et la pauvre Aoi va \u00eatre bien en peine. Heureusement, ses amies vont l&rsquo;aider \u00e0 surmonter cette \u00e9preuve, surtout Kaede qui, par ses conseils, va r\u00e9ussir \u00e0 ramener un sourire sur le visage de la jeune fille.<br \/>\nHop, l&rsquo;amiti\u00e9, c&rsquo;est fait.<\/p>\n<div id=\"attachment_9608\" style=\"width: 510px\" class=\"wp-caption aligncenter\"><a href=\"http:\/\/neantvert.eu\/minorin\/wp-content\/uploads\/2014\/08\/yamanosusume2_0303.jpg\"><img loading=\"lazy\" decoding=\"async\" aria-describedby=\"caption-attachment-9608\" class=\"wp-image-9608 size-medium\" title=\"Citation : Luke Skywalker, Star Wars VI\" src=\"http:\/\/neantvert.eu\/minorin\/wp-content\/uploads\/2014\/08\/yamanosusume2_0303-500x281.jpg\" alt=\"yamanosusume2_0303\" width=\"500\" height=\"281\" srcset=\"https:\/\/neantvert.eu\/minorin\/wp-content\/uploads\/2014\/08\/yamanosusume2_0303-500x281.jpg 500w, https:\/\/neantvert.eu\/minorin\/wp-content\/uploads\/2014\/08\/yamanosusume2_0303.jpg 640w\" sizes=\"(max-width: 500px) 100vw, 500px\" \/><\/a><p id=\"caption-attachment-9608\" class=\"wp-caption-text\">&#8211; Je mets en danger cette mission. Je n&rsquo;aurais pas du venir.<\/p><\/div>\n<div id=\"attachment_9609\" style=\"width: 510px\" class=\"wp-caption aligncenter\"><a href=\"http:\/\/neantvert.eu\/minorin\/wp-content\/uploads\/2014\/08\/yamanosusume2_0304.jpg\"><img loading=\"lazy\" decoding=\"async\" aria-describedby=\"caption-attachment-9609\" class=\"wp-image-9609 size-medium\" src=\"http:\/\/neantvert.eu\/minorin\/wp-content\/uploads\/2014\/08\/yamanosusume2_0304-500x281.jpg\" alt=\"yamanosusume2_0304\" width=\"500\" height=\"281\" srcset=\"https:\/\/neantvert.eu\/minorin\/wp-content\/uploads\/2014\/08\/yamanosusume2_0304-500x281.jpg 500w, https:\/\/neantvert.eu\/minorin\/wp-content\/uploads\/2014\/08\/yamanosusume2_0304.jpg 640w\" sizes=\"(max-width: 500px) 100vw, 500px\" \/><\/a><p id=\"caption-attachment-9609\" class=\"wp-caption-text\">R\u00e8gle n\u00b0 1 : trop forcer, \u00e7a ne sert \u00e0 rien, juste \u00e0 se d\u00e9gouter&#8230; Il faut aller \u00e0 son rythme et profiter. Non, je ne parle pas de ma consommation d&rsquo;animation japonaise&#8230;<\/p><\/div>\n<p>Et qu&rsquo;importe qu&rsquo;Aoi finisse par d\u00e9couvrir le pot-aux-roses et se rende compte que le but de l&rsquo;ascension est de lui permettre de voir enfin le mont Fuji de pr\u00eat, elle fera tout son possible pour faire en sorte de dissimuler le fait qu&rsquo;elle est courant, pour ne pas d\u00e9cevoir ses amies.<br \/>\nSurprise, des bons sentiments&#8230;<\/p>\n<div id=\"attachment_9615\" style=\"width: 510px\" class=\"wp-caption aligncenter\"><a href=\"http:\/\/neantvert.eu\/minorin\/wp-content\/uploads\/2014\/08\/yamanosusume2_0310.jpg\"><img loading=\"lazy\" decoding=\"async\" aria-describedby=\"caption-attachment-9615\" class=\"wp-image-9615 size-medium\" src=\"http:\/\/neantvert.eu\/minorin\/wp-content\/uploads\/2014\/08\/yamanosusume2_0310-500x281.jpg\" alt=\"yamanosusume2_0310\" width=\"500\" height=\"281\" srcset=\"https:\/\/neantvert.eu\/minorin\/wp-content\/uploads\/2014\/08\/yamanosusume2_0310-500x281.jpg 500w, https:\/\/neantvert.eu\/minorin\/wp-content\/uploads\/2014\/08\/yamanosusume2_0310.jpg 640w\" sizes=\"(max-width: 500px) 100vw, 500px\" \/><\/a><p id=\"caption-attachment-9615\" class=\"wp-caption-text\">Une partie de l&rsquo;\u00e9pisode, plut\u00f4t mignonne, tient sur le fait qu&rsquo;Aoi ne sait pas que les filles savent qu&rsquo;elle sait&#8230; (l&rsquo;art des phrases d\u00e9biles pour les Nuls)<\/p><\/div>\n<p>Finalement, \u00e9paul\u00e9e par Hinata, Kokona et Kaede, Aoi va parvenir \u00e0 surmonter l&rsquo;\u00e9preuve, ainsi que sa peur du vide.<br \/>\n\u00c7a, c&rsquo;\u00e9tait pour le d\u00e9passement de soi.<\/p>\n<div id=\"attachment_9611\" style=\"width: 510px\" class=\"wp-caption aligncenter\"><a href=\"http:\/\/neantvert.eu\/minorin\/wp-content\/uploads\/2014\/08\/yamanosusume2_0306.jpg\"><img loading=\"lazy\" decoding=\"async\" aria-describedby=\"caption-attachment-9611\" class=\"wp-image-9611 size-medium\" src=\"http:\/\/neantvert.eu\/minorin\/wp-content\/uploads\/2014\/08\/yamanosusume2_0306-500x281.jpg\" alt=\"yamanosusume2_0306\" width=\"500\" height=\"281\" srcset=\"https:\/\/neantvert.eu\/minorin\/wp-content\/uploads\/2014\/08\/yamanosusume2_0306-500x281.jpg 500w, https:\/\/neantvert.eu\/minorin\/wp-content\/uploads\/2014\/08\/yamanosusume2_0306.jpg 640w\" sizes=\"(max-width: 500px) 100vw, 500px\" \/><\/a><p id=\"caption-attachment-9611\" class=\"wp-caption-text\">La s\u00e9rie, sans en faire des caisses, nous rappelle un des \u00e9l\u00e9ments du postulat de d\u00e9part : Aoi a le vertige.<\/p><\/div>\n<p>Et pendant ce temps, on continue de d\u00e9couvrir de beaux paysages et je me dis que \u00e7a ne me d\u00e9plairait pas de m&rsquo;essayer \u00e0 ce genre d&rsquo;ascension.<br \/>\nC&rsquo;\u00e9tait pour l&rsquo;aspect reposant \/ contemplatif.<\/p>\n<div id=\"attachment_9610\" style=\"width: 510px\" class=\"wp-caption aligncenter\"><a href=\"http:\/\/neantvert.eu\/minorin\/wp-content\/uploads\/2014\/08\/yamanosusume2_0305.jpg\"><img loading=\"lazy\" decoding=\"async\" aria-describedby=\"caption-attachment-9610\" class=\"wp-image-9610 size-medium\" src=\"http:\/\/neantvert.eu\/minorin\/wp-content\/uploads\/2014\/08\/yamanosusume2_0305-500x281.jpg\" alt=\"yamanosusume2_0305\" width=\"500\" height=\"281\" srcset=\"https:\/\/neantvert.eu\/minorin\/wp-content\/uploads\/2014\/08\/yamanosusume2_0305-500x281.jpg 500w, https:\/\/neantvert.eu\/minorin\/wp-content\/uploads\/2014\/08\/yamanosusume2_0305.jpg 640w\" sizes=\"(max-width: 500px) 100vw, 500px\" \/><\/a><p id=\"caption-attachment-9610\" class=\"wp-caption-text\">Le point brochure touristique. Aujourd&rsquo;hui, les 88 moines de pierre du mont Mitsutouge.<\/p><\/div>\n<div id=\"attachment_9613\" style=\"width: 510px\" class=\"wp-caption aligncenter\"><a href=\"http:\/\/neantvert.eu\/minorin\/wp-content\/uploads\/2014\/08\/yamanosusume2_0308.jpg\"><img loading=\"lazy\" decoding=\"async\" aria-describedby=\"caption-attachment-9613\" class=\"wp-image-9613 size-medium\" src=\"http:\/\/neantvert.eu\/minorin\/wp-content\/uploads\/2014\/08\/yamanosusume2_0308-500x281.jpg\" alt=\"yamanosusume2_0308\" width=\"500\" height=\"281\" srcset=\"https:\/\/neantvert.eu\/minorin\/wp-content\/uploads\/2014\/08\/yamanosusume2_0308-500x281.jpg 500w, https:\/\/neantvert.eu\/minorin\/wp-content\/uploads\/2014\/08\/yamanosusume2_0308.jpg 640w\" sizes=\"(max-width: 500px) 100vw, 500px\" \/><\/a><p id=\"caption-attachment-9613\" class=\"wp-caption-text\">Dans le prochain \u00e9pisode, on atteint le sommet (litt\u00e9ralement, je pense).<\/p><\/div>\n<p>Ah, et un petit mot sur l&rsquo;<em>ending<\/em>, j&rsquo;ai oubli\u00e9 \u00e7a\u00a0 la derni\u00e8re fois. La chanson me faisait vaguement penser \u00e0 quelque chose et j&rsquo;ai enfin retrouv\u00e9 quoi. Kokone est doubl\u00e9e par la m\u00eame com\u00e9dienne que Tsukiko Tsutsukakushi (<em>Hentai Ouji to Warawanai Neko<\/em>), et comme c&rsquo;est sa voix qu&rsquo;on entend le plus dans cet <em>ending<\/em>, \u00e7a me fait un peu penser aux g\u00e9n\u00e9riques de la s\u00e9rie en question.<\/p>\n<div id=\"attachment_9614\" style=\"width: 510px\" class=\"wp-caption aligncenter\"><a href=\"http:\/\/neantvert.eu\/minorin\/wp-content\/uploads\/2014\/08\/yamanosusume2_0309.jpg\"><img loading=\"lazy\" decoding=\"async\" aria-describedby=\"caption-attachment-9614\" class=\"wp-image-9614 size-medium\" src=\"http:\/\/neantvert.eu\/minorin\/wp-content\/uploads\/2014\/08\/yamanosusume2_0309-500x281.jpg\" alt=\"yamanosusume2_0309\" width=\"500\" height=\"281\" srcset=\"https:\/\/neantvert.eu\/minorin\/wp-content\/uploads\/2014\/08\/yamanosusume2_0309-500x281.jpg 500w, https:\/\/neantvert.eu\/minorin\/wp-content\/uploads\/2014\/08\/yamanosusume2_0309.jpg 640w\" sizes=\"(max-width: 500px) 100vw, 500px\" \/><\/a><p id=\"caption-attachment-9614\" class=\"wp-caption-text\">Moi aussi, j&rsquo;ai appris l&rsquo;alphabet s\u00e9maphore dans ma jeunesse. (Image de l&rsquo;ending.)<\/p><\/div>\n<p>Donc oui, cet \u00e9pisode frappe enfin l\u00e0 o\u00f9 on attendait la s\u00e9rie. Et ce n&rsquo;est pas mal. Un gentille petite tranche de vie. C&rsquo;est mignon, m\u00eame si \u00e7a ne casse pas trois pattes \u00e0 un canard. Les personnages sont st\u00e9r\u00e9otyp\u00e9s mais humains et, pour depuis l&rsquo;\u00e9pisode pr\u00e9c\u00e9dent, m\u00eame Hinata est plut\u00f4t agr\u00e9able.<\/p>\n<p>Je suis d\u00e9sappoint\u00e9. Quand, j&rsquo;ai sign\u00e9 pour une saison 2, je ne m&rsquo;attendais pas \u00e0 appr\u00e9cier <em>Yama no Susume<\/em>. Je ne pensais pas que 8bits partirait sur un format 15 minutes et qu&rsquo;il r\u00e9ussirait \u00e0 en tirer quelque chose de correct (parce que le premier \u00e9pisode, c&rsquo;\u00e9tait pas bien folichon). Je ne pensais pas un jour \u00eatre pris au d\u00e9pourvu et avoir \u00e0 \u00e9crire une telle excuse en guise d&rsquo;article.<\/p>\n<p>A voir ce que la suite r\u00e9serve, mais je ne suis pas s\u00fbr de tout commenter du coup. Je n&rsquo;ai pas encore regard\u00e9 les \u00e9pisodes suivants, donc je d\u00e9ciderai ult\u00e9rieurement si je continue sur ma lanc\u00e9e ou si je ne fais plus que des morceaux choisis.<\/p>\n<p>Extrait de la musique de fond utilis\u00e9 pour la r\u00e9daction aujourd&rsquo;hui : <a href=\"https:\/\/www.youtube.com\/watch?v=jfP5xA3D8-8\">la version instrumentale de Hazy, le premier ending de <em>Hanasaku Iroha<\/em><\/a> (m\u00eame si on ne peut pas franchement dire qu&rsquo;elle m&rsquo;ait inspir\u00e9).<\/p>\n","protected":false},"excerpt":{"rendered":"<p>&#8211; L&rsquo;aventure Yama no Susume se poursuit, en exclusivit\u00e9 sur Minorin. [avatar user=\u00a0\u00bbNock\u00a0\u00bb size=\u00a0\u00bboriginal\u00a0\u00bb align=\u00a0\u00bbleft\u00a0\u00bb link=\u00a0\u00bbhttp:\/\/neantvert.eu\/minorin\/?author=3&Prime; \/]En temps normal, j&rsquo;ai tendance \u00e0 appliquer un principe simple \u00e0 ma vie de tous les jours. Une petite phrase qui se r\u00e9v\u00e8le parfois tr\u00e8s pratique que j&rsquo;ai emprunt\u00e9 aux 2 minutes du peuple : \u00ab\u00a0si tu ne sais [&hellip;]<\/p>\n","protected":false},"author":3,"featured_media":0,"comment_status":"open","ping_status":"closed","sticky":false,"template":"","format":"standard","meta":{"ngg_post_thumbnail":0,"jetpack_post_was_ever_published":false,"_jetpack_newsletter_access":"","_jetpack_dont_email_post_to_subs":false,"_jetpack_newsletter_tier_id":0,"_jetpack_memberships_contains_paywalled_content":false,"_jetpack_memberships_contains_paid_content":false,"footnotes":"","jetpack_publicize_message":"","jetpack_publicize_feature_enabled":true,"jetpack_social_post_already_shared":true,"jetpack_social_options":{"image_generator_settings":{"template":"highway","enabled":false},"version":2}},"categories":[1],"tags":[512,34,22,563,288,33],"class_list":["post-9600","post","type-post","status-publish","format-standard","hentry","category-frais","tag-ete-2014","tag-jadore-la-montagne","tag-moe","tag-saison-2","tag-slice-of-life","tag-yama-no-susume"],"jetpack_publicize_connections":[],"jetpack_featured_media_url":"","jetpack_sharing_enabled":true,"jetpack_shortlink":"https:\/\/wp.me\/p4IbxV-2uQ","_links":{"self":[{"href":"https:\/\/neantvert.eu\/minorin\/index.php?rest_route=\/wp\/v2\/posts\/9600"}],"collection":[{"href":"https:\/\/neantvert.eu\/minorin\/index.php?rest_route=\/wp\/v2\/posts"}],"about":[{"href":"https:\/\/neantvert.eu\/minorin\/index.php?rest_route=\/wp\/v2\/types\/post"}],"author":[{"embeddable":true,"href":"https:\/\/neantvert.eu\/minorin\/index.php?rest_route=\/wp\/v2\/users\/3"}],"replies":[{"embeddable":true,"href":"https:\/\/neantvert.eu\/minorin\/index.php?rest_route=%2Fwp%2Fv2%2Fcomments&post=9600"}],"version-history":[{"count":14,"href":"https:\/\/neantvert.eu\/minorin\/index.php?rest_route=\/wp\/v2\/posts\/9600\/revisions"}],"predecessor-version":[{"id":9624,"href":"https:\/\/neantvert.eu\/minorin\/index.php?rest_route=\/wp\/v2\/posts\/9600\/revisions\/9624"}],"wp:attachment":[{"href":"https:\/\/neantvert.eu\/minorin\/index.php?rest_route=%2Fwp%2Fv2%2Fmedia&parent=9600"}],"wp:term":[{"taxonomy":"category","embeddable":true,"href":"https:\/\/neantvert.eu\/minorin\/index.php?rest_route=%2Fwp%2Fv2%2Fcategories&post=9600"},{"taxonomy":"post_tag","embeddable":true,"href":"https:\/\/neantvert.eu\/minorin\/index.php?rest_route=%2Fwp%2Fv2%2Ftags&post=9600"}],"curies":[{"name":"wp","href":"https:\/\/api.w.org\/{rel}","templated":true}]}}