{"id":9630,"date":"2014-09-03T21:59:12","date_gmt":"2014-09-03T19:59:12","guid":{"rendered":"http:\/\/neantvert.eu\/minorin\/?p=9630"},"modified":"2014-09-03T22:04:27","modified_gmt":"2014-09-03T20:04:27","slug":"akame-ga-kill-09-tournez-maneges","status":"publish","type":"post","link":"https:\/\/neantvert.eu\/minorin\/?p=9630","title":{"rendered":"Akame ga Kill 09 &#8211; Tournez man\u00e8ges"},"content":{"rendered":"<div id=\"attachment_9637\" style=\"width: 510px\" class=\"wp-caption aligncenter\"><a href=\"http:\/\/neantvert.eu\/minorin\/wp-content\/uploads\/2014\/09\/Akame09IN.jpg\"><img loading=\"lazy\" decoding=\"async\" aria-describedby=\"caption-attachment-9637\" class=\"size-medium wp-image-9637\" src=\"http:\/\/neantvert.eu\/minorin\/wp-content\/uploads\/2014\/09\/Akame09IN-500x281.jpg\" alt=\"MUDA MUDA MUDA MUDAAAA\" width=\"500\" height=\"281\" srcset=\"https:\/\/neantvert.eu\/minorin\/wp-content\/uploads\/2014\/09\/Akame09IN-500x281.jpg 500w, https:\/\/neantvert.eu\/minorin\/wp-content\/uploads\/2014\/09\/Akame09IN-1024x576.jpg 1024w, https:\/\/neantvert.eu\/minorin\/wp-content\/uploads\/2014\/09\/Akame09IN.jpg 1280w\" sizes=\"(max-width: 500px) 100vw, 500px\" \/><\/a><p id=\"caption-attachment-9637\" class=\"wp-caption-text\">MUDA MUDA MUDA MUDAAAA<\/p><\/div>\n<p>&nbsp;<\/p>\n[avatar user=\u00a0\u00bbAmo\u00a0\u00bb size=\u00a0\u00bboriginal\u00a0\u00bb align=\u00a0\u00bbleft\u00a0\u00bb link=\u00a0\u00bbhttp:\/\/neantvert.eu\/minorin\/?author=1&Prime; target=\u00a0\u00bb_blank\u00a0\u00bb \/]\n<p><em>Episodes pr\u00e9c\u00e9dents:\u00a0<\/em><a href=\"http:\/\/neantvert.eu\/minorin\/?p=8020\">01<\/a>\u00a0;\u00a0<a href=\"http:\/\/neantvert.eu\/minorin\/?p=8445\">02<\/a>\u00a0;\u00a0<a href=\"http:\/\/neantvert.eu\/minorin\/?p=8921\">03<\/a>\u00a0;\u00a0<a href=\"http:\/\/neantvert.eu\/minorin\/?p=9016\">04<\/a>\u00a0;\u00a0<a href=\"http:\/\/neantvert.eu\/minorin\/?p=9181\">05<\/a>\u00a0;\u00a0<a href=\"http:\/\/neantvert.eu\/minorin\/?p=9302\">06<\/a>\u00a0;\u00a0<a href=\"http:\/\/neantvert.eu\/minorin\/?p=9497\">07<\/a>\u00a0; <a href=\"http:\/\/neantvert.eu\/minorin\/?p=9578\">08<\/a><\/p>\n<p>Vous vous souvenez la semaine derni\u00e8re quand j&rsquo;ai dit que j&rsquo;arr\u00eatais de chroniquer Akame ga Kill ?<\/p>\n<p><em>J&rsquo;ai menti.*<\/em><\/p>\n<p><strong style=\"font-style: inherit;\">Akame ga Kill \/\/\u00a0<\/strong>Studio White Fox \/\/ Pr\u00e9vu en 24 \u00e9pisodes \/\/ D\u00e9but\u00e9 en juillet 2014 \/\/ R\u00e9alisateur: Kobayashi Tomoki (Amagami SS+, Sola, Tears to Tiara, directeur d\u2019\u00e9pisodes sur Monster et Steins;Gate)<\/p>\n<p>&nbsp;<\/p>\n<p><em>*\u00a0(\u00ab\u00a0J&rsquo;ai menti\u00a0\u00bb signifie \u00ab\u00a0plan\u00a0\u00bb)<\/em><\/p>\n<p><!--more--><\/p>\n<p><a href=\"http:\/\/neantvert.eu\/minorin\/wp-content\/uploads\/2014\/09\/Akame0901.jpg\"><img loading=\"lazy\" decoding=\"async\" class=\"size-medium wp-image-9649 aligncenter\" src=\"http:\/\/neantvert.eu\/minorin\/wp-content\/uploads\/2014\/09\/Akame0901-500x281.jpg\" alt=\"Akame0901\" width=\"500\" height=\"281\" srcset=\"https:\/\/neantvert.eu\/minorin\/wp-content\/uploads\/2014\/09\/Akame0901-500x281.jpg 500w, https:\/\/neantvert.eu\/minorin\/wp-content\/uploads\/2014\/09\/Akame0901-1024x576.jpg 1024w, https:\/\/neantvert.eu\/minorin\/wp-content\/uploads\/2014\/09\/Akame0901.jpg 1280w\" sizes=\"(max-width: 500px) 100vw, 500px\" \/><\/a><\/p>\n<p><strong>PAS BIEN: Devinez qui a r\u00e9gl\u00e9 son souci de blessure en moins de deux jours ?<\/strong><\/p>\n<p>A not\u00e9 que cette intro m&rsquo;a p\u00e9t\u00e9 les yeux. Y&rsquo;a ce plan centr\u00e9 sur son visage qui dure genre 3 ou 4 secondes qui va beaucoup trop vite, qui est pas super bien anim\u00e9 et qui donne une m\u00e9chante impression d&rsquo;\u00e9pilepsie. C&rsquo;est pas sympa. D\u00e9j\u00e0 que Mine est repoussante physiquement et ce n&rsquo;est point la vision de son corps nu d&rsquo;enfant qui me fera reculer sur mes propos.<\/p>\n<p>&nbsp;<\/p>\n<p><a href=\"http:\/\/neantvert.eu\/minorin\/wp-content\/uploads\/2014\/09\/Akame0902.jpg\"><img loading=\"lazy\" decoding=\"async\" class=\"size-medium wp-image-9648 aligncenter\" src=\"http:\/\/neantvert.eu\/minorin\/wp-content\/uploads\/2014\/09\/Akame0902-500x281.jpg\" alt=\"Akame0902\" width=\"500\" height=\"281\" srcset=\"https:\/\/neantvert.eu\/minorin\/wp-content\/uploads\/2014\/09\/Akame0902-500x281.jpg 500w, https:\/\/neantvert.eu\/minorin\/wp-content\/uploads\/2014\/09\/Akame0902-1024x576.jpg 1024w, https:\/\/neantvert.eu\/minorin\/wp-content\/uploads\/2014\/09\/Akame0902.jpg 1280w\" sizes=\"(max-width: 500px) 100vw, 500px\" \/><\/a><\/p>\n<p><strong>MAINTENANT QUE J&rsquo;Y PENSE: C&rsquo;est quoi que Sheele combattait dans l&rsquo;opening ?<\/strong><\/p>\n<p>Non parce qu&rsquo;on dirait le monstre qui l&rsquo;a tu\u00e9, sauf que l\u00e0 elle le one-shot. Th\u00e9orie: le jour ou elle est morte, elle \u00e9tait m\u00eame pas \u00e0 10% de ses capacit\u00e9s et elle se touchait un peu par feignasserie. On dirait ma vie.<\/p>\n<p>&nbsp;<\/p>\n<p><a href=\"http:\/\/neantvert.eu\/minorin\/wp-content\/uploads\/2014\/09\/Akame0903.jpg\"><img loading=\"lazy\" decoding=\"async\" class=\"size-medium wp-image-9647 aligncenter\" src=\"http:\/\/neantvert.eu\/minorin\/wp-content\/uploads\/2014\/09\/Akame0903-500x281.jpg\" alt=\"Akame0903\" width=\"500\" height=\"281\" srcset=\"https:\/\/neantvert.eu\/minorin\/wp-content\/uploads\/2014\/09\/Akame0903-500x281.jpg 500w, https:\/\/neantvert.eu\/minorin\/wp-content\/uploads\/2014\/09\/Akame0903-1024x576.jpg 1024w, https:\/\/neantvert.eu\/minorin\/wp-content\/uploads\/2014\/09\/Akame0903.jpg 1280w\" sizes=\"(max-width: 500px) 100vw, 500px\" \/><\/a><\/p>\n<p><strong>PAS BIEN: OHLALALA MINE ELLE ROUGIT B\u00caTEMENT SOUDAINEMENT<\/strong><\/p>\n<p>C&rsquo;est marrant hein. Ca arrivait jamais avant et soudainement Mine devient Dere pour le h\u00e9ros. Alors qu&rsquo;avant elle \u00e9tait 100% Tsun. C&rsquo;est bizarre. Puis le mec vert qui fait remarquer que maintenant y&rsquo;a plus que deux mecs au sein de Night Raid. Woh, tiens, ouais. Du coup avant que Tatsumi arrive, il \u00e9tait pas genre le seul mec h\u00e9t\u00e9ro de la bande. Comment il a du kiffer. Ca me rappelle un peu ma terminale L. 19 \u00e9l\u00e8ves, 16 filles, 3 mecs. C&rsquo;\u00e9tait bien. J&rsquo;en suis sorti plus \u00e9galitariste, c&rsquo;\u00e9tait le bon temps.<\/p>\n<p>Bon bref je me perds on disait quoi et OH MON DIEU LA SERIE VIENT DE ME FAIRE RIRE:<\/p>\n<p><a href=\"http:\/\/neantvert.eu\/minorin\/wp-content\/uploads\/2014\/09\/Akame0904.jpg\"><img loading=\"lazy\" decoding=\"async\" class=\"size-medium wp-image-9646 aligncenter\" src=\"http:\/\/neantvert.eu\/minorin\/wp-content\/uploads\/2014\/09\/Akame0904-500x281.jpg\" alt=\"Akame0904\" width=\"500\" height=\"281\" srcset=\"https:\/\/neantvert.eu\/minorin\/wp-content\/uploads\/2014\/09\/Akame0904-500x281.jpg 500w, https:\/\/neantvert.eu\/minorin\/wp-content\/uploads\/2014\/09\/Akame0904-1024x576.jpg 1024w, https:\/\/neantvert.eu\/minorin\/wp-content\/uploads\/2014\/09\/Akame0904.jpg 1280w\" sizes=\"(max-width: 500px) 100vw, 500px\" \/><\/a><\/p>\n<p><strong>SUPER BIEN: Le visage d\u00e9bile de The Boss sur ce plan<\/strong><\/p>\n<p>Elle est l\u00e0 avec sa hache \u00e0 faire \u00ab\u00a0=D\u00a0\u00bb et moi comme un con \u00e7a m&rsquo;a fait rire. Je sais pas si c&rsquo;\u00e9tait le but (je crois que l&rsquo;objectif c&rsquo;\u00e9tait que la remarque du mec vert nous fasse rire en priorit\u00e9) mais je suis jamais contre un bon petit \u00ab\u00a0haha\u00a0\u00bb de merde.<\/p>\n<p>N&#8217;emp\u00eache c&rsquo;est l\u00e0 que je me rends compte que le corps de The Boss n&rsquo;a aucun sens mais \u00e7a c&rsquo;est pas mon probl\u00e8me.<\/p>\n<p>&nbsp;<\/p>\n<p><a href=\"http:\/\/neantvert.eu\/minorin\/wp-content\/uploads\/2014\/09\/Akame0905.jpg\"><img loading=\"lazy\" decoding=\"async\" class=\"size-medium wp-image-9645 aligncenter\" src=\"http:\/\/neantvert.eu\/minorin\/wp-content\/uploads\/2014\/09\/Akame0905-500x281.jpg\" alt=\"Akame0905\" width=\"500\" height=\"281\" srcset=\"https:\/\/neantvert.eu\/minorin\/wp-content\/uploads\/2014\/09\/Akame0905-500x281.jpg 500w, https:\/\/neantvert.eu\/minorin\/wp-content\/uploads\/2014\/09\/Akame0905-1024x576.jpg 1024w, https:\/\/neantvert.eu\/minorin\/wp-content\/uploads\/2014\/09\/Akame0905.jpg 1280w\" sizes=\"(max-width: 500px) 100vw, 500px\" \/><\/a><\/p>\n<p><strong>BIEN: Malgr\u00e9 sa mort, Bulat appara\u00eet encore via des flashback<\/strong><\/p>\n<p>TU ETAIS LE SEUL TRUC BIEN DE CET ANIME, BULAT, MERCI DE RESTER ENCORE UN PEU.<\/p>\n<p>&nbsp;<\/p>\n<p><a href=\"http:\/\/neantvert.eu\/minorin\/wp-content\/uploads\/2014\/09\/Akame0906.jpg\"><img loading=\"lazy\" decoding=\"async\" class=\"aligncenter size-medium wp-image-9644\" src=\"http:\/\/neantvert.eu\/minorin\/wp-content\/uploads\/2014\/09\/Akame0906-500x281.jpg\" alt=\"Akame0906\" width=\"500\" height=\"281\" srcset=\"https:\/\/neantvert.eu\/minorin\/wp-content\/uploads\/2014\/09\/Akame0906-500x281.jpg 500w, https:\/\/neantvert.eu\/minorin\/wp-content\/uploads\/2014\/09\/Akame0906-1024x576.jpg 1024w, https:\/\/neantvert.eu\/minorin\/wp-content\/uploads\/2014\/09\/Akame0906.jpg 1280w\" sizes=\"(max-width: 500px) 100vw, 500px\" \/><\/a><\/p>\n<p><strong>BIEN: Wave aime l&rsquo;OCEAN<\/strong><\/p>\n<p>Vous avez vu Yu Gi Oh the Abriged Series ? Vous savez la parodie de Yu Gi Oh redoubl\u00e9 qui est super g\u00e9nial et <a href=\"http:\/\/nemotaku.info\/ygotas\/\">m\u00eame dispo en vostfr<\/a>. Bon bref dedans y&rsquo;a un des personnages qui est compl\u00e9tement modifi\u00e9 pour devenir un mec qui est tellement \u00e0 fond sur l&rsquo;oc\u00e9an qu&rsquo;il est mari\u00e9 avec l&rsquo;oc\u00e9an. Il est totalement\u00a0<em>in love\u00a0<\/em>quoi. Et bah la premi\u00e8re fois que j&rsquo;ai entendu le monologue de Wave j&rsquo;ai direct pens\u00e9 \u00e0 ce type. Le mec avec ses poissons et tout je m&rsquo;attendais trop \u00e0 ce qu&rsquo;un type sorte et le traite de\u00a0<em>freak fish guy.\u00a0<\/em>Et que lui s&rsquo;\u00e9nerve et le bute.<\/p>\n<p>Bref, voil\u00e0 un putain de\u00a0<em>freaky fish guy.\u00a0<\/em><\/p>\n<p>Je l&rsquo;aime bien.<\/p>\n<p>Puis plus le monologue avance plus je me suis mis \u00e0 kiffer le perso: le mec a mis ses meilleurs v\u00eatements, il est le fifils \u00e0 sa maman qui lui a fil\u00e9 plein de poissons. Bref il est super fun. L\u00e0 tu vois je le trouve tellement sympa que si il avait massacr\u00e9 toute la place en un seul coup pour se venger des messes basses \u00e0 son encontre, bah j&rsquo;aurais \u00e9t\u00e9 \u00ab\u00a0ok c&rsquo;est pas grave je te trouve cool quand m\u00eame.\u00a0\u00bb<\/p>\n<p>&nbsp;<\/p>\n<p><a href=\"http:\/\/neantvert.eu\/minorin\/wp-content\/uploads\/2014\/09\/Akame0907.jpg\"><img loading=\"lazy\" decoding=\"async\" class=\"aligncenter size-medium wp-image-9643\" src=\"http:\/\/neantvert.eu\/minorin\/wp-content\/uploads\/2014\/09\/Akame0907-500x281.jpg\" alt=\"Akame0907\" width=\"500\" height=\"281\" srcset=\"https:\/\/neantvert.eu\/minorin\/wp-content\/uploads\/2014\/09\/Akame0907-500x281.jpg 500w, https:\/\/neantvert.eu\/minorin\/wp-content\/uploads\/2014\/09\/Akame0907-1024x576.jpg 1024w, https:\/\/neantvert.eu\/minorin\/wp-content\/uploads\/2014\/09\/Akame0907.jpg 1280w\" sizes=\"(max-width: 500px) 100vw, 500px\" \/><\/a><\/p>\n<p><strong>BIEN: C&rsquo;EST QUI LUI ???<\/strong><\/p>\n<p>Je l&rsquo;ai vu un plan JE L&rsquo;AI TROUV\u00c9 COOL AUSSI.<\/p>\n<p>Attendez, deux bons personnages d&rsquo;affil\u00e9e attendez quoi attendez attendez quoi attendez IL SE PASSE UN TRUC LA.<\/p>\n<p>CONTINUONS A REGARDER L&rsquo;EPISODE, Y&rsquo;A UN MIRACLE EN LIVE.<\/p>\n<p>&nbsp;<\/p>\n<p><a href=\"http:\/\/neantvert.eu\/minorin\/wp-content\/uploads\/2014\/09\/Akame0908.jpg\"><img loading=\"lazy\" decoding=\"async\" class=\"aligncenter size-medium wp-image-9642\" src=\"http:\/\/neantvert.eu\/minorin\/wp-content\/uploads\/2014\/09\/Akame0908-500x281.jpg\" alt=\"Akame0908\" width=\"500\" height=\"281\" srcset=\"https:\/\/neantvert.eu\/minorin\/wp-content\/uploads\/2014\/09\/Akame0908-500x281.jpg 500w, https:\/\/neantvert.eu\/minorin\/wp-content\/uploads\/2014\/09\/Akame0908-1024x576.jpg 1024w, https:\/\/neantvert.eu\/minorin\/wp-content\/uploads\/2014\/09\/Akame0908.jpg 1280w\" sizes=\"(max-width: 500px) 100vw, 500px\" \/><\/a><\/p>\n<p><b>BIEN: La soeur d&rsquo;Akame<\/b><\/p>\n<p>ELLE EST BIEN. Ok dans le dernier \u00e9pisode elle go\u00fbtait sur une montagne de cadavres mais \u00e7a ALLAIT FINALEMENT. Dans l&rsquo;\u00e9chelle de cet anime une montagne de cadavres c&rsquo;est aussi m\u00e9chant que, je sais pas, voler un Pitch dans le cour de recr\u00e9 dans\u00a0<em>notre monde.\u00a0<\/em>Etrangement je la pr\u00e9f\u00e8re \u00e0 Akame pour le peu qu&rsquo;on l&rsquo;a vu jusqu&rsquo;a pr\u00e9sent. Il faut dire aussi que, bon, techniquement, Akame on l&rsquo;a finalement super peu vu pendant ces neuf \u00e9pisodes. Akame ga Kill ? Yeah. Plut\u00f4t\u00a0<em>No\u00a0<\/em>Akame\u00a0<em>A Lot of\u00a0<\/em>Kill. J&rsquo;imagine.<\/p>\n<p>TROIS BONS PERSONNAGES D&rsquo;UN COUP, LA ROUE TOURNE I&rsquo;M ON A ROLL NO SELF CONTROL \u266a<\/p>\n<p>&nbsp;<\/p>\n<p><a href=\"http:\/\/neantvert.eu\/minorin\/wp-content\/uploads\/2014\/09\/Akame0909.jpg\"><img loading=\"lazy\" decoding=\"async\" class=\"aligncenter size-medium wp-image-9641\" src=\"http:\/\/neantvert.eu\/minorin\/wp-content\/uploads\/2014\/09\/Akame0909-500x281.jpg\" alt=\"Akame0909\" width=\"500\" height=\"281\" srcset=\"https:\/\/neantvert.eu\/minorin\/wp-content\/uploads\/2014\/09\/Akame0909-500x281.jpg 500w, https:\/\/neantvert.eu\/minorin\/wp-content\/uploads\/2014\/09\/Akame0909-1024x576.jpg 1024w, https:\/\/neantvert.eu\/minorin\/wp-content\/uploads\/2014\/09\/Akame0909.jpg 1280w\" sizes=\"(max-width: 500px) 100vw, 500px\" \/><\/a><\/p>\n<p><b>BIEN: On la conna\u00eet d\u00e9j\u00e0 elle, mais bon elle est doubl\u00e9e par Kana Hanazawa donc la s\u00e9rie CONTINUE<\/b><\/p>\n<p>QUATRE BONS PERSONNAGES DANS LA M\u00caME SALLE.<\/p>\n<p>DANS AKAME GA KILL.<\/p>\n<p>EST CE LA VIE REELE<\/p>\n<p>EST CE UNE FANTASIE<\/p>\n<p>J&rsquo;SUIS PRIS DANS UNE PENTE<\/p>\n<p>PAS DE SORTIE DE REALITE<\/p>\n<p>&nbsp;<\/p>\n<p><a href=\"http:\/\/neantvert.eu\/minorin\/wp-content\/uploads\/2014\/09\/Akame0910.jpg\"><img loading=\"lazy\" decoding=\"async\" class=\"aligncenter size-medium wp-image-9640\" src=\"http:\/\/neantvert.eu\/minorin\/wp-content\/uploads\/2014\/09\/Akame0910-500x281.jpg\" alt=\"Akame0910\" width=\"500\" height=\"281\" srcset=\"https:\/\/neantvert.eu\/minorin\/wp-content\/uploads\/2014\/09\/Akame0910-500x281.jpg 500w, https:\/\/neantvert.eu\/minorin\/wp-content\/uploads\/2014\/09\/Akame0910-1024x576.jpg 1024w, https:\/\/neantvert.eu\/minorin\/wp-content\/uploads\/2014\/09\/Akame0910.jpg 1280w\" sizes=\"(max-width: 500px) 100vw, 500px\" \/><\/a><\/p>\n<p><strong>BIEN:\u00a0IL EST MOINS BIEN QUE LES AUTRES MAIS BIEN QUAND MEME<\/strong><\/p>\n<p>Bon ok Dr.Stylish est moins sexy que les quatre autres personnages qu&rsquo;on a vu jusqu&rsquo;a pr\u00e9sent mais si on compare, d&rsquo;un point de vue coolitude, \u00e0 n&rsquo;importe quel personnage de Night Raid encore vivant il\u00a0<em>gagne.\u00a0<\/em>Bon on va dire que c&rsquo;est ok. Ne serait-ce que parce que \u00ab\u00a0Dr.Stylish\u00a0\u00bb \u00e7a fait nom de catcheur japonais.<\/p>\n<p>&nbsp;<\/p>\n<p><a href=\"http:\/\/neantvert.eu\/minorin\/wp-content\/uploads\/2014\/09\/Akame0911.jpg\"><img loading=\"lazy\" decoding=\"async\" class=\"aligncenter size-medium wp-image-9639\" src=\"http:\/\/neantvert.eu\/minorin\/wp-content\/uploads\/2014\/09\/Akame0911-500x281.jpg\" alt=\"Akame0911\" width=\"500\" height=\"281\" srcset=\"https:\/\/neantvert.eu\/minorin\/wp-content\/uploads\/2014\/09\/Akame0911-500x281.jpg 500w, https:\/\/neantvert.eu\/minorin\/wp-content\/uploads\/2014\/09\/Akame0911-1024x576.jpg 1024w, https:\/\/neantvert.eu\/minorin\/wp-content\/uploads\/2014\/09\/Akame0911.jpg 1280w\" sizes=\"(max-width: 500px) 100vw, 500px\" \/><\/a><\/p>\n<p><b>BIEN: Run est ok, I guess<\/b><\/p>\n<p>Bon je vais avouer que la \u00ab\u00a0coolitude\u00a0\u00bb du personnage d\u00e9pend \u00e9norm\u00e9ment de l&rsquo;ordre d&rsquo;apparition dans l&rsquo;\u00e9pisode. Wave il est ultra cool, le truc creepy mignon avec un masque il est super cool, la soeur \u00e0 Akame elle est plut\u00f4t cool, Kana Hanazawa elle est super g\u00e9niale mais son personnage est juste cool, Dr Stylish est ok cool et Run est moyen cool. Heureusement que \u00e7a s&rsquo;arr\u00eate l\u00e0 parce que sinon mon enthousiasme serait fini et je serais forc\u00e9 de faire semblant d&rsquo;abandonner la s\u00e9rie.<\/p>\n<p>&nbsp;<\/p>\n<p><a href=\"http:\/\/neantvert.eu\/minorin\/wp-content\/uploads\/2014\/09\/Akame0912.jpg\"><img loading=\"lazy\" decoding=\"async\" class=\"aligncenter size-medium wp-image-9638\" src=\"http:\/\/neantvert.eu\/minorin\/wp-content\/uploads\/2014\/09\/Akame0912-500x281.jpg\" alt=\"Akame0912\" width=\"500\" height=\"281\" srcset=\"https:\/\/neantvert.eu\/minorin\/wp-content\/uploads\/2014\/09\/Akame0912-500x281.jpg 500w, https:\/\/neantvert.eu\/minorin\/wp-content\/uploads\/2014\/09\/Akame0912-1024x576.jpg 1024w, https:\/\/neantvert.eu\/minorin\/wp-content\/uploads\/2014\/09\/Akame0912.jpg 1280w\" sizes=\"(max-width: 500px) 100vw, 500px\" \/><\/a><\/p>\n<p><b>BIEN: Non vraiment le personnage masqu\u00e9 est&#8230; vraiment sympa<\/b><\/p>\n<p>C&rsquo;est un personnage un peu original quoi. En fait c&rsquo;est cool parce que lui et Wave donnent vraiment une impression d&rsquo;originalit\u00e9. Quoique Wave est plus une version \u00ab\u00a0miroir\u00a0\u00bb de Tatsumi pas tr\u00e8s subtile (comme Tatsumi il vient de la campagne, comme Tatsumi il se croit le seul mec \u00ab\u00a0sain d&rsquo;esprit\u00a0\u00bb \u00e0 bord, comme Tatsumi il se fait direct draguer par le personnage gay de la bande&#8230;) mais le fait d&rsquo;\u00eatre un fils \u00e0 sa maman dans un univers de psychopathe me le rend rapidement sympathique.<\/p>\n<p>Mais le masqu\u00e9 ? On dirait un Bane qui aurait z\u00e9ro confiance en lui. Un Bane qui tiendrait un blog et un tumblr, et qui dirait chaque soir tout le bien qu&rsquo;il pense de ses pairings Free pr\u00e9f\u00e9r\u00e9. Je le trouve incroyablement\u00a0<em>adorable.\u00a0<\/em>C&rsquo;est un personnage que je pense vraiment n&rsquo;avoir jamais vu avant et que je suis triste de&#8230; jamais avoir vu avant. Bref. Nice. Pour une fois Akame ga Kill tu me fais vraiment plaisir. NEUF EPISODES POUR CA.<\/p>\n<p>&nbsp;<\/p>\n<p><a href=\"http:\/\/neantvert.eu\/minorin\/wp-content\/uploads\/2014\/09\/Akame0919.jpg\"><img loading=\"lazy\" decoding=\"async\" class=\"aligncenter size-medium wp-image-9650\" src=\"http:\/\/neantvert.eu\/minorin\/wp-content\/uploads\/2014\/09\/Akame0919-500x281.jpg\" alt=\"Akame0919\" width=\"500\" height=\"281\" srcset=\"https:\/\/neantvert.eu\/minorin\/wp-content\/uploads\/2014\/09\/Akame0919-500x281.jpg 500w, https:\/\/neantvert.eu\/minorin\/wp-content\/uploads\/2014\/09\/Akame0919-1024x576.jpg 1024w, https:\/\/neantvert.eu\/minorin\/wp-content\/uploads\/2014\/09\/Akame0919.jpg 1280w\" sizes=\"(max-width: 500px) 100vw, 500px\" \/><\/a><\/p>\n<p><strong>BIEN: Est-ce que je peux dire que Esdeath avec un masque \u00e7a me fait des choses ?<\/strong><\/p>\n<p>JE LE DISAIS DONC DANS LA CHRONIQUE DE L&rsquo;EPISODE PRECEDENTE mais Esdeath est incroyablement \u00e0 mon go\u00fbt physiquement. Les longs cheveux, le petit k\u00e9pi, le d\u00e9collet\u00e9 outrageux, le zettai. J&rsquo;ai jamais autant aim\u00e9 le fascisme qu&rsquo;avec \u00e7a.<\/p>\n<p>Mais alors avec un masque c&rsquo;est fabuleux. Y&rsquo;a ce cot\u00e9 sexy ET myst\u00e9rieux ET cool. J&rsquo;ai jamais autant aim\u00e9 Vendredi 13 qu&rsquo;avec \u00e7a.<\/p>\n<p>Bon par contre les mecs dans la salle sont teub\u00e9s il faut attendre que le masque se brise pour qu&rsquo;ils se rendent compte que c&rsquo;est Esdeath. Genre LES LONGS CHEVEUX BLEUS et l&rsquo;uniforme SEXY AS FUCK c&rsquo;\u00e9tait pas suffisant.<\/p>\n<p>&nbsp;<\/p>\n<p><a href=\"http:\/\/neantvert.eu\/minorin\/wp-content\/uploads\/2014\/09\/Akame0913.jpg\"><img loading=\"lazy\" decoding=\"async\" class=\"aligncenter size-medium wp-image-9636\" src=\"http:\/\/neantvert.eu\/minorin\/wp-content\/uploads\/2014\/09\/Akame0913-500x281.jpg\" alt=\"Akame0913\" width=\"500\" height=\"281\" srcset=\"https:\/\/neantvert.eu\/minorin\/wp-content\/uploads\/2014\/09\/Akame0913-500x281.jpg 500w, https:\/\/neantvert.eu\/minorin\/wp-content\/uploads\/2014\/09\/Akame0913-1024x576.jpg 1024w, https:\/\/neantvert.eu\/minorin\/wp-content\/uploads\/2014\/09\/Akame0913.jpg 1280w\" sizes=\"(max-width: 500px) 100vw, 500px\" \/><\/a><\/p>\n<p><strong>BIEN: REGARDEZ COMME ILS SONT TOUS MIGNONS EN COSTUME CRAVATE<\/strong><\/p>\n<p>ET DONC VOILA ON A UN GROS PROBLEME, HOUSTON.<\/p>\n<p>En un demi \u00e9pisode, j&rsquo;ai beaucoup\u00a0<em>BEAUCOUP\u00a0<\/em><strong>BEAUCOUP\u00a0<\/strong>plus d&rsquo;affection pour Esdeath et sa bande que pour Night Raid. Night Raid je cache pas que depuis 8 \u00e9pisodes \u00e0 part Bulat et Akame je les trouve mous, inoriginaux, oubliables et trop mal assum\u00e9 pour que leur ambigu\u00eft\u00e9 morale fonctionne. Si seulement ils \u00e9taient juste \u00ab\u00a0meh\u00a0\u00bb ! Mais non ! Mine est une horreur sans nom, le mec vert m&rsquo;agace et Sheele me p\u00e9tait les couilles avant qu&rsquo;elle meurt. A cot\u00e9 on a Tatsumi qui ne ressemble \u00e0 rien psychologiquement, la fille avec ses boobs, la Boss qui n&rsquo;a pas encore d\u00e9velopp\u00e9 une r\u00e9elle cr\u00e9dibilit\u00e9, Akame qu&rsquo;on ne voit jamais, Bulat <em>qui est mort <\/em><em>(:()&#8230;<\/em>\u00a0Bref une bande de h\u00e9ros tacheronne, une bande immature et d\u00e9testable, qui fusionne un peu tous les arch\u00e9types les plus insupportables du shonen manga.<\/p>\n<p>Alors que Esdeath, \u00e0 contrario&#8230; C&rsquo;est une bande plein de personnages assez funs, directement marquants niveau caract\u00e8re&#8230; Bref je les aime d\u00e9j\u00e0. Je sais qu&rsquo;ils vont faire des trucs horribles, que certains ont en vrai un cot\u00e9 psychopathe affreux et je sais que je vais \u00eatre d\u00e9\u00e7u en l&rsquo;apprenant mais&#8230; Je veux qu&rsquo;ils butent Night Raid. Le manga devrait se finir l\u00e0 dessus. Ils butent Night Raid, ils butent l&#8217;empereur, ils butent le premier ministre, ils prennent le pouvoir et voil\u00e0 tout le monde meurt mais au moins \u00e7a sera fun.<\/p>\n<p>Faites \u00e7a, tiens.<\/p>\n<p>&nbsp;<\/p>\n<p style=\"text-align: center;\"><strong>PAS BIEN: On est les \u00ab\u00a0Jaegers\u00a0\u00bb<\/strong><\/p>\n<p>Putain \u00e7a fait trois fois en deux ans que le mot \u00ab\u00a0Jaeger\u00a0\u00bb est en centre d&rsquo;un ouvrage. Ca excite tellement les gens que \u00e7a le mot allemand qui veut dire chasseur ? Bon Akame ga Kill serait sorti en anim\u00e9\u00a0<em>avant\u00a0<\/em>Pacific Rim ou l&rsquo;Attaque des Titans on aurait oubli\u00e9 mais l\u00e0 \u00e7a donne juste l&rsquo;impression de capitaliser sur l&rsquo;aura de ce mot. C&rsquo;est comme \u00ab\u00a0Zwei\u00a0\u00bb qu&rsquo;on se tapait tout le temps en 2006\/2007. La passion des japonais pour l&rsquo;allemand. Pourquoi. Alors qu&rsquo;ils auraient utilis\u00e9s le fran\u00e7ais \u00e7a aurait \u00e9t\u00e9 tout aussi cool. \u00ab\u00a0WATASHI WA CHASSEUR DESU~\u00a0\u00bb Ca aurait \u00e9t\u00e9 tu\u00e9 hein ?<\/p>\n<p>Ou alors en letton: \u00ab\u00a0WATASHI WA MEDNIEK DESU~\u00a0\u00bb<\/p>\n<p>Ou alors ! En Italien ! \u00ab\u00a0WATASHI WA CACCIATORE DESU\u00a0\u00bb<\/p>\n<p>Les CACCIATORES ! Ca aurait d\u00e9fonc\u00e9 !<\/p>\n<p>Ok. A partir de moment je dis que la bande \u00e0 Esdeath s&rsquo;appelle les \u00ab\u00a0Cacciatores\u00a0\u00bb c&rsquo;est canon dans cette chronique, faites avec.<\/p>\n<p>&nbsp;<\/p>\n<p><a href=\"http:\/\/neantvert.eu\/minorin\/wp-content\/uploads\/2014\/09\/Akame0914.jpg\"><img loading=\"lazy\" decoding=\"async\" class=\"aligncenter size-medium wp-image-9635\" src=\"http:\/\/neantvert.eu\/minorin\/wp-content\/uploads\/2014\/09\/Akame0914-500x281.jpg\" alt=\"Akame0914\" width=\"500\" height=\"281\" srcset=\"https:\/\/neantvert.eu\/minorin\/wp-content\/uploads\/2014\/09\/Akame0914-500x281.jpg 500w, https:\/\/neantvert.eu\/minorin\/wp-content\/uploads\/2014\/09\/Akame0914-1024x576.jpg 1024w, https:\/\/neantvert.eu\/minorin\/wp-content\/uploads\/2014\/09\/Akame0914.jpg 1280w\" sizes=\"(max-width: 500px) 100vw, 500px\" \/><\/a><\/p>\n<p><strong>PAS BIEN: Flashback n\u00e9cessaire pour nous rappeller que HOLALA Esdeath elle est m\u00e9chante<\/strong><\/p>\n<p>On en a pas besoin blablabla<\/p>\n<p>On sait qu&rsquo;elle a z\u00e9ro morale blablabla<\/p>\n<p>Elle balance de la morale social-darwiniste sur les faibles et les forts tout le temps blablabla<\/p>\n<p>Episode ou elle tue un mec qu&rsquo;elle a foutue \u00e0 poil et humili\u00e9 avant blablabla<\/p>\n<p>&nbsp;<\/p>\n<p>Attendez comment \u00e7a le but du flashback \u00e9tait de nous rappeler pourquoi The Boss a quitt\u00e9 l&rsquo;arm\u00e9e. Ah. Autant pour moi.<\/p>\n<p>&nbsp;<\/p>\n<p><a href=\"http:\/\/neantvert.eu\/minorin\/wp-content\/uploads\/2014\/09\/Akame0915.jpg\"><img loading=\"lazy\" decoding=\"async\" class=\"aligncenter size-medium wp-image-9634\" src=\"http:\/\/neantvert.eu\/minorin\/wp-content\/uploads\/2014\/09\/Akame0915-500x281.jpg\" alt=\"Akame0915\" width=\"500\" height=\"281\" srcset=\"https:\/\/neantvert.eu\/minorin\/wp-content\/uploads\/2014\/09\/Akame0915-500x281.jpg 500w, https:\/\/neantvert.eu\/minorin\/wp-content\/uploads\/2014\/09\/Akame0915-1024x576.jpg 1024w, https:\/\/neantvert.eu\/minorin\/wp-content\/uploads\/2014\/09\/Akame0915.jpg 1280w\" sizes=\"(max-width: 500px) 100vw, 500px\" \/><\/a><\/p>\n<p><strong>PAS BIEN: Arr\u00eatez de d\u00e9truire Esdeath dans mon coeur<\/strong><\/p>\n<p>Est-ce que j&rsquo;ai besoin de savoir qu&rsquo;elle y conna\u00eet rien en anglais ?<\/p>\n<p>C&rsquo;est pas elle qui a \u00e9crit \u00e7a, oblig\u00e9.<\/p>\n<p>Qui pourrait \u00e9crire un truc comme \u00ab\u00a0I hope the younger because &amp; dominate\u00a0\u00bb ? M\u00eame moi je sais que c&rsquo;est faux et pourtant \u00e7a fait des si\u00e8cles que mon seul contact avec l&rsquo;anglais c&rsquo;est 1\/ reddit ou les gens savent pas \u00e9crire 2\/ les fansubs anglais qui sont aussi bien \u00e9crits que les fran\u00e7ais.<\/p>\n<p>Elle a du tuer le secr\u00e9taire qui a fait \u00e7a, oblig\u00e9.<\/p>\n<p>&nbsp;<\/p>\n<p><a href=\"http:\/\/neantvert.eu\/minorin\/wp-content\/uploads\/2014\/09\/Akame0916.jpg\"><img loading=\"lazy\" decoding=\"async\" class=\"aligncenter size-medium wp-image-9633\" src=\"http:\/\/neantvert.eu\/minorin\/wp-content\/uploads\/2014\/09\/Akame0916-500x281.jpg\" alt=\"Akame0916\" width=\"500\" height=\"281\" srcset=\"https:\/\/neantvert.eu\/minorin\/wp-content\/uploads\/2014\/09\/Akame0916-500x281.jpg 500w, https:\/\/neantvert.eu\/minorin\/wp-content\/uploads\/2014\/09\/Akame0916-1024x576.jpg 1024w, https:\/\/neantvert.eu\/minorin\/wp-content\/uploads\/2014\/09\/Akame0916.jpg 1280w\" sizes=\"(max-width: 500px) 100vw, 500px\" \/><\/a><\/p>\n<p><b>BIEN: Popcorn<\/b><\/p>\n<p>mais<\/p>\n<p><strong>PAS BIEN: Night Raid, les g\u00e9nies de l&rsquo;espionnage<\/strong><\/p>\n<p>\u00ab\u00a0Tatsumi on va te d\u00e9guiser pour que tu puisses participer \u00e0 ce tournoi de l&rsquo;arm\u00e9e pour r\u00e9cup\u00e9rer de l&rsquo;argent et peut-\u00eatre l&rsquo;arme de Sheele.\u00a0\u00bb<\/p>\n<p>\u00ab\u00a0&#8211; Ok, je suis chaud je fais quoi ?\u00a0\u00bb<\/p>\n<p>\u00ab\u00a0&#8211; Ok on va dire que tu seras un forgeron. Un simple forgeron. Ok ? Ca te suffira comme couverture.\u00a0\u00bb<\/p>\n<p>\u00ab\u00a0&#8211; Du coup il me faut un faux nom.\u00a0\u00bb<\/p>\n<p>\u00ab\u00a0&#8211; Hein quoi ? Non non tu seras officiellement TATSUMI LE FORGERON.\u00a0\u00bb<\/p>\n<p>\u00ab\u00a0&#8211; Attends quoi ? Pourquoi utiliser mon vrai pr\u00e9nom ?\u00a0\u00bb<\/p>\n<p>\u00ab\u00a0&#8211; Bah c&rsquo;est plus cool comme \u00e7a non ?\u00a0\u00bb<\/p>\n<p>\u00ab\u00a0&#8211; Mais attends, c&rsquo;est comme leur donner mon identit\u00e9 sur un plateau d&rsquo;argent. Je vais pas arriver et dire \u00ab\u00a0salut je m&rsquo;appelle Tatsumi\u00a0\u00bb ?\u00a0\u00bb<\/p>\n<p>\u00ab\u00a0&#8211; Tu penses trop, allez, vas y, tu es Tatsumi le Forgeron !!!\u00a0\u00bb<\/p>\n<p>&nbsp;<\/p>\n<p>QUELS GENIES.<\/p>\n<p>LES GENIES DE L&rsquo;ASSASSINAT HEIN.<\/p>\n<p>Enfin venant de la part d&rsquo;assassins habill\u00e9s en rose fluo&#8230;<\/p>\n<p>&nbsp;<\/p>\n<p><a href=\"http:\/\/neantvert.eu\/minorin\/wp-content\/uploads\/2014\/09\/Akame0917.jpg\"><img loading=\"lazy\" decoding=\"async\" class=\"aligncenter size-medium wp-image-9632\" src=\"http:\/\/neantvert.eu\/minorin\/wp-content\/uploads\/2014\/09\/Akame0917-500x281.jpg\" alt=\"Akame0917\" width=\"500\" height=\"281\" srcset=\"https:\/\/neantvert.eu\/minorin\/wp-content\/uploads\/2014\/09\/Akame0917-500x281.jpg 500w, https:\/\/neantvert.eu\/minorin\/wp-content\/uploads\/2014\/09\/Akame0917-1024x576.jpg 1024w, https:\/\/neantvert.eu\/minorin\/wp-content\/uploads\/2014\/09\/Akame0917.jpg 1280w\" sizes=\"(max-width: 500px) 100vw, 500px\" \/><\/a><\/p>\n<p><b>BIEN: OOOOOOOH~<\/b><\/p>\n<p>HAHAHAHA.<\/p>\n<p>Dans la chronique de l&rsquo;\u00e9pisode 7, ou on apprenait que Esdeath \u00ab\u00a0voulait tomber amoureuse\u00a0\u00bb:<\/p>\n<blockquote><p>Je connais cette s\u00e9rie, je vois ou \u00e7a va venir. Soit elle va tomber amoureuse du h\u00e9ros et s\u2019ajouter \u00e0 son harem qui commence doucement et s\u00fbrement \u00e0 se remplir. Soit elle va aimer un mec lambda qui va se faire MEGA BRUTALISER parce que la fille est sans doute une putain de psychopathe en amour AUSSI.<\/p><\/blockquote>\n<p>Bon du coup voil\u00e0, elle est officiellement grave \u00e0 fond sur Tatsumi. Tatsumi en un \u00e9pisode tu fais rougir Mine et Esdeath. Pas mal. Comme t&rsquo;as des go\u00fbts de merde tu vas sans doute choisir Mine mais c&rsquo;est pas grave.<\/p>\n<p>Bon en vrai c&rsquo;est terrible cet \u00e9pisode. Pendant la premi\u00e8re moiti\u00e9 on nous montre la sauce sur les Cacciatores. Genre ils sont cools. Genre Esdeath elle est cool elle peut invoquer plus de glace que n&rsquo;importe quel distributeur de McFlurry. Bref antagoniste de fou. Elle peut sauver la s\u00e9rie. Mais d&rsquo;un coup on apprend qu&rsquo;elle sait pas \u00e9crire anglais et qu&rsquo;elle a des go\u00fbts de merde en amour genre \u00ab\u00a0OH MON DIEU UN MEC EN SWEATSHIRT HEUREUSEMENT QUE JE PORTE PAS DE SOUS VETEMENTS SOUS MON UNIFORME MILITAIRE ULTRA COURT.\u00a0\u00bb<\/p>\n<p>C&rsquo;est chaud Esdeath. Je pensais que tu serais bien mais on dirait que je vais devoir esp\u00e9rer que Wave devienne le h\u00e9ros de la s\u00e9rie.<\/p>\n<p>&nbsp;<\/p>\n<p><a href=\"http:\/\/neantvert.eu\/minorin\/wp-content\/uploads\/2014\/09\/Akame0918.jpg\"><img loading=\"lazy\" decoding=\"async\" class=\"aligncenter size-medium wp-image-9631\" src=\"http:\/\/neantvert.eu\/minorin\/wp-content\/uploads\/2014\/09\/Akame0918-500x281.jpg\" alt=\"Akame0918\" width=\"500\" height=\"281\" srcset=\"https:\/\/neantvert.eu\/minorin\/wp-content\/uploads\/2014\/09\/Akame0918-500x281.jpg 500w, https:\/\/neantvert.eu\/minorin\/wp-content\/uploads\/2014\/09\/Akame0918-1024x576.jpg 1024w, https:\/\/neantvert.eu\/minorin\/wp-content\/uploads\/2014\/09\/Akame0918.jpg 1280w\" sizes=\"(max-width: 500px) 100vw, 500px\" \/><\/a><\/p>\n<p><strong>BIEN: Dans le prochain \u00e9pisode<\/strong><\/p>\n<p><a href=\"https:\/\/www.youtube.com\/watch?v=Sqz5dbs5zmo\"><em>COOL GUYS DON&rsquo;T LOOK AT EXPLOSION \u266a<\/em><\/a><\/p>\n<p>&nbsp;<\/p>\n<p>&nbsp;<\/p>\n<p><strong>CONCLUSION DE L&rsquo;EPISODE: 11\/20<\/strong><\/p>\n<p>Vivement Esdeath ga Kill, du coup.<\/p>\n","protected":false},"excerpt":{"rendered":"<p>&nbsp; [avatar user=\u00a0\u00bbAmo\u00a0\u00bb size=\u00a0\u00bboriginal\u00a0\u00bb align=\u00a0\u00bbleft\u00a0\u00bb link=\u00a0\u00bbhttp:\/\/neantvert.eu\/minorin\/?author=1&Prime; target=\u00a0\u00bb_blank\u00a0\u00bb \/] Episodes pr\u00e9c\u00e9dents:\u00a001\u00a0;\u00a002\u00a0;\u00a003\u00a0;\u00a004\u00a0;\u00a005\u00a0;\u00a006\u00a0;\u00a007\u00a0; 08 Vous vous souvenez la semaine derni\u00e8re quand j&rsquo;ai dit que j&rsquo;arr\u00eatais de chroniquer Akame ga Kill ? J&rsquo;ai menti.* Akame ga Kill \/\/\u00a0Studio White Fox \/\/ Pr\u00e9vu en 24 \u00e9pisodes \/\/ D\u00e9but\u00e9 en juillet 2014 \/\/ R\u00e9alisateur: Kobayashi Tomoki (Amagami SS+, Sola, Tears to [&hellip;]<\/p>\n","protected":false},"author":1,"featured_media":0,"comment_status":"open","ping_status":"closed","sticky":false,"template":"","format":"standard","meta":{"ngg_post_thumbnail":0,"jetpack_post_was_ever_published":false,"_jetpack_newsletter_access":"","_jetpack_dont_email_post_to_subs":false,"_jetpack_newsletter_tier_id":0,"_jetpack_memberships_contains_paywalled_content":false,"_jetpack_memberships_contains_paid_content":false,"footnotes":"","jetpack_publicize_message":"","jetpack_publicize_feature_enabled":true,"jetpack_social_post_already_shared":true,"jetpack_social_options":{"image_generator_settings":{"template":"highway","enabled":false},"version":2}},"categories":[1],"tags":[516,638,512,639,640,116],"class_list":["post-9630","post","type-post","status-publish","format-standard","hentry","category-frais","tag-akame-ga-kill","tag-esdeath","tag-ete-2014","tag-le-booty-desdeath","tag-le-kepi-desdeath","tag-white-fox"],"jetpack_publicize_connections":[],"jetpack_featured_media_url":"","jetpack_sharing_enabled":true,"jetpack_shortlink":"https:\/\/wp.me\/p4IbxV-2vk","_links":{"self":[{"href":"https:\/\/neantvert.eu\/minorin\/index.php?rest_route=\/wp\/v2\/posts\/9630"}],"collection":[{"href":"https:\/\/neantvert.eu\/minorin\/index.php?rest_route=\/wp\/v2\/posts"}],"about":[{"href":"https:\/\/neantvert.eu\/minorin\/index.php?rest_route=\/wp\/v2\/types\/post"}],"author":[{"embeddable":true,"href":"https:\/\/neantvert.eu\/minorin\/index.php?rest_route=\/wp\/v2\/users\/1"}],"replies":[{"embeddable":true,"href":"https:\/\/neantvert.eu\/minorin\/index.php?rest_route=%2Fwp%2Fv2%2Fcomments&post=9630"}],"version-history":[{"count":4,"href":"https:\/\/neantvert.eu\/minorin\/index.php?rest_route=\/wp\/v2\/posts\/9630\/revisions"}],"predecessor-version":[{"id":9654,"href":"https:\/\/neantvert.eu\/minorin\/index.php?rest_route=\/wp\/v2\/posts\/9630\/revisions\/9654"}],"wp:attachment":[{"href":"https:\/\/neantvert.eu\/minorin\/index.php?rest_route=%2Fwp%2Fv2%2Fmedia&parent=9630"}],"wp:term":[{"taxonomy":"category","embeddable":true,"href":"https:\/\/neantvert.eu\/minorin\/index.php?rest_route=%2Fwp%2Fv2%2Fcategories&post=9630"},{"taxonomy":"post_tag","embeddable":true,"href":"https:\/\/neantvert.eu\/minorin\/index.php?rest_route=%2Fwp%2Fv2%2Ftags&post=9630"}],"curies":[{"name":"wp","href":"https:\/\/api.w.org\/{rel}","templated":true}]}}