{"id":996,"date":"2013-02-24T16:35:40","date_gmt":"2013-02-24T15:35:40","guid":{"rendered":"http:\/\/neantvert.eu\/minorin\/?p=996"},"modified":"2013-02-24T16:38:59","modified_gmt":"2013-02-24T15:38:59","slug":"sasami-sanganbaranai-07-quand-ce-sont-les-mamans-qui-sen-vont","status":"publish","type":"post","link":"https:\/\/neantvert.eu\/minorin\/?p=996","title":{"rendered":"Sasami-san@Ganbaranai 07 &#8211; Quand ce sont les mamans qui s&rsquo;en vont"},"content":{"rendered":"<div id=\"attachment_999\" style=\"width: 510px\" class=\"wp-caption aligncenter\"><a href=\"http:\/\/neantvert.eu\/minorin\/wp-content\/uploads\/2013\/02\/Sasami0703.jpg\"><img loading=\"lazy\" decoding=\"async\" aria-describedby=\"caption-attachment-999\" class=\"size-medium wp-image-999\" alt=\"Les nouveaux billets \u00e9co de la SNCF, c'est quand m\u00eame sacr\u00e9ment os\u00e9.\" src=\"http:\/\/neantvert.eu\/minorin\/wp-content\/uploads\/2013\/02\/Sasami0703-500x281.jpg\" width=\"500\" height=\"281\" srcset=\"https:\/\/neantvert.eu\/minorin\/wp-content\/uploads\/2013\/02\/Sasami0703-500x281.jpg 500w, https:\/\/neantvert.eu\/minorin\/wp-content\/uploads\/2013\/02\/Sasami0703.jpg 800w\" sizes=\"(max-width: 500px) 100vw, 500px\" \/><\/a><p id=\"caption-attachment-999\" class=\"wp-caption-text\">Les nouveaux billets \u00e9co de la SNCF, c&rsquo;est quand m\u00eame sacr\u00e9ment risqu\u00e9.<\/p><\/div>\n<p>&nbsp;<\/p>\n<p>&nbsp;<\/p>\n[avatar user=\u00a0\u00bbAmo\u00a0\u00bb size=\u00a0\u00bboriginal\u00a0\u00bb align=\u00a0\u00bbleft\u00a0\u00bb link=\u00a0\u00bbhttp:\/\/neantvert.eu\/minorin\/?author=1&Prime;]\n<p><em>Dans les \u00e9pisodes pr\u00e9c\u00e9dents:\u00a0<a href=\"http:\/\/neantvert.eu\/minorin\/?p=54\">\u00c9pisodes\u00a01<\/a>\u00a0;\u00a0<a href=\"http:\/\/neantvert.eu\/minorin\/?p=99\">2<\/a>\u00a0;\u00a0<a href=\"http:\/\/neantvert.eu\/minorin\/?p=147\">3<\/a>\u00a0;\u00a0<a href=\"http:\/\/neantvert.eu\/minorin\/?p=225\">4<\/a>\u00a0;\u00a0<a href=\"http:\/\/neantvert.eu\/minorin\/?p=700\">5<\/a>\u00a0; <a href=\"http:\/\/neantvert.eu\/minorin\/?p=838\">6<\/a><\/em><\/p>\n<p>Lors de la Nocturne de samedi dernier, j&rsquo;ai eu la confirmation (n\u00e9cessaire) que je n&rsquo;\u00e9tais pas le seul \u00e0 consid\u00e9rer Kagami comme le meilleur personnage de cette s\u00e9rie voire m\u00eame de l&rsquo;ensemble de cette saison d&rsquo;anim\u00e9. Et c&rsquo;est dommage parce que le personnage n&rsquo;appara\u00eet encore que tr\u00e8s peu dans l&rsquo;\u00e9pisode de cette semaine, donc du coup on va devoir discuter \u00e0 la place de la relation compliqu\u00e9e entre Sasami, sa m\u00e8re, et ses devoirs devins. Bon, ok, je vais pas nier que l&rsquo;\u00e9pisode pr\u00e9c\u00e9dent se terminait sur un cliffhanger assez haletant.<\/p>\n<p>Donc, ok, on va pas beaucoup parler de Kagami aujourd&rsquo;hui mais tout va bien parce que l&rsquo;\u00e9pisode est tr\u00e8s bien m\u00eame sans \u00e7a.\u00a0<em>OUAIS JE SAIS CA PARA\u00ceT OUF DIT COMME CA.<\/em><\/p>\n<p><b>Sasami-san@Ganbaranai \/\/\u00a0<\/b>Studio SHAFT \/\/ D\u00e9but\u00e9 en Janvier 2013 \/\/ Pr\u00e9vu pour 12 \u00e9pisodes \/\/ R\u00e9alisateur: Akiyuki Shinbo<\/p>\n<p><!--more--><\/p>\n<p><a href=\"http:\/\/neantvert.eu\/minorin\/wp-content\/uploads\/2013\/02\/Sasami0704.jpg\"><img loading=\"lazy\" decoding=\"async\" class=\"aligncenter size-medium wp-image-1000\" alt=\"Sasami0704\" src=\"http:\/\/neantvert.eu\/minorin\/wp-content\/uploads\/2013\/02\/Sasami0704-500x281.jpg\" width=\"500\" height=\"281\" srcset=\"https:\/\/neantvert.eu\/minorin\/wp-content\/uploads\/2013\/02\/Sasami0704-500x281.jpg 500w, https:\/\/neantvert.eu\/minorin\/wp-content\/uploads\/2013\/02\/Sasami0704.jpg 800w\" sizes=\"(max-width: 500px) 100vw, 500px\" \/><\/a><\/p>\n<p style=\"text-align: center;\"><strong>BIEN: Allez, bam, cash apr\u00e8s 4 secondes, un regard en arri\u00e8re la t\u00eate l\u00e9g\u00e8rement inclin\u00e9e.<\/strong><\/p>\n<p style=\"text-align: left;\">On en avait pas beaucoup dans les quatre derniers \u00e9pisodes, voire m\u00eame pas du tout. Du coup c&rsquo;est un plaisir d&rsquo;en retrouver un peu dans cet \u00e9pisode &#8211; ouais j&rsquo;adore toujours autant ce geste de la t\u00eate et du regard. Maintenant le souci c&rsquo;est que dans cet \u00e9pisode on va en avoir autant que dans tous les autres \u00e9pisodes cumul\u00e9s, ce qui est un peu du gavage \u00e9_\u00e8.<\/p>\n<p style=\"text-align: left;\"><a href=\"http:\/\/neantvert.eu\/minorin\/wp-content\/uploads\/2013\/02\/Sasami0705.jpg\"><img loading=\"lazy\" decoding=\"async\" class=\"aligncenter size-medium wp-image-1001\" alt=\"Sasami0705\" src=\"http:\/\/neantvert.eu\/minorin\/wp-content\/uploads\/2013\/02\/Sasami0705-500x281.jpg\" width=\"500\" height=\"281\" srcset=\"https:\/\/neantvert.eu\/minorin\/wp-content\/uploads\/2013\/02\/Sasami0705-500x281.jpg 500w, https:\/\/neantvert.eu\/minorin\/wp-content\/uploads\/2013\/02\/Sasami0705.jpg 800w\" sizes=\"(max-width: 500px) 100vw, 500px\" \/><\/a><\/p>\n<p style=\"text-align: center;\"><strong>BIEN: Petite Sasami est plut\u00f4t cool.<\/strong><\/p>\n<p style=\"text-align: left;\">Le d\u00e9but de l&rsquo;\u00e9pisode est donc un flashback de l&rsquo;enfance de Sasami, \u00e0 l&rsquo;\u00e9poque ou sa m\u00e8re \u00e9tait l\u00e9gitimement vivante. On y d\u00e9couvre une Sasami beaucoup plus active, beaucoup plus fun, tr\u00e8s fana de sentai (vraisemblablement) et une maman beaucoup plus gentille et sympa. Ce que j&rsquo;en retiendrais c&rsquo;est, mis \u00e0 part une exposition assez agr\u00e9able de la relation pass\u00e9e entre Sasami et sa m\u00e8re, et l&rsquo;admiration que celle-ci avait pour elle, et bah Sasami \u00e9tait plut\u00f4t choupie quand elle \u00e9tait gamine. Choupie dans le genre cool et maligne.<\/p>\n<p style=\"text-align: left;\"><a href=\"http:\/\/neantvert.eu\/minorin\/wp-content\/uploads\/2013\/02\/Sasami0706.jpg\"><img loading=\"lazy\" decoding=\"async\" class=\"aligncenter size-medium wp-image-1002\" alt=\"Sasami0706\" src=\"http:\/\/neantvert.eu\/minorin\/wp-content\/uploads\/2013\/02\/Sasami0706-500x281.jpg\" width=\"500\" height=\"281\" srcset=\"https:\/\/neantvert.eu\/minorin\/wp-content\/uploads\/2013\/02\/Sasami0706-500x281.jpg 500w, https:\/\/neantvert.eu\/minorin\/wp-content\/uploads\/2013\/02\/Sasami0706.jpg 800w\" sizes=\"(max-width: 500px) 100vw, 500px\" \/><\/a><\/p>\n<p style=\"text-align: center;\"><strong>BIEN: Kagami est pas morte<\/strong><\/p>\n<p style=\"text-align: center;\">mais<\/p>\n<p style=\"text-align: center;\"><strong>PAS BIEN: Elle est triste \u00e9_\u00e8<\/strong><\/p>\n<p style=\"text-align: left;\"><a href=\"http:\/\/neantvert.eu\/minorin\/wp-content\/uploads\/2013\/02\/FEEL.jpg\"><img loading=\"lazy\" decoding=\"async\" class=\"size-full wp-image-1016\" alt=\"FEEL\" src=\"http:\/\/neantvert.eu\/minorin\/wp-content\/uploads\/2013\/02\/FEEL.jpg\" width=\"100\" height=\"111\" \/><\/a>Je FEEL pour elle.<span style=\"line-height: 14.287878036499023px;\">\u00a0<a href=\"http:\/\/neantvert.eu\/minorin\/wp-content\/uploads\/2013\/02\/FEEL.jpg\"><img loading=\"lazy\" decoding=\"async\" class=\"size-full wp-image-1016\" alt=\"FEEL\" src=\"http:\/\/neantvert.eu\/minorin\/wp-content\/uploads\/2013\/02\/FEEL.jpg\" width=\"100\" height=\"111\" \/><\/a><\/span><\/p>\n<p style=\"text-align: left;\">(A part \u00e7a, j&rsquo;aurais du m&rsquo;y attendre au coup de l&rsquo;auto-r\u00e9paration, je sais pas pourquoi je faisais tant une casserole de sa \u00ab\u00a0mort\u00a0\u00bb dans l&rsquo;\u00e9pisode pr\u00e9c\u00e9dent, c&rsquo;est l&rsquo;animation japonaise personne meurt vraiment, sauf dans Clannad et Evangelion.)<\/p>\n<p style=\"text-align: left;\"><a href=\"http:\/\/neantvert.eu\/minorin\/wp-content\/uploads\/2013\/02\/Sasami0707.jpg\"><img loading=\"lazy\" decoding=\"async\" class=\"aligncenter size-medium wp-image-1003\" alt=\"Sasami0707\" src=\"http:\/\/neantvert.eu\/minorin\/wp-content\/uploads\/2013\/02\/Sasami0707-500x281.jpg\" width=\"500\" height=\"281\" srcset=\"https:\/\/neantvert.eu\/minorin\/wp-content\/uploads\/2013\/02\/Sasami0707-500x281.jpg 500w, https:\/\/neantvert.eu\/minorin\/wp-content\/uploads\/2013\/02\/Sasami0707.jpg 800w\" sizes=\"(max-width: 500px) 100vw, 500px\" \/><\/a><\/p>\n<p style=\"text-align: center;\"><strong>PAS BIEN: C&rsquo;est journ\u00e9e tripoti-tripota inceste au temple Tsukiyomi<\/strong><\/p>\n<p style=\"text-align: left;\">Je met en PAS BIEN un peu par d\u00e9faut parce qu&rsquo;en soit c&rsquo;est pas sp\u00e9cialement un vrai souci d\u00e9sagr\u00e9able et handicapant pour la s\u00e9rie. Grosso merdo, on reprend un peu o\u00f9 on en \u00e9tait dans l&rsquo;\u00e9pisode pr\u00e9c\u00e9dent &#8211; Maman Sasami veut que Sasami redevienne pr\u00eatresse, elle dit toujours non et veut juste qu&rsquo;elle disparaisse, alors Maman Sasami abandonne l&rsquo;id\u00e9e de la voir redevenir pr\u00eatresse et veut d\u00e9sormais juste qu&rsquo;elle s&rsquo;engrosse parce qu&rsquo;au final elle pourra mieux manipuler sa prog\u00e9niture qu&rsquo;elle.<\/p>\n<p style=\"text-align: left;\">Sauf qu&rsquo;\u00e9videmment \u00e7a implique que Sasami se fasse\u00a0<em>son p\u00e8re.<\/em> Et tout ce que Sasami trouve \u00e0 r\u00e9pondre c&rsquo;est n\u00e9gocier et demander si c&rsquo;est pas possible que \u00e7a se fasse plut\u00f4t\u00a0<em>avec son fr\u00e8re<\/em>. Bon apr\u00e8s elle s&rsquo;\u00e9vanouit un peu int\u00e9rieurement mais ouuuugh. Au moins l&rsquo;anime sait qu&rsquo;il est totalement glauque et l&rsquo;assume totalement \u00e9_\u00e8.<\/p>\n<p style=\"text-align: left;\"><a href=\"http:\/\/neantvert.eu\/minorin\/wp-content\/uploads\/2013\/02\/Sasami0708.jpg\"><img loading=\"lazy\" decoding=\"async\" class=\"aligncenter size-medium wp-image-1004\" alt=\"Sasami0708\" src=\"http:\/\/neantvert.eu\/minorin\/wp-content\/uploads\/2013\/02\/Sasami0708-500x281.jpg\" width=\"500\" height=\"281\" srcset=\"https:\/\/neantvert.eu\/minorin\/wp-content\/uploads\/2013\/02\/Sasami0708-500x281.jpg 500w, https:\/\/neantvert.eu\/minorin\/wp-content\/uploads\/2013\/02\/Sasami0708.jpg 800w\" sizes=\"(max-width: 500px) 100vw, 500px\" \/><\/a><\/p>\n<p style=\"text-align: center;\"><strong>BIEN: Encore plus glauque w\u00e9\u00e9\u00e9\u00e9 \\\u00b0o\u00b0\/\u00a0<\/strong><\/p>\n<p style=\"text-align: left;\">Excusez les subs sur certains screens, quelqu&rsquo;un a tripot\u00e9 la configuration de mon logiciel de lecture vid\u00e9o hier et a chang\u00e9 la mani\u00e8re dont MPC prend mes screens (avant il retirait automatiquement les sous-titres.)<\/p>\n<p style=\"text-align: left;\">Bref, Maman Sasami d\u00e9cide de droguer sa fille parce que c&rsquo;est plus facile comme \u00e7a mais comme Sasami a \u00e9t\u00e9 habitu\u00e9e dans sa jeunesse \u00e0 vomir tout ce qu&rsquo;on essayait de lui faire avaler, elle d\u00e9cide de mettre la drogue\u00a0<em>directement dans l&rsquo;estomac y\u00e9\u00e9\u00e9.\u00a0<\/em>Pas s\u00fbr que \u00e7a soit possible \u00e0 faire sans tuer sa fille de mani\u00e8re lente et douloureuse mais on va dire que \u00e7a passe parce qu&rsquo;elle a peut-\u00eatre des pouvoirs super magiques et tout et tout. Enfin bref, le genre de sc\u00e8ne que j&rsquo;aurais jamais imagin\u00e9 dans l&rsquo;anime apr\u00e8s avoir fini l&rsquo;\u00e9pisode 1, tout \u00e7a.<\/p>\n<p style=\"text-align: left;\">Ah et on apprend que le fr\u00e8re est mort. Oh.<\/p>\n<p style=\"text-align: left;\"><a href=\"http:\/\/neantvert.eu\/minorin\/wp-content\/uploads\/2013\/02\/Sasami0709.jpg\"><img loading=\"lazy\" decoding=\"async\" class=\"aligncenter size-medium wp-image-1005\" alt=\"Sasami0709\" src=\"http:\/\/neantvert.eu\/minorin\/wp-content\/uploads\/2013\/02\/Sasami0709-500x281.jpg\" width=\"500\" height=\"281\" srcset=\"https:\/\/neantvert.eu\/minorin\/wp-content\/uploads\/2013\/02\/Sasami0709-500x281.jpg 500w, https:\/\/neantvert.eu\/minorin\/wp-content\/uploads\/2013\/02\/Sasami0709.jpg 800w\" sizes=\"(max-width: 500px) 100vw, 500px\" \/><\/a><\/p>\n<p style=\"text-align: center;\"><strong>BIEN: Le h\u00e9ros sert \u00e0 quelque chose&#8230; et c&rsquo;est pas son fr\u00e8re au final, hein ?<\/strong><\/p>\n<p style=\"text-align: left;\">Alors donc on apprend deux choses: Que le fr\u00e8re est pas mort (bon ok j&rsquo;avoue que j&rsquo;\u00e9tais pas ultra surpris) et qu&rsquo;au final si il est bien le fr\u00e8re de quelqu&rsquo;un&#8230; il n&rsquo;est pas celui de Sasami mais celui de Maman Sasami. Donc au final il est juste\u00a0<em>son oncle<\/em>. C&rsquo;est vrai que jusqu&rsquo;a pr\u00e9sent c&rsquo;\u00e9tait un poil incoh\u00e9rent donc \u00e7a passe mieux. J&rsquo;esp\u00e8re juste qu&rsquo;a la fin ils finiront pas en couple et que le fait qu&rsquo;il soit son oncle\u00a0plut\u00f4t\u00a0que son fr\u00e8re soit pas juste l\u00e0 pour aider tout le monde \u00e0 accepter ce couple plus facilement parce que sortir avec son oncle biologique c&rsquo;est moins d\u00e9gueu que son fr\u00e8re.<\/p>\n<p style=\"text-align: left;\">Mais sinon il est badass pour la premi\u00e8re fois de sa vie, ce qui met la sc\u00e8ne en Bien.<\/p>\n<p style=\"text-align: left;\"><a href=\"http:\/\/neantvert.eu\/minorin\/wp-content\/uploads\/2013\/02\/Sasami0710.jpg\"><img loading=\"lazy\" decoding=\"async\" class=\"aligncenter size-medium wp-image-1006\" alt=\"Sasami0710\" src=\"http:\/\/neantvert.eu\/minorin\/wp-content\/uploads\/2013\/02\/Sasami0710-500x281.jpg\" width=\"500\" height=\"281\" srcset=\"https:\/\/neantvert.eu\/minorin\/wp-content\/uploads\/2013\/02\/Sasami0710-500x281.jpg 500w, https:\/\/neantvert.eu\/minorin\/wp-content\/uploads\/2013\/02\/Sasami0710.jpg 800w\" sizes=\"(max-width: 500px) 100vw, 500px\" \/><\/a><\/p>\n<p style=\"text-align: center;\"><strong>BIEN: Pendant ce temps Kagami sourit en voyant son lapin<\/strong><\/p>\n<p><a href=\"http:\/\/neantvert.eu\/minorin\/wp-content\/uploads\/2013\/02\/FEEL.jpg\"><img loading=\"lazy\" decoding=\"async\" alt=\"FEEL\" src=\"http:\/\/neantvert.eu\/minorin\/wp-content\/uploads\/2013\/02\/FEEL.jpg\" width=\"100\" height=\"111\" \/><\/a>Tout ce FEEL.\u00a0<a href=\"http:\/\/neantvert.eu\/minorin\/wp-content\/uploads\/2013\/02\/FEEL.jpg\"><img loading=\"lazy\" decoding=\"async\" alt=\"FEEL\" src=\"http:\/\/neantvert.eu\/minorin\/wp-content\/uploads\/2013\/02\/FEEL.jpg\" width=\"100\" height=\"111\" \/><\/a><\/p>\n<p><a href=\"http:\/\/neantvert.eu\/minorin\/wp-content\/uploads\/2013\/02\/Sasami0711.jpg\"><img loading=\"lazy\" decoding=\"async\" class=\"aligncenter size-medium wp-image-1007\" alt=\"Sasami0711\" src=\"http:\/\/neantvert.eu\/minorin\/wp-content\/uploads\/2013\/02\/Sasami0711-500x281.jpg\" width=\"500\" height=\"281\" srcset=\"https:\/\/neantvert.eu\/minorin\/wp-content\/uploads\/2013\/02\/Sasami0711-500x281.jpg 500w, https:\/\/neantvert.eu\/minorin\/wp-content\/uploads\/2013\/02\/Sasami0711.jpg 800w\" sizes=\"(max-width: 500px) 100vw, 500px\" \/><\/a><\/p>\n<p style=\"text-align: center;\"><strong>BIEN: Kagami envoie une \u00e9p\u00e9e par colis divin postal avant de s&rsquo;effondrer dans le \u00ab\u00a0Funya~\u00a0\u00bb le plus mignon du monde.<\/strong><\/p>\n<p style=\"text-align: left;\">Dans un commentaire d&rsquo;un des articles pr\u00e9c\u00e9dents, une critique avait \u00e9t\u00e9 formul\u00e9e contre le tic verbal du \u00ab\u00a0Funya~\u00a0\u00bb de Kagami qui, effectivement, fait tr\u00e8s tic verbal un peu mis au chausse-pied pour donner un aspect \u00ab\u00a0moe\u00a0\u00bb au personnage, et qui parfois donne l&rsquo;impression d&rsquo;\u00eatre incompatible avec les dialogues pr\u00e9c\u00e9dents. C&rsquo;est pas forc\u00e9ment faux mais j&rsquo;avoue malgr\u00e9 tout le trouver incroyablement efficace et attachant, mais c&rsquo;est sans doute parce que je suis un fanboy biais\u00e9 incapable de prendre du recul sur un personnage d&rsquo;Hanazawa Kana avec un tic verbal.<\/p>\n<p style=\"text-align: left;\">Mais l\u00e0, pour le coup, c&rsquo;\u00e9tait le meilleur Funya du monde &lt;333.<\/p>\n<p style=\"text-align: left;\"><a href=\"http:\/\/neantvert.eu\/minorin\/wp-content\/uploads\/2013\/02\/Sasami0712.jpg\"><img loading=\"lazy\" decoding=\"async\" class=\"aligncenter size-medium wp-image-1008\" alt=\"Sasami0712\" src=\"http:\/\/neantvert.eu\/minorin\/wp-content\/uploads\/2013\/02\/Sasami0712-500x281.jpg\" width=\"500\" height=\"281\" srcset=\"https:\/\/neantvert.eu\/minorin\/wp-content\/uploads\/2013\/02\/Sasami0712-500x281.jpg 500w, https:\/\/neantvert.eu\/minorin\/wp-content\/uploads\/2013\/02\/Sasami0712.jpg 800w\" sizes=\"(max-width: 500px) 100vw, 500px\" \/><\/a><\/p>\n<p style=\"text-align: center;\"><strong>PAS BIEN: L&rsquo;oncle s&rsquo;\u00e9vade&#8230; mais dans une m\u00e9thode qui rappellerait un \u00e9pisode de Mister Bean.<\/strong><\/p>\n<p style=\"text-align: left;\">Pffrrr dur. La premi\u00e8re partie de l&rsquo;\u00e9pisode \u00e9tait devenue assez s\u00e9rieuse, parfois assez glauque et l\u00e0 soudainement on passe du chaud au froid avec la tentative d&rsquo;\u00e9vasion la plus stupide du monde, o\u00f9 on voit le fr\u00e8re et sa voix de merde faire des bonds pieds et poings li\u00e9s. Il manque juste la musique de Benny Hill et on y est, on est dans un \u00e9pisode de com\u00e9die anglaise du dimanche soir diffus\u00e9e \u00e0 l&rsquo;arrache par France 3. C&rsquo;est pas bon pas bon et \u00e7a ne permet que mieux se rappeller que l&rsquo;humour \u00e9tait de loin l&rsquo;handicap de la s\u00e9rie dans les premiers \u00e9pisodes&#8230; et on esp\u00e8re que \u00e7a reviendra jamais \u00e0 ce niveau l\u00e0.<\/p>\n<p style=\"text-align: center;\"><a href=\"http:\/\/neantvert.eu\/minorin\/wp-content\/uploads\/2013\/02\/Sasami0713.jpg\"><img loading=\"lazy\" decoding=\"async\" class=\"aligncenter size-medium wp-image-1009\" alt=\"Sasami0713\" src=\"http:\/\/neantvert.eu\/minorin\/wp-content\/uploads\/2013\/02\/Sasami0713-500x281.jpg\" width=\"500\" height=\"281\" srcset=\"https:\/\/neantvert.eu\/minorin\/wp-content\/uploads\/2013\/02\/Sasami0713-500x281.jpg 500w, https:\/\/neantvert.eu\/minorin\/wp-content\/uploads\/2013\/02\/Sasami0713.jpg 800w\" sizes=\"(max-width: 500px) 100vw, 500px\" \/><\/a><\/p>\n<p style=\"text-align: center;\"><strong>PAS BIEN: Princesse Tsundere est sauv\u00e9e<\/strong><\/p>\n<p style=\"text-align: left;\">Le h\u00e9ros arrive, sauve la fille, se fait taper, insulter et tout \u00e7a parce qu&rsquo;elle est tsundere. C&rsquo;est nul, c&rsquo;est chiant. Ok, on comprends vite que c&rsquo;est un \u00ab\u00a0jeu\u00a0\u00bb et qu&rsquo;en fait elle est giga reconnaissante et heureuse de le voir encore vivant mais <i>grmflmflddfblr.<\/i><\/p>\n<p style=\"text-align: left;\"><em><a href=\"http:\/\/neantvert.eu\/minorin\/wp-content\/uploads\/2013\/02\/Sasami0714.jpg\"><img loading=\"lazy\" decoding=\"async\" class=\"aligncenter size-medium wp-image-1010\" alt=\"Sasami0714\" src=\"http:\/\/neantvert.eu\/minorin\/wp-content\/uploads\/2013\/02\/Sasami0714-500x281.jpg\" width=\"500\" height=\"281\" srcset=\"https:\/\/neantvert.eu\/minorin\/wp-content\/uploads\/2013\/02\/Sasami0714-500x281.jpg 500w, https:\/\/neantvert.eu\/minorin\/wp-content\/uploads\/2013\/02\/Sasami0714.jpg 800w\" sizes=\"(max-width: 500px) 100vw, 500px\" \/><\/a><\/em><\/p>\n<p style=\"text-align: center;\"><strong>BIEN: Maman Sasami n&rsquo;est pas contente, montre que \u00e7a va chier, et pose devant la lune rougie de sang.<\/strong><\/p>\n<p style=\"text-align: left;\">J&rsquo;adore le plan de l&rsquo;\u00e9peiste qui pose devant une lune gargantuesque et rougie par le sang. Parce que c&rsquo;est ultra cool. Ouais, ultra m\u00e9ga cool. Ouais, tellement super cool.<\/p>\n<p style=\"text-align: left;\">Maintenant revenons deux secondes sur Maman Sasami &#8211; c&rsquo;est une m\u00e9chante r\u00e9ellement bien \u00e9crite. Elle n&rsquo;est pas d\u00e9nou\u00e9e de raisons pour \u00eatre une antagoniste &#8211; elle a \u00e9t\u00e9 \u00e9lev\u00e9e toute sa vie dans un culte de sa profession et de son temple et ne supporte pas de voir sa fille renier les traditions qu&rsquo;elle a toujours d\u00e9fendue pour \u00e0 la place ne rien faire de sa vie et se laisser aller \u00e0 une vie de recluse et de passionn\u00e9e de manga et du net. Par cons\u00e9quent elle doit faire un choix entre sa fille et les traditions pour laquelle elle s&rsquo;est battue toute sa vie et se retrouve \u00e0 favoriser \u00ab\u00a0naturellement\u00a0\u00bb ces traditions qui l&rsquo;ont emp\u00each\u00e9es d&rsquo;avoir sa propre vie.<\/p>\n<p style=\"text-align: left;\">Elle n&rsquo;a pas sp\u00e9cialement tort sur tout (Sasami ne fait r\u00e9ellement pas grand chose de sa vie) et est surtout une bonne personne manipul\u00e9e par des id\u00e9aux et des traditions qui la d\u00e9passent, et vraisemblablement jalouse de la \u00ab\u00a0belle vie\u00a0\u00bb de Sasami, qu&rsquo;elle n&rsquo;a jamais pu avoir.<\/p>\n<p style=\"text-align: left;\">Bref, le personnage est bon. C&rsquo;est chouette.<i><br \/>\n<\/i><\/p>\n<p style=\"text-align: left;\"><a href=\"http:\/\/neantvert.eu\/minorin\/wp-content\/uploads\/2013\/02\/Sasami0715.jpg\"><img loading=\"lazy\" decoding=\"async\" class=\"aligncenter size-medium wp-image-1011\" alt=\"Sasami0715\" src=\"http:\/\/neantvert.eu\/minorin\/wp-content\/uploads\/2013\/02\/Sasami0715-500x281.jpg\" width=\"500\" height=\"281\" srcset=\"https:\/\/neantvert.eu\/minorin\/wp-content\/uploads\/2013\/02\/Sasami0715-500x281.jpg 500w, https:\/\/neantvert.eu\/minorin\/wp-content\/uploads\/2013\/02\/Sasami0715.jpg 800w\" sizes=\"(max-width: 500px) 100vw, 500px\" \/><\/a><\/p>\n<p style=\"text-align: center;\"><strong>BIEN ET PAS BIEN: Ton deus ex machina, c&rsquo;est Blondinette.<\/strong><\/p>\n<p style=\"text-align: left;\">Bon au moins Sasami-san a pour\u00a0<em>deus<\/em> ex machina une\u00a0<em>d\u00e9esse<\/em>, ce qui est bien. C&rsquo;est vrai que c&rsquo;est un sch\u00e9ma peut-\u00eatre un peu r\u00e9p\u00e9titif maintenant dans cet anime: tout va mal, les trois d\u00e9esses d\u00e9barquent et hop plus de probl\u00e8mes. L&rsquo;\u00e9pisode 6 avait \u00e9t\u00e9 tr\u00e8s surprenant justement en brisant ce sch\u00e9ma comme ma mamy brise les nuques des lapins pour faire du civet. Les trois d\u00e9esses s&rsquo;\u00e9taient faites botter le cul et surprise g\u00e9n\u00e9rale.<\/p>\n<p style=\"text-align: left;\">En soit c&rsquo;est BIEN parce que le personnage de Blondinette gagne pas mal en cr\u00e9dibilit\u00e9 et en charisme &#8211; elle se d\u00e9veloppe un peu, on la sait maintenant aussi voire plus puissante que ses deux soeurs et c&rsquo;est une bonne chose. Apr\u00e8s, c&rsquo;est MOINS BIEN parce que je comprends pas trop au final ce qui fait que Maman Sasami peut d\u00e9truire sans sourciller ses deux soeurs mais se faire d\u00e9molir la gueule fa\u00e7on Undertaker par la derni\u00e8re juste parce que cette derni\u00e8re se sent soudainement\u00a0<em>confiante en elle.<\/em> On remplace un deus ex machina par un autre. C&rsquo;est un peu tristounet.<\/p>\n<p style=\"text-align: left;\"><a href=\"http:\/\/neantvert.eu\/minorin\/wp-content\/uploads\/2013\/02\/Sasami0716.jpg\"><img loading=\"lazy\" decoding=\"async\" class=\"aligncenter size-medium wp-image-1012\" alt=\"Sasami0716\" src=\"http:\/\/neantvert.eu\/minorin\/wp-content\/uploads\/2013\/02\/Sasami0716-500x281.jpg\" width=\"500\" height=\"281\" srcset=\"https:\/\/neantvert.eu\/minorin\/wp-content\/uploads\/2013\/02\/Sasami0716-500x281.jpg 500w, https:\/\/neantvert.eu\/minorin\/wp-content\/uploads\/2013\/02\/Sasami0716.jpg 800w\" sizes=\"(max-width: 500px) 100vw, 500px\" \/><\/a><\/p>\n<p style=\"text-align: center;\"><strong>BIEN: Mais ok, quand Blondinette s&rsquo;\u00e9nerve, elle y va pas \u00e0 moiti\u00e9.<\/strong><\/p>\n<p style=\"text-align: left;\">Il lui suffit de toucher Maman Sasami\u00a0<em>pour faire dispara\u00eetre la partie touch\u00e9e, oh putain ok quoi.<\/em><\/p>\n<p style=\"text-align: left;\">J&rsquo;appr\u00e9cie le fait que la violence soit pas trop \u00ab\u00a0cach\u00e9e.\u00a0\u00bb L\u00e0 bam bras en moins = bras en moins. Et ainsi dispara\u00eet Maman Sasami, emport\u00e9e dans le monde des enfers par la soeur fana d&rsquo;eroge.<\/p>\n<p style=\"text-align: left;\"><a href=\"http:\/\/neantvert.eu\/minorin\/wp-content\/uploads\/2013\/02\/Sasami0717.jpg\"><img loading=\"lazy\" decoding=\"async\" class=\"aligncenter size-medium wp-image-1013\" alt=\"Sasami0717\" src=\"http:\/\/neantvert.eu\/minorin\/wp-content\/uploads\/2013\/02\/Sasami0717-500x281.jpg\" width=\"500\" height=\"281\" srcset=\"https:\/\/neantvert.eu\/minorin\/wp-content\/uploads\/2013\/02\/Sasami0717-500x281.jpg 500w, https:\/\/neantvert.eu\/minorin\/wp-content\/uploads\/2013\/02\/Sasami0717.jpg 800w\" sizes=\"(max-width: 500px) 100vw, 500px\" \/><\/a><\/p>\n<p style=\"text-align: center;\"><strong>BIEN: PANDA \\O\/<\/strong><\/p>\n<p style=\"text-align: left;\">Tout est mieux avec des pandas.<\/p>\n<p style=\"text-align: left;\">\\O\/ PANDA \\O\/.<\/p>\n<p style=\"text-align: center;\"><a href=\"http:\/\/neantvert.eu\/minorin\/wp-content\/uploads\/2013\/02\/Sasami0718.jpg\"><img loading=\"lazy\" decoding=\"async\" class=\"aligncenter size-medium wp-image-1014\" alt=\"Sasami0718\" src=\"http:\/\/neantvert.eu\/minorin\/wp-content\/uploads\/2013\/02\/Sasami0718-500x281.jpg\" width=\"500\" height=\"281\" srcset=\"https:\/\/neantvert.eu\/minorin\/wp-content\/uploads\/2013\/02\/Sasami0718-500x281.jpg 500w, https:\/\/neantvert.eu\/minorin\/wp-content\/uploads\/2013\/02\/Sasami0718.jpg 800w\" sizes=\"(max-width: 500px) 100vw, 500px\" \/><\/a><strong>BIEN: La fin r\u00e9ussie \u00e0 \u00eatre un peu \u00e9mouvante<\/strong><\/p>\n<p style=\"text-align: left;\">C&rsquo;est un coup facile pour des larmes faciles, oui: on d\u00e9couvre que Maman Sasami avait toujours sur elle le lapin qu&rsquo;elle avait \u00ab\u00a0obtenue\u00a0\u00bb lors de la journ\u00e9e pass\u00e9e avec sa fille, preuve qu&rsquo;elle ne rejetait au final pas tellement tout ce fun et qu&rsquo;elle tenait encore beaucoup \u00e0 Sasami, malgr\u00e9 tout ce qu&rsquo;elle pouvait dire.<\/p>\n<p style=\"text-align: left;\">On esp\u00e8re un joli\u00a0<em>face turn<\/em> de la maman avant la fin de la s\u00e9rie.<\/p>\n<p style=\"text-align: left;\"><a href=\"http:\/\/neantvert.eu\/minorin\/wp-content\/uploads\/2013\/02\/Sasami0719.jpg\"><img loading=\"lazy\" decoding=\"async\" class=\"aligncenter size-medium wp-image-1015\" alt=\"Sasami0719\" src=\"http:\/\/neantvert.eu\/minorin\/wp-content\/uploads\/2013\/02\/Sasami0719-500x281.jpg\" width=\"500\" height=\"281\" srcset=\"https:\/\/neantvert.eu\/minorin\/wp-content\/uploads\/2013\/02\/Sasami0719-500x281.jpg 500w, https:\/\/neantvert.eu\/minorin\/wp-content\/uploads\/2013\/02\/Sasami0719.jpg 800w\" sizes=\"(max-width: 500px) 100vw, 500px\" \/><\/a><\/p>\n<p style=\"text-align: center;\"><strong>PAS BIEN: Non mais.<\/strong><\/p>\n<p style=\"text-align: left;\">Avec cet ending je vais passer par toutes les phases du deuil. L\u00e0 je suis pass\u00e9 par la n\u00e9gation et la col\u00e8re, je vais passer \u00e0 la phase de la n\u00e9gociation de mani\u00e8re quasi imminente.<\/p>\n<p style=\"text-align: left;\">S&rsquo;il te pla\u00eet Shaft, arr\u00eate de foutre en l&rsquo;air ton propre ending, s&rsquo;il te pla\u00eet, fais le chanter par des vrais gens, je t&rsquo;en conjure, je ferais n&rsquo;importe quoi \u00e9_\u00e8.<\/p>\n<p style=\"text-align: left;\"><strong>CONCLUSION DE L&rsquo;\u00c9PISODE: 15<\/strong>\/20<\/p>\n<p style=\"text-align: left;\">\u00ab\u00a0L&rsquo;arc\u00a0\u00bb se termine bien, et c&rsquo;est le plus important. Je regrette juste que la baston finale soit juste un simple deus ex machina de plus et c&rsquo;est ce qui m&#8217;emp\u00eache d&rsquo;\u00eatre totalement satisfait. Mais apr\u00e8s, cet \u00e9pisode montre que la s\u00e9rie arrive \u00e0 \u00eatre int\u00e9ressante et bien \u00e9crite quand elle veut \u00eatre s\u00e9rieuse (et que toutes les sc\u00e8nes impliquant le h\u00e9ros et son humour de chie ne font que tra\u00eener tout vers le bas.)<\/p>\n","protected":false},"excerpt":{"rendered":"<p>&nbsp; &nbsp; [avatar user=\u00a0\u00bbAmo\u00a0\u00bb size=\u00a0\u00bboriginal\u00a0\u00bb align=\u00a0\u00bbleft\u00a0\u00bb link=\u00a0\u00bbhttp:\/\/neantvert.eu\/minorin\/?author=1&Prime;] Dans les \u00e9pisodes pr\u00e9c\u00e9dents:\u00a0\u00c9pisodes\u00a01\u00a0;\u00a02\u00a0;\u00a03\u00a0;\u00a04\u00a0;\u00a05\u00a0; 6 Lors de la Nocturne de samedi dernier, j&rsquo;ai eu la confirmation (n\u00e9cessaire) que je n&rsquo;\u00e9tais pas le seul \u00e0 consid\u00e9rer Kagami comme le meilleur personnage de cette s\u00e9rie voire m\u00eame de l&rsquo;ensemble de cette saison d&rsquo;anim\u00e9. Et c&rsquo;est dommage parce que le personnage [&hellip;]<\/p>\n","protected":false},"author":1,"featured_media":0,"comment_status":"open","ping_status":"closed","sticky":false,"template":"","format":"standard","meta":{"ngg_post_thumbnail":0,"jetpack_post_was_ever_published":false,"_jetpack_newsletter_access":"","_jetpack_dont_email_post_to_subs":false,"_jetpack_newsletter_tier_id":0,"_jetpack_memberships_contains_paywalled_content":false,"_jetpack_memberships_contains_paid_content":false,"footnotes":"","jetpack_publicize_message":"","jetpack_publicize_feature_enabled":true,"jetpack_social_post_already_shared":false,"jetpack_social_options":{"image_generator_settings":{"template":"highway","enabled":false},"version":2}},"categories":[1],"tags":[13,10,11],"class_list":["post-996","post","type-post","status-publish","format-standard","hentry","category-frais","tag-de-15","tag-hiver-2013","tag-sasami-sanganbaranai"],"jetpack_publicize_connections":[],"jetpack_featured_media_url":"","jetpack_sharing_enabled":true,"jetpack_shortlink":"https:\/\/wp.me\/p4IbxV-g4","_links":{"self":[{"href":"https:\/\/neantvert.eu\/minorin\/index.php?rest_route=\/wp\/v2\/posts\/996"}],"collection":[{"href":"https:\/\/neantvert.eu\/minorin\/index.php?rest_route=\/wp\/v2\/posts"}],"about":[{"href":"https:\/\/neantvert.eu\/minorin\/index.php?rest_route=\/wp\/v2\/types\/post"}],"author":[{"embeddable":true,"href":"https:\/\/neantvert.eu\/minorin\/index.php?rest_route=\/wp\/v2\/users\/1"}],"replies":[{"embeddable":true,"href":"https:\/\/neantvert.eu\/minorin\/index.php?rest_route=%2Fwp%2Fv2%2Fcomments&post=996"}],"version-history":[{"count":5,"href":"https:\/\/neantvert.eu\/minorin\/index.php?rest_route=\/wp\/v2\/posts\/996\/revisions"}],"predecessor-version":[{"id":1026,"href":"https:\/\/neantvert.eu\/minorin\/index.php?rest_route=\/wp\/v2\/posts\/996\/revisions\/1026"}],"wp:attachment":[{"href":"https:\/\/neantvert.eu\/minorin\/index.php?rest_route=%2Fwp%2Fv2%2Fmedia&parent=996"}],"wp:term":[{"taxonomy":"category","embeddable":true,"href":"https:\/\/neantvert.eu\/minorin\/index.php?rest_route=%2Fwp%2Fv2%2Fcategories&post=996"},{"taxonomy":"post_tag","embeddable":true,"href":"https:\/\/neantvert.eu\/minorin\/index.php?rest_route=%2Fwp%2Fv2%2Ftags&post=996"}],"curies":[{"name":"wp","href":"https:\/\/api.w.org\/{rel}","templated":true}]}}